{"id":6707,"date":"2026-06-02T08:19:23","date_gmt":"2026-06-02T05:19:23","guid":{"rendered":"https:\/\/imgist.ru\/rezhisser-filma-zagovor-s-velom-kilmerom-v-glavnoj-roli-zayavil-chto-pokojnyj-akter-byl-hudshim-chelovekom-kotorogo-ya-kogda-libo-znal\/"},"modified":"2026-08-29T11:55:48","modified_gmt":"2026-08-29T08:55:48","slug":"der-regisseur-des-films-conspiracy-mit-vel-kilmer-in-der-hauptrolle-sagte-der-verstorbene-schauspieler-sei-der-dunnste-mann-gewesen-den-er-je-gekannt-habe","status":"publish","type":"post","link":"https:\/\/imgist.ru\/de\/rezhisser-filma-zagovor-s-velom-kilmerom-v-glavnoj-roli-zayavil-chto-pokojnyj-akter-byl-hudshim-chelovekom-kotorogo-ya-kogda-libo-znal\/","title":{"rendered":"Der Regisseur des Films \u00abConspiracy\u00bb, in dem Val Kilmer die Hauptrolle spielte, sagte, der verstorbene Schauspieler sei \u00abder schlimmste Mensch gewesen, den ich je kannte\u00bb."},"content":{"rendered":"<h3>WICHTIG ZU WISSEN<\/h3>\n<ul>\n<li>\n<p> Regisseur Adam Marcus bezeichnete Val Kilmer in einem Social-Media-Beitrag als \u00abden schlimmsten Menschen\u00bb, mit dem er je zusammengearbeitet habe.<\/p>\n<\/li>\n<li>\n<p> Kilmer starb am 1. April 2025 an einer Lungenentz\u00fcndung.<\/p>\n<\/li>\n<li>\n<p> In seinem Dokumentarfilm aus dem Jahr 2021 <em>\u00abVal\u00bb<\/em> Der Schauspieler r\u00e4umte sein fr\u00fcheres unangemessenes Verhalten ein, sagte aber, er bereue nichts.<\/p>\n<\/li>\n<\/ul>\n<p> Regisseur Adam Marcus kritisiert Val Kilmer mehr als ein Jahr nach dem Tod des Schauspielers.<\/p>\n<p> Am 31. Mai teilte der 58-j\u00e4hrige Marcus seine Eindr\u00fccke von der Zusammenarbeit mit Kilmer w\u00e4hrend der Dreharbeiten zu dem Actionfilm mit.\u00ab <em>VERSCHW\u00d6RUNG&quot;\u00bb<\/em> 2008.<\/p>\n<p> \u00ab#MicroIntellectMonday \u2013 damals, als ich diesen Typen Regie f\u00fchrte. Den, der Iceman und Doc Holliday gespielt hat. Ihr wisst, wen ich meine\u00bb, schrieb Marcus auf Threads, wie berichtet wurde. <em>Entertainment Weekly<\/em> . \u00abHier \u00fcben wir also mit diesem Idioten unsere F\u00e4higkeiten am Set des Films \u00abConspiracy\u00bb. Ja, das ist wirklich passiert.\u00bb.<\/p>\n<p> Im Film &quot;\u00ab <em>VERSCHW\u00d6RUNG<\/em> \u00bbKilmer spielt William \u00abSpooky\u00bb McPherson, einen kriegsversehrten Irak-Veteranen, der nach Arizona reist, um einen alten Freund zu besuchen. Als er feststellt, dass sein Freund und dessen Familie auf mysteri\u00f6se Weise verschwunden sind (und die Einheimischen ihre Existenz leugnen), deckt McPherson eine Verschw\u00f6rung von Konzernen auf, die es auf illegale Einwanderer abgesehen haben. <\/p>\n<p> Val Kilmer besucht am 20. Juli 2019 das Hauptquartier der Vereinten Nationen in New York. Foto: EuropaNewswire\/Gado\/Getty<\/p>\n<p> Marcus lie\u00df die Gelegenheit nicht ungenutzt, sich zu Wort zu melden, offenbar in Erwartung der negativen Reaktion auf die Kritik des Stars. <em>\u00abTop Gun\u00bb<\/em> Nach seinem Tod am 1. April 2025 infolge einer Lungenentz\u00fcndung bekr\u00e4ftigte der Regisseur seine Worte erneut.<\/p>\n<p> \u00abUnd an alle, die jetzt die Augen verdrehen angesichts dieses ganzen Quatsches \u201eMan soll nicht schlecht \u00fcber die Toten reden\u201c: Schei\u00df drauf!\u00bb, sagte er. \u00abH\u00e4tte der Typ auch nur ein Zehntel von dem gemacht, was er heute bei mir am Set abgezogen hat, w\u00e4re er sofort gecancelt worden.\u00bb.<\/p>\n<p> \u00abDer schlimmste Mensch, den ich je kennengelernt habe\u2026 und das will schon was hei\u00dfen\u00bb, schloss Marcus.<\/p>\n<p> Marcus&#039; Beitr\u00e4ge wurden inzwischen gel\u00f6scht.<\/p>\n<p> Seine \u00c4u\u00dferungen tragen zu einer seit Langem andauernden Debatte \u00fcber Kilmers Ruf am Set bei. Im Laufe der Jahre haben mehrere Filmemacher den Schauspieler \u00f6ffentlich als schwierig im Umgang beschrieben.<\/p>\n<p> Nachdem Joel Schumacher Kilmer besetzt hatte <em>im Film &quot;Batman Forever&quot;\u00ab<\/em> 1995, in einem Interview <em>Entertainment Weekly<\/em> 1996 bezeichnete er ihn als \u00abkindisch und unertr\u00e4glich\u00bb und \u00abpsychisch ungesund\u00bb. Auch Regisseur John Frankenheimer erkl\u00e4rte nach ihrer Zusammenarbeit an \u201eThe Movie\u201c nie wieder mit Kilmer zusammenzuarbeiten. <em>der Film \u00abDie Insel des Dr. Moreau\u00bb<\/em> . <\/p>\n<p> Val Kilmer besuchte 2013 die 23. j\u00e4hrliche Benefizveranstaltung \u201eSimply Shakespeare\u201c. Foto: Jason LaVeris\/FilmMagic<\/p>\n<p> Im Jahr 2003 reagierte Kilmer in einem Interview auf diese Kritik. <em>Rolling Stone<\/em> . \u00abIch war in meiner Gesch\u00e4ftspraxis nachl\u00e4ssig. Aber ich glaube, Wahrheit ist Wahrheit und L\u00fcge ist L\u00fcge\u00bb, sagte Kilmer. \u00abFrankenheimer, Gott hab ihn selig, ist tot, aber er war bekannt daf\u00fcr, gemein zu anderen zu sein.\u00bb.<\/p>\n<p> In der Dokumentation von 2021 <em>\u00abVal\u00bb<\/em> , Diese Seite ist Betrachtungen \u00fcber das Leben und die Karriere des Schauspielers Kilmer gewidmet. <em>aus Tombstone<\/em> Ich bin auf dieses Thema zur\u00fcckgekommen.<\/p>\n<p> \u00abIch war schlecht. Ich war mutig. Ich habe mich manchen Leuten gegen\u00fcber seltsam verhalten\u00bb, sagte Kilmer. \u00abIch leugne nichts davon und bereue nichts, denn ich habe Seiten an mir entdeckt und verloren, von denen ich nie wusste, dass sie existieren. Und daf\u00fcr bin ich dankbar.\u00bb.<\/p>\n<p> Lesen Sie den Originalartikel auf People.<\/p>","protected":false},"excerpt":{"rendered":"<p>WICHTIG ZU WISSEN: Regisseur Adam Marcus bezeichnete Val Kilmer in einem Social-Media-Beitrag als \u00abden schlimmsten Menschen\u00bb, mit dem er je zusammengearbeitet habe. Kilmer starb an \u2026<\/p>","protected":false},"author":1,"featured_media":6708,"comment_status":"open","ping_status":"closed","sticky":false,"template":"","format":"standard","meta":{"footnotes":""},"categories":[5],"tags":[],"class_list":["post-6707","post","type-post","status-publish","format-standard","has-post-thumbnail","hentry","category-selebriti","hvn-theme-has-thumbnail"],"_links":{"self":[{"href":"https:\/\/imgist.ru\/de\/wp-json\/wp\/v2\/posts\/6707","targetHints":{"allow":["GET"]}}],"collection":[{"href":"https:\/\/imgist.ru\/de\/wp-json\/wp\/v2\/posts"}],"about":[{"href":"https:\/\/imgist.ru\/de\/wp-json\/wp\/v2\/types\/post"}],"author":[{"embeddable":true,"href":"https:\/\/imgist.ru\/de\/wp-json\/wp\/v2\/users\/1"}],"replies":[{"embeddable":true,"href":"https:\/\/imgist.ru\/de\/wp-json\/wp\/v2\/comments?post=6707"}],"version-history":[{"count":2,"href":"https:\/\/imgist.ru\/de\/wp-json\/wp\/v2\/posts\/6707\/revisions"}],"predecessor-version":[{"id":150546,"href":"https:\/\/imgist.ru\/de\/wp-json\/wp\/v2\/posts\/6707\/revisions\/150546"}],"wp:featuredmedia":[{"embeddable":true,"href":"https:\/\/imgist.ru\/de\/wp-json\/wp\/v2\/media\/6708"}],"wp:attachment":[{"href":"https:\/\/imgist.ru\/de\/wp-json\/wp\/v2\/media?parent=6707"}],"wp:term":[{"taxonomy":"category","embeddable":true,"href":"https:\/\/imgist.ru\/de\/wp-json\/wp\/v2\/categories?post=6707"},{"taxonomy":"post_tag","embeddable":true,"href":"https:\/\/imgist.ru\/de\/wp-json\/wp\/v2\/tags?post=6707"}],"curies":[{"name":"wp","href":"https:\/\/api.w.org\/{rel}","templated":true}]}}