{"id":68,"date":"2026-05-29T12:40:36","date_gmt":"2026-05-29T09:40:36","guid":{"rendered":"https:\/\/imgist.ru\/syn-andzheliny-dzholi-i-breda-pitta-meddoks-oficzialno-smenit-familiyu\/"},"modified":"2026-05-29T12:40:36","modified_gmt":"2026-05-29T09:40:36","slug":"angelina-jolie-und-breda-pittas-sohn-maddox-wird-seinen-nachnamen-offiziell-andern","status":"publish","type":"post","link":"https:\/\/imgist.ru\/de\/syn-andzheliny-dzholi-i-breda-pitta-meddoks-oficzialno-smenit-familiyu\/","title":{"rendered":"Angelina Jolie und Brad Pitts Sohn Maddox wird seinen Nachnamen offiziell \u00e4ndern."},"content":{"rendered":"<p>Maddox Jolie-Pitt, der Sohn von Angelina Jolie und Brad Pitt, plant, seinen Nachnamen offiziell zu \u00e4ndern. Wie TMZ am Donnerstag berichtete, hat der 24-j\u00e4hrige S\u00e4nger die entsprechenden Unterlagen eingereicht, um den Nachnamen \u00abPitt\u00bb legal aus seinem Namen entfernen zu lassen.<\/p>\n<p> Laut der Ver\u00f6ffentlichung m\u00f6chte Maddox von nun an als \u00abMaddox Chivana Jolie\u00bb bekannt sein.<\/p>\n<p> Es ist unklar, wie lange die Bearbeitung dieses Antrags dauern wird.<\/p>\n<p> Angelina adoptierte Maddox im M\u00e4rz 2002 im Alter von sieben Monaten aus einem Waisenhaus in Kambodscha und adoptierte drei Jahre sp\u00e4ter auch die 21-j\u00e4hrige Zahara aus \u00c4thiopien. <\/p>\n<p> Als Angelina und Brad jedoch ein Paar wurden, k\u00fcndigte der Formel-1-Star seine Absicht an, ihre beiden Kinder zu adoptieren, und reichte Unterlagen ein, um deren Nachnamen in Jolie-Pitt zu \u00e4ndern, was Anfang 2006 genehmigt wurde.<\/p>\n<p> Das ehemalige Paar adoptierte 2007 auch den 22-j\u00e4hrigen Sohn Pax Tien und ist Eltern von drei leiblichen Kindern: der 20-j\u00e4hrigen Shiloh und den 17-j\u00e4hrigen Zwillingen Knox und Vivienne.<\/p>\n<p> Angelina und Brad trennten sich jedoch 2016 nach zwei Jahren Ehe. Die \u00abMaleficent\u00bb-Darstellerin gab in ihrer Scheidungsklage \u00abun\u00fcberbr\u00fcckbare Differenzen\u00bb an.<\/p>\n<p> Im Jahr 2019 wurden beide offiziell f\u00fcr ledig erkl\u00e4rt, befinden sich aber weiterhin in einem erbitterten Rechtsstreit um gemeinsames Eigentum und Gesch\u00e4ftsinteressen, darunter ein Weingut in Frankreich. <\/p>\n<p> Und Maddox ist nicht das einzige Kind in der Familie, das sich von seinem Vater distanzieren m\u00f6chte.<\/p>\n<p> Im Jahr 2023 gab sich Zahara bei ihrer Aufnahmezeremonie in die Studentenverbindung am Spelman College in Atlanta den Namen \u00abZahara Marley Jolie\u00bb, und im darauffolgenden Jahr leitete Shiloh ein Gerichtsverfahren ein, um ihren Namen von \u00abShiloh Nouvel Jolie-Pitt\u00bb in \u00abShiloh Nouvel Jolie\u00bb zu \u00e4ndern.<\/p>\n<p> Die Verantwortlichen der Universit\u00e4t Pittsburgh haben sich noch nicht \u00f6ffentlich zu der Namens\u00e4nderung ge\u00e4u\u00dfert.<\/p>","protected":false},"excerpt":{"rendered":"<p>Maddox Jolie-Pitt, der Sohn von Angelina Jolie und Brad Pitt, plant, seinen Nachnamen offiziell zu \u00e4ndern. Am Donnerstag berichtete TMZ, dass der 24-j\u00e4hrige S\u00e4nger die entsprechenden Unterlagen eingereicht hat\u2026<\/p>","protected":false},"author":1,"featured_media":0,"comment_status":"open","ping_status":"closed","sticky":false,"template":"","format":"standard","meta":{"footnotes":""},"categories":[5],"tags":[],"class_list":["post-68","post","type-post","status-publish","format-standard","hentry","category-selebriti"],"_links":{"self":[{"href":"https:\/\/imgist.ru\/de\/wp-json\/wp\/v2\/posts\/68","targetHints":{"allow":["GET"]}}],"collection":[{"href":"https:\/\/imgist.ru\/de\/wp-json\/wp\/v2\/posts"}],"about":[{"href":"https:\/\/imgist.ru\/de\/wp-json\/wp\/v2\/types\/post"}],"author":[{"embeddable":true,"href":"https:\/\/imgist.ru\/de\/wp-json\/wp\/v2\/users\/1"}],"replies":[{"embeddable":true,"href":"https:\/\/imgist.ru\/de\/wp-json\/wp\/v2\/comments?post=68"}],"version-history":[{"count":0,"href":"https:\/\/imgist.ru\/de\/wp-json\/wp\/v2\/posts\/68\/revisions"}],"wp:attachment":[{"href":"https:\/\/imgist.ru\/de\/wp-json\/wp\/v2\/media?parent=68"}],"wp:term":[{"taxonomy":"category","embeddable":true,"href":"https:\/\/imgist.ru\/de\/wp-json\/wp\/v2\/categories?post=68"},{"taxonomy":"post_tag","embeddable":true,"href":"https:\/\/imgist.ru\/de\/wp-json\/wp\/v2\/tags?post=68"}],"curies":[{"name":"wp","href":"https:\/\/api.w.org\/{rel}","templated":true}]}}