{"id":7034,"date":"2026-06-02T14:20:10","date_gmt":"2026-06-02T11:20:10","guid":{"rendered":"https:\/\/imgist.ru\/princz-garri-naslazhdaetsya-vecherom-v-odinochestve-v-preddverii-dnya-rozhdeniya-princzessy-lilibet\/"},"modified":"2026-08-29T11:56:26","modified_gmt":"2026-08-29T08:56:26","slug":"prinz-harry-geniest-einen-abend-allein-vor-prinzessin-lilys-geburtstag","status":"publish","type":"post","link":"https:\/\/imgist.ru\/de\/princz-garri-naslazhdaetsya-vecherom-v-odinochestve-v-preddverii-dnya-rozhdeniya-princzessy-lilibet\/","title":{"rendered":"Prinz Harry genie\u00dft einen Abend allein vor Prinzessin Lilibets Geburtstag."},"content":{"rendered":"<p>Prinz Harry gibt sich oft als liebevoller Vater, doch der Herzog von Sussex verbrachte den Montagabend allein und begab sich zum San Laurel Hotel in Conrad, Los Angeles, zur Ver\u00f6ffentlichung seines neuen Buches.<\/p>\n<p> Harry war einer der G\u00e4ste bei der Pr\u00e4sentation des neuen Kochbuchs des ber\u00fchmten K\u00fcchenchefs Jos\u00e9 Andr\u00e9s. <em>\u00ab&quot;Spanien meiner Meinung nach&quot;\u00bb<\/em> , das seiner langen Karriere gewidmet ist und Rezepte aus seiner Heimat enth\u00e4lt.<\/p>\n<p> Bei der Veranstaltung wurde der Prinz in einem eleganten dunkelblauen Anzug gesichtet und l\u00e4chelte, als er mit dem bekannten Koch f\u00fcr ein Foto posierte. Der 41-j\u00e4hrige Harry sah mit seinem gepflegten Bart und dem kurzen Haarschnitt sehr gut aus.<\/p>\n<p> Zu den G\u00e4sten z\u00e4hlten au\u00dferdem Dirigent Gustavo Dudamel, Journalistin Maria Shriver, Schauspielerin Kyra Sedgwick, Schauspieler Tyler James Williams sowie die K\u00f6che Wolfgang Puck und Roy Choi. <\/p>\n<p> Harry verbrachte einen wundervollen Abend in Gesellschaft von Jose (Jason Shaun Weiss).<\/p>\n<p> Harrys Solo-Ausflug findet nur wenige Tage vor dem f\u00fcnften Geburtstag seiner Tochter, Prinzessin Lilibet, statt, den der zweifache Vater am Donnerstag feiert. Letztes Jahr erlebte das M\u00e4dchen einen unvergesslichen Geburtstag, als ihre Eltern sie nach Disneyland mitnahmen.<\/p>\n<p> Im Rahmen einer Veranstaltung zum 70-j\u00e4hrigen Jubil\u00e4um des Themenparks sprach Harry \u00fcber die Reaktion von Lilibet und Prinz Archie bei ihrem Besuch im Park, der als \u00abDer gl\u00fccklichste Ort der Welt\u00bb bezeichnet wird.<\/p>\n<p> \u00abSie sind total begeistert und rufen: \u201eDas ist ja der Wahnsinn!\u201c Und dann: \u201eLeute, da kommt noch mehr! Macht euch bereit! Ihr werdet umgehauen!\u201c\u00bb, sagte er. \u201eEs ist unglaublich zu sehen, wie die Kinder in diese Events eintauchen, ohne \u00fcberhaupt zu ahnen, was sie erwartet. Und es weckt auch das innere Kind in einem selbst wieder.\u201c.<\/p>\n<h2> Meghan Markles j\u00fcngste Solo-Reise<\/h2>\n<p> Harry ist nicht das einzige Familienmitglied, das in letzter Zeit alleine verreist ist: Seine Frau Meghan Markle flog letzten Monat in die Schweiz. Meghan reiste in das europ\u00e4ische Land, um an der Er\u00f6ffnungszeremonie des \u00abLost Screen\u00bb-Mahnmals auf dem Place des Nations in Genf teilzunehmen.<\/p>\n<p> Die von der Weltgesundheitsorganisation und Archewell Philanthropies organisierte Installation besteht aus 50 beleuchteten K\u00e4stchen, von denen jedes das Bild eines Kindes zeigt, das infolge von Online- und digitalem Missbrauch gestorben ist und auf seinem Sperrbildschirm aufgenommen wurde. <\/p>\n<p> Meghan reiste k\u00fcrzlich in die Schweiz (Getty Images).<\/p>\n<p> Auch Meghan w\u00e4hlte einen Look, der der Feierlichkeit des Anlasses angemessen war: einen schwarzen Hosenanzug und zu einem strengen Dutt zur\u00fcckgebundenes Haar; der einzige helle Akzent war ihre Diamant- und Smaragdkette von Logan Hollowell.<\/p>\n<p> \u00abHinter mir steht das Denkmal f\u00fcr die verlorenen Bildschirme\u00ab, begann die zweifache Mutter. \u00bbKeine Statistiken. Keine Avatare. Keine Daten. Kinder. Jeder Name geh\u00f6rte einem Kind, das unermesslich geliebt wurde. Einem Kind, dessen Lachen einst die K\u00fcche erf\u00fcllte. Dessen Schuhe einst vor der Haust\u00fcr warteten. Dessen Zukunft einst grenzenlos schien.\u00bb.<\/p>\n<h3> Das k\u00f6nnte Ihnen auch gefallen<\/h3>\n<ol>\n<li>\n<h3> Prinz Harry bedauerte das erste Treffen von Meghan Markle mit der verstorbenen K\u00f6nigin.<\/h3>\n<\/li>\n<li>\n<h3> Prinz Harrys langj\u00e4hrige Angst, von Prinz Williams Kindern \u00abin den Schatten gestellt\u00bb zu werden, holt ihn nun ein.<\/h3>\n<\/li>\n<li>\n<h3> Warum das verlassene Haus von Prinz Harry und Meghan Markle, Frogmore Cottage, sechs Jahre sp\u00e4ter immer noch leer steht<\/h3>\n<\/li>\n<\/ol>\n<p> Sie erz\u00e4hlte auch von jungen Menschen, die tragischerweise Selbstmord begangen hatten oder direkt von Botschaften betroffen waren, die in sozialen Medien und durch Internetalgorithmen verbreitet wurden. \u00abDoch solche Folgen sind nicht unvermeidlich. Und Pr\u00e4vention beginnt mit einem einfachen Prinzip: Kinder m\u00fcssen von Anfang an gesch\u00fctzt sein, nicht erst durch Zufall.\u00bb.<\/p>\n<p> <strong><em>Unsere k\u00f6nigliche Korrespondentin Tracy befindet sich mit dem Herzog und der Herzogin von Edinburgh in Portugal \u2013 abonnieren Sie uns!<\/em><\/strong> <em>HALLO! VIP<\/em> <strong><em>, um ihre exklusiven Berichte hinter den Kulissen zu erhalten!<\/em><\/strong><\/p>","protected":false},"excerpt":{"rendered":"<p>Prinz Harry gilt oft als liebevoller Vater, doch der Herzog von Sussex verbrachte den Montagabend allein im San Laurel Hotel in Conrad,\u2026<\/p>","protected":false},"author":1,"featured_media":7035,"comment_status":"open","ping_status":"closed","sticky":false,"template":"","format":"standard","meta":{"footnotes":""},"categories":[5],"tags":[],"class_list":["post-7034","post","type-post","status-publish","format-standard","has-post-thumbnail","hentry","category-selebriti","hvn-theme-has-thumbnail"],"_links":{"self":[{"href":"https:\/\/imgist.ru\/de\/wp-json\/wp\/v2\/posts\/7034","targetHints":{"allow":["GET"]}}],"collection":[{"href":"https:\/\/imgist.ru\/de\/wp-json\/wp\/v2\/posts"}],"about":[{"href":"https:\/\/imgist.ru\/de\/wp-json\/wp\/v2\/types\/post"}],"author":[{"embeddable":true,"href":"https:\/\/imgist.ru\/de\/wp-json\/wp\/v2\/users\/1"}],"replies":[{"embeddable":true,"href":"https:\/\/imgist.ru\/de\/wp-json\/wp\/v2\/comments?post=7034"}],"version-history":[{"count":2,"href":"https:\/\/imgist.ru\/de\/wp-json\/wp\/v2\/posts\/7034\/revisions"}],"predecessor-version":[{"id":150812,"href":"https:\/\/imgist.ru\/de\/wp-json\/wp\/v2\/posts\/7034\/revisions\/150812"}],"wp:featuredmedia":[{"embeddable":true,"href":"https:\/\/imgist.ru\/de\/wp-json\/wp\/v2\/media\/7035"}],"wp:attachment":[{"href":"https:\/\/imgist.ru\/de\/wp-json\/wp\/v2\/media?parent=7034"}],"wp:term":[{"taxonomy":"category","embeddable":true,"href":"https:\/\/imgist.ru\/de\/wp-json\/wp\/v2\/categories?post=7034"},{"taxonomy":"post_tag","embeddable":true,"href":"https:\/\/imgist.ru\/de\/wp-json\/wp\/v2\/tags?post=7034"}],"curies":[{"name":"wp","href":"https:\/\/api.w.org\/{rel}","templated":true}]}}