{"id":7158,"date":"2026-06-02T16:05:05","date_gmt":"2026-06-02T13:05:05","guid":{"rendered":"http:\/\/imgist.ru\/donald-tramp-pokrasnel-posle-fiasko-s-programmoj-freedom-250-istochnik\/"},"modified":"2026-06-02T16:05:05","modified_gmt":"2026-06-02T13:05:05","slug":"donald-trump-schlagt-nach-dem-fiasko-des-freedom-250-programms-rot-an-quelle","status":"publish","type":"post","link":"https:\/\/imgist.ru\/de\/donald-tramp-pokrasnel-posle-fiasko-s-programmoj-freedom-250-istochnik\/","title":{"rendered":"Donald Trump err\u00f6tet nach dem Freedom-250-Fiasko \u2014 Quelle"},"content":{"rendered":"<p>Es wird berichtet, dass das geplante <strong>Donald Trump<\/strong> Die Feierlichkeiten zum 250. Jahrestag der Freiheit sind ins Stocken geraten, da immer mehr K\u00fcnstler ihre Teilnahme abgesagt haben. Die Organisatoren hatten urspr\u00fcnglich eine gro\u00df angelegte patriotische Feier geplant, doch die zunehmenden Kontroversen haben hinter den Kulissen zu Problemen gef\u00fchrt und mehrere Verz\u00f6gerungen verursacht.<\/p>\n<h2> Donald Trump befindet sich nach dem \u00f6ffentlichen Scheitern der Freedom 250-Initiative in einer unangenehmen Lage, behauptet eine Quelle.<\/h2>\n<p> Laut Quellen bem\u00fchten sich die Veranstalter aktiv darum, renommierte K\u00fcnstler f\u00fcr die Gala zu gewinnen. Insider berichten, dass sie in Verhandlungen mit potenziellen K\u00fcnstlern sogar die M\u00f6glichkeit einer zuk\u00fcnftigen Verleihung der Kennedy Center Honors in Aussicht stellten, in der Hoffnung, so weitere Talente f\u00fcr das Programm zu begeistern.<\/p>\n<p> Quellen, die mit dem Planungsprozess vertraut sind, berichten: \u00abMan glaubte, dass der Zugang, das Prestige und sogar die Aussicht auf zuk\u00fcnftige Anerkennung durch das Kennedy Center T\u00fcren \u00f6ffnen k\u00f6nnten\u00bb, so ein Insider. \u00abAber selbst das reichte nicht aus, um viele K\u00fcnstler zu \u00fcberzeugen.\u00bb Diese Strategie brachte jedoch offenbar nicht die gew\u00fcnschten Ergebnisse.<\/p>\n<p> Quellen berichten, dass Bedenken hinsichtlich des politischen Images der Veranstaltung ma\u00dfgeblich zur wachsenden Zur\u00fcckhaltung der K\u00fcnstler bei der Teilnahme beitrugen. \u00abDie Gegenreaktion in der Musikszene war viel heftiger als von den Organisatoren erwartet\u00bb, so eine weitere Quelle. \u00abViele K\u00fcnstler wollten einfach nicht, dass ihre Namen mit den politischen Untert\u00f6nen der Veranstaltung in Verbindung gebracht werden.\u00bb Berichte \u00fcber Absagen von K\u00fcnstlern erschwerten es den Organisatoren, das endg\u00fcltige Programm zusammenzustellen. Mit zunehmenden Absagen schien das Festival an Popularit\u00e4t zu verlieren.<\/p>\n<p> Berichte \u00fcber die Absagen mehrerer K\u00fcnstler erregten Trumps Aufmerksamkeit. Nach Bekanntgabe der Absagen kritisierte Trump die K\u00fcnstler, die sich gegen eine Teilnahme entschieden hatten, in den sozialen Medien. Er bezeichnete sie als \u00ab\u00fcbersch\u00e4tzte S\u00e4nger\u00bb und unterstellte, das Publikum interessiere sich nicht f\u00fcr ihre Musik. Die Organisatoren hatten die Feierlichkeiten zum \u00ab250. Jahrestag der Freiheit\u00bb ins Leben gerufen, um den amerikanischen Stolz zu unterstreichen und durch namhafte K\u00fcnstler die \u00d6ffentlichkeit zu erreichen. Die Absagen, interne Streitigkeiten und die letztendliche Absage der Veranstaltung lenkten jedoch vom urspr\u00fcnglichen Zweck ab.<\/p>\n<p> Der Artikel \u00abDonald Trump err\u00f6tet nach dem Freedom 250-Fiasko - Quelle\u00bb erschien zuerst auf der Webseite Reality Tea.<\/p>","protected":false},"excerpt":{"rendered":"<p>Donald Trumps geplante Feier zum 250. Jahrestag der Unabh\u00e4ngigkeit ist Berichten zufolge auf erhebliche Schwierigkeiten gesto\u00dfen, da immer mehr K\u00fcnstler abgesagt haben. Die Organisatoren hatten urspr\u00fcnglich geplant\u2026<\/p>","protected":false},"author":1,"featured_media":7159,"comment_status":"open","ping_status":"closed","sticky":false,"template":"","format":"standard","meta":{"footnotes":""},"categories":[7],"tags":[],"class_list":["post-7158","post","type-post","status-publish","format-standard","has-post-thumbnail","hentry","category-muzyka","hvn-theme-has-thumbnail"],"_links":{"self":[{"href":"https:\/\/imgist.ru\/de\/wp-json\/wp\/v2\/posts\/7158","targetHints":{"allow":["GET"]}}],"collection":[{"href":"https:\/\/imgist.ru\/de\/wp-json\/wp\/v2\/posts"}],"about":[{"href":"https:\/\/imgist.ru\/de\/wp-json\/wp\/v2\/types\/post"}],"author":[{"embeddable":true,"href":"https:\/\/imgist.ru\/de\/wp-json\/wp\/v2\/users\/1"}],"replies":[{"embeddable":true,"href":"https:\/\/imgist.ru\/de\/wp-json\/wp\/v2\/comments?post=7158"}],"version-history":[{"count":0,"href":"https:\/\/imgist.ru\/de\/wp-json\/wp\/v2\/posts\/7158\/revisions"}],"wp:featuredmedia":[{"embeddable":true,"href":"https:\/\/imgist.ru\/de\/wp-json\/wp\/v2\/media\/7159"}],"wp:attachment":[{"href":"https:\/\/imgist.ru\/de\/wp-json\/wp\/v2\/media?parent=7158"}],"wp:term":[{"taxonomy":"category","embeddable":true,"href":"https:\/\/imgist.ru\/de\/wp-json\/wp\/v2\/categories?post=7158"},{"taxonomy":"post_tag","embeddable":true,"href":"https:\/\/imgist.ru\/de\/wp-json\/wp\/v2\/tags?post=7158"}],"curies":[{"name":"wp","href":"https:\/\/api.w.org\/{rel}","templated":true}]}}