{"id":7472,"date":"2026-06-02T18:19:18","date_gmt":"2026-06-02T15:19:18","guid":{"rendered":"https:\/\/imgist.ru\/mishel-obama-vspominaet-svoj-stil-v-kachestve-pervoj-ledi-i-obyasnyaet-chto-ej-prihodilos-dejstvovat-ochen-czelenapravlenno\/"},"modified":"2026-06-02T18:19:18","modified_gmt":"2026-06-02T15:19:18","slug":"michelle-obama-erinnert-sich-an-ihren-stil-als-first-lady-und-erklart-dass-sie-sehr-zielstrebig-handeln-musste","status":"publish","type":"post","link":"https:\/\/imgist.ru\/de\/mishel-obama-vspominaet-svoj-stil-v-kachestve-pervoj-ledi-i-obyasnyaet-chto-ej-prihodilos-dejstvovat-ochen-czelenapravlenno\/","title":{"rendered":"Michelle Obama reflektiert \u00fcber ihren Stil als First Lady und erkl\u00e4rt, dass sie \u00absehr bewusst vorgehen musste\u00bb."},"content":{"rendered":"<p><strong>Michelle Obama<\/strong> Sie \u00fcberlegte sich ihre Kleidungswahl w\u00e4hrend der Pr\u00e4sidentschaft ihres Mannes sorgf\u00e4ltig., <strong>Barack Obama<\/strong> .<\/p>\n<p> In einem neuen Video, das am Dienstag, dem 2. Juni, auf der Instagram-Seite der Obama Foundation ver\u00f6ffentlicht wurde, erinnerte sich die ehemalige First Lady (62) an ihre Outfits w\u00e4hrend ihrer Zeit im Wei\u00dfen Haus von 2009 bis 2017. Dies geschah im Rahmen ihrer Werbung f\u00fcr das Obama Presidential Center, dessen Er\u00f6ffnung f\u00fcr Freitag, den 19. Juni, in Chicago geplant ist.<\/p>\n<p> \u00abMir war fr\u00fch klar, dass die Kleidung, die ich im Wei\u00dfen Haus trug, niemals nur als Kleidung wahrgenommen werden w\u00fcrde. Ich musste alles sehr sorgf\u00e4ltig durchdenken\u00bb, bemerkte Michelle abseits der Kamera. \u00abMit der Hilfe meines talentierten Teams habe ich jede Option \u2013 Designer, Farbe, Schnitt, Stil \u2013 sorgf\u00e4ltig abgewogen, bevor ich in der \u00d6ffentlichkeit auftrat.\u00bb. <\/p>\n<p><img Agency<\/span>\u00bb src=\u00bbhttps:\/\/s.yimg.com\/ny\/api\/res\/1.2\/.n.hR4_lKK3RNA._yPdg5w\u2014\/YXBwaWQ9aGlnaGxhbmRlcjt3PTk2MDtoPTE3OTQ 7Y2Y9d2VicA\u2014\/https:\/\/media.zenfs.com\/en\/first_for_women_articles_145\/207e5594badbd4a21792940d74241487\u2033&gt; Foto: Dennis Brack\/Newscom\/The Mega Agency<\/p>\n<p> Autor <em>B\u00fccher &quot;Der Blick&quot;\u00ab<\/em> Sie sagte auch, dass sie bei der Auswahl ihrer Kleidung an Freude, Farbe und Selbstvertrauen denke und Dinge tragen wolle, die f\u00fcr ihre T\u00e4tigkeit praktisch seien.<\/p>\n<p> Bez\u00fcglich der Kleidungsst\u00fccke aus ihrer Garderobe, die im Museum ausgestellt werden, sagte Michelle, sie erz\u00e4hlten \u00abeine Geschichte \u00fcber Stil, aber auch eine Geschichte \u00fcber Entschlossenheit, Selbstvertrauen und dar\u00fcber, dass hier in diesem Land niemand vorschreiben kann, was es bedeutet, sich sch\u00f6n zu f\u00fchlen. Wir entscheiden selbst dar\u00fcber.\u00bb.<\/p>\n<p> Lesen Sie mehr bei First For Women<\/p>\n<ul>\n<li>\n<p> Melissa Etheridge erkl\u00e4rte, was sie dazu inspiriert hatte, sich schlie\u00dflich \u00f6ffentlich zu outen: \u00abWir haben alle gefeiert.\u00bb.<\/p>\n<\/li>\n<li>\n<p> Kimberly Schlapman von Little Big Town hat offen \u00fcber die Parkinson-Diagnose ihrer Mutter gesprochen: \u00abDaf\u00fcr muss man sich nicht sch\u00e4men.\u00bb.<\/p>\n<\/li>\n<li>\n<p> Caroline Kennedy erinnert sich an das \u00abwunderbare, wundervolle und viel zu kurze Leben\u00bb ihrer verstorbenen Tochter Tatiana Schlossberg.<\/p>\n<\/li>\n<\/ul>\n<p> Der Artikel \u00abMichelle Obama erinnert sich an ihren Stil als First Lady und erkl\u00e4rt, dass sie \u00absehr zielstrebig sein musste\u00bb\u00bb erschien urspr\u00fcnglich auf First For Women. Abonnieren Sie uns! <strong>Zuerst f\u00fcr Frauen<\/strong> An <strong>Yahoo<\/strong> , damit Sie die n\u00e4chsten Ver\u00f6ffentlichungen nicht verpassen.<\/p>","protected":false},"excerpt":{"rendered":"<p>Michelle Obama w\u00e4hlte ihre Kleidung w\u00e4hrend der Pr\u00e4sidentschaft ihres Mannes Barack Obama sehr sorgf\u00e4ltig aus. In einem neuen Video, das am Dienstag, dem 2. Juni, auf der Seite ver\u00f6ffentlicht wurde\u2026<\/p>","protected":false},"author":1,"featured_media":7473,"comment_status":"open","ping_status":"closed","sticky":false,"template":"","format":"standard","meta":{"footnotes":""},"categories":[5],"tags":[],"class_list":["post-7472","post","type-post","status-publish","format-standard","has-post-thumbnail","hentry","category-selebriti","hvn-theme-has-thumbnail"],"_links":{"self":[{"href":"https:\/\/imgist.ru\/de\/wp-json\/wp\/v2\/posts\/7472","targetHints":{"allow":["GET"]}}],"collection":[{"href":"https:\/\/imgist.ru\/de\/wp-json\/wp\/v2\/posts"}],"about":[{"href":"https:\/\/imgist.ru\/de\/wp-json\/wp\/v2\/types\/post"}],"author":[{"embeddable":true,"href":"https:\/\/imgist.ru\/de\/wp-json\/wp\/v2\/users\/1"}],"replies":[{"embeddable":true,"href":"https:\/\/imgist.ru\/de\/wp-json\/wp\/v2\/comments?post=7472"}],"version-history":[{"count":0,"href":"https:\/\/imgist.ru\/de\/wp-json\/wp\/v2\/posts\/7472\/revisions"}],"wp:featuredmedia":[{"embeddable":true,"href":"https:\/\/imgist.ru\/de\/wp-json\/wp\/v2\/media\/7473"}],"wp:attachment":[{"href":"https:\/\/imgist.ru\/de\/wp-json\/wp\/v2\/media?parent=7472"}],"wp:term":[{"taxonomy":"category","embeddable":true,"href":"https:\/\/imgist.ru\/de\/wp-json\/wp\/v2\/categories?post=7472"},{"taxonomy":"post_tag","embeddable":true,"href":"https:\/\/imgist.ru\/de\/wp-json\/wp\/v2\/tags?post=7472"}],"curies":[{"name":"wp","href":"https:\/\/api.w.org\/{rel}","templated":true}]}}