{"id":7837,"date":"2026-06-02T21:05:52","date_gmt":"2026-06-02T18:05:52","guid":{"rendered":"https:\/\/imgist.ru\/eto-ne-to-na-chto-ya-rasschityval-uchastnik-milli-vanilli-otkazalsya-ot-uchastiya-v-konczerte-v-chest-250-letiya-alboma-freedom\/"},"modified":"2026-08-29T11:58:14","modified_gmt":"2026-08-29T08:58:14","slug":"das-hatte-ich-nicht-erwartet-ein-mitglied-von-milli-vanilli-hat-die-teilnahme-an-dem-konzert-zum-250-jubilaum-des-albums-freedom-abgelehnt","status":"publish","type":"post","link":"https:\/\/imgist.ru\/de\/eto-ne-to-na-chto-ya-rasschityval-uchastnik-milli-vanilli-otkazalsya-ot-uchastiya-v-konczerte-v-chest-250-letiya-alboma-freedom\/","title":{"rendered":"\u00ab&quot;Das hatte ich nicht erwartet&quot;: Milli-Vanilli-Mitglied sagt Teilnahme am Konzert zum 250. Jahrestag von Freedom ab."},"content":{"rendered":"<h2> Hat Ihnen dieser Artikel gefallen? Unterst\u00fctzen Sie unabh\u00e4ngigen Journalismus. Unterst\u00fctzen Sie HuffPost.<\/h2>\n<p> Fab Morvan, einer der Gr\u00fcnder von Milli Vanilli, hat sich einer wachsenden Zahl von Musikern angeschlossen, die nicht bei der Feier zum 250. Geburtstag Amerikas auftreten werden.<\/p>\n<p> Morvan erkl\u00e4rte gegen\u00fcber CNN, dass er bei seiner ersten Anmeldung f\u00fcr einen Auftritt auf der Great American State Fair davon ausgegangen sei, dass die Veranstaltung unpolitisch sei. Nachdem andere K\u00fcnstler ihre Teilnahme abgesagt hatten, weil sie die Veranstaltung nicht als v\u00f6llig unpolitisch ansahen, kamen ihm Zweifel.<\/p>\n<p> \u00abDamit hatte ich nicht gerechnet\u00bb, sagte Morvan gegen\u00fcber CNN. \u00abAls ich sah, wie Young MC rausgeworfen wurde, dachte ich: \u201eDas ist seltsam... Was wei\u00df er, was ich nicht wei\u00df?\u201c Ich war also etwas besorgt, und dann gingen die Leute einer nach dem anderen.\u00bb.<\/p>\n<p> \u00abDoch innerhalb einer Woche artete alles in ein Zirkus aus\u00bb, f\u00fcgte er hinzu. \u00abIch interessiere mich nicht f\u00fcr Politik, deshalb sage ich es hier als Erstes: Ich werde an den Feierlichkeiten am 26. Juni nicht teilnehmen.\u00bb.<\/p>\n<p> Morvan gesellte sich zu Martina McBride, Brett Michaels, The Commodores, Young MC und Morris Day &amp; The Time, die ebenfalls ihre Teilnahme am Festival abgesagt hatten. Laut der New York Times pr\u00fcft C+C Music Factory ihre Beteiligung noch. Nur zwei K\u00fcnstler des urspr\u00fcnglichen Lineups sind noch dabei: Flo Rida und Vanilla Ice.<\/p>\n<p> <strong>Ebenfalls in den Nachrichten: Der Sheriff von Los Angeles teilt wichtige Informationen zu den Bedenken bez\u00fcglich der Eishockey-Weltmeisterschaft mit.<\/strong><\/p>\n<p> \u00abIch w\u00e4hle ja eh nicht, also ist mir das egal\u00bb, sagte Vanilla Ice, der ebenfalls in Mar-a-Lago auftrat, gegen\u00fcber TMZ. \u00abIch spiele gern f\u00fcr Putin oder im Iran, wenn ihr wollt. Ist mir v\u00f6llig egal.\u00bb.<\/p>\n<p> Am Wochenende versuchte Pr\u00e4sident Donald Trump, seine sinkenden Zustimmungswerte aufzuhalten, indem er sich mit Elvis verglich und anbot, eine \u00abgro\u00dfe Rede\u00bb zu halten.<\/p>\n<h3> Politische Nachrichten<\/h3>\n<ul>\n<li>\n<p> Trump plant, gegen das Urteil Berufung einzulegen, das es allen Importeuren, die die aufgehobenen Z\u00f6lle gezahlt haben, erlaubt, eine R\u00fcckerstattung zu beantragen.<\/p>\n<\/li>\n<li>\n<p> Das Wei\u00dfe Haus hat ein Memorandum \u00fcber die medizinische Untersuchung von Donald Trump ver\u00f6ffentlicht.<\/p>\n<\/li>\n<li>\n<p> Ein von Trump unterst\u00fctzter Kandidat liegt bei den kolumbianischen Pr\u00e4sidentschaftswahlen in F\u00fchrung, w\u00e4hrend die regierende Partei Zweifel am Wahlausgang s\u00e4t.<\/p>\n<\/li>\n<li>\n<p> Trump ist emp\u00f6rt \u00fcber den Richter, der die Renovierung des Kennedy Centers blockiert hat, und w\u00fctend \u00fcber das Scheitern seiner juristischen Auseinandersetzungen.<\/p>\n<\/li>\n<li>\n<p> Wie der Oberste Gerichtshof den Verlauf der US-Zwischenwahlen ver\u00e4ndert<\/p>\n<\/li>\n<\/ul>\n<h3> Dieser Artikel erschien urspr\u00fcnglich auf HuffPost. Unterst\u00fctzen Sie furchtlosen, kompromisslosen Journalismus, der Machtmissbrauch aufdeckt und unerm\u00fcdlich die Wahrheit ans Licht bringt. Werden Sie noch heute Mitglied bei HuffPost.<\/h3>","protected":false},"excerpt":{"rendered":"<p>Hat Ihnen dieser Artikel gefallen? Unterst\u00fctzen Sie unabh\u00e4ngigen Journalismus. Unterst\u00fctzen Sie HuffPost. Fab Morvan, einer der Gr\u00fcnder von Milli Vanilli, reiht sich in die wachsende Zahl von Musikern ein, die nicht auf der Party singen werden\u2026<\/p>","protected":false},"author":1,"featured_media":7838,"comment_status":"open","ping_status":"closed","sticky":false,"template":"","format":"standard","meta":{"footnotes":""},"categories":[7],"tags":[],"class_list":["post-7837","post","type-post","status-publish","format-standard","has-post-thumbnail","hentry","category-muzyka","hvn-theme-has-thumbnail"],"_links":{"self":[{"href":"https:\/\/imgist.ru\/de\/wp-json\/wp\/v2\/posts\/7837","targetHints":{"allow":["GET"]}}],"collection":[{"href":"https:\/\/imgist.ru\/de\/wp-json\/wp\/v2\/posts"}],"about":[{"href":"https:\/\/imgist.ru\/de\/wp-json\/wp\/v2\/types\/post"}],"author":[{"embeddable":true,"href":"https:\/\/imgist.ru\/de\/wp-json\/wp\/v2\/users\/1"}],"replies":[{"embeddable":true,"href":"https:\/\/imgist.ru\/de\/wp-json\/wp\/v2\/comments?post=7837"}],"version-history":[{"count":1,"href":"https:\/\/imgist.ru\/de\/wp-json\/wp\/v2\/posts\/7837\/revisions"}],"predecessor-version":[{"id":151643,"href":"https:\/\/imgist.ru\/de\/wp-json\/wp\/v2\/posts\/7837\/revisions\/151643"}],"wp:featuredmedia":[{"embeddable":true,"href":"https:\/\/imgist.ru\/de\/wp-json\/wp\/v2\/media\/7838"}],"wp:attachment":[{"href":"https:\/\/imgist.ru\/de\/wp-json\/wp\/v2\/media?parent=7837"}],"wp:term":[{"taxonomy":"category","embeddable":true,"href":"https:\/\/imgist.ru\/de\/wp-json\/wp\/v2\/categories?post=7837"},{"taxonomy":"post_tag","embeddable":true,"href":"https:\/\/imgist.ru\/de\/wp-json\/wp\/v2\/tags?post=7837"}],"curies":[{"name":"wp","href":"https:\/\/api.w.org\/{rel}","templated":true}]}}