{"id":7970,"date":"2026-06-02T22:03:55","date_gmt":"2026-06-02T19:03:55","guid":{"rendered":"https:\/\/imgist.ru\/morgan-uollen-seryozno-nuzhdaetsya-v-upravlenii-gnevom-posle-togo-kak-oprokinul-pianino-na-sczene-vo-vremya-konczerta-v-denvere\/"},"modified":"2026-06-02T22:03:55","modified_gmt":"2026-06-02T19:03:55","slug":"morgan-wollen-benotigt-dringend-hilfe-von-der-feuerwehr-nachdem-er-wahrend-eines-konzerts-in-denver-ein-klavier-auf-der-buhne-umgestosen-hat","status":"publish","type":"post","link":"https:\/\/imgist.ru\/de\/morgan-uollen-seryozno-nuzhdaetsya-v-upravlenii-gnevom-posle-togo-kak-oprokinul-pianino-na-sczene-vo-vremya-konczerta-v-denvere\/","title":{"rendered":"Morgan Wallen ben\u00f6tigt dringend ein Aggressionsbew\u00e4ltigungstraining, nachdem er w\u00e4hrend eines Konzerts in Denver ein Klavier auf der B\u00fchne umgesto\u00dfen hatte."},"content":{"rendered":"<p><strong>Morgan Wallen<\/strong> Sie stand wieder im Rampenlicht, aber aus den v\u00f6llig falschen Gr\u00fcnden.<\/p>\n<p> Am Donnerstag, dem 30. Mai, ver\u00f6ffentlichte der Radiosender Country Central auf Instagram ein Video, das den 33-j\u00e4hrigen S\u00e4nger von \u00abWhiskey Glasses\u00bb zeigt, wie er w\u00e4hrend seines Auftritts in Denver, Colorado, im Rahmen seiner Still the Problem Tour, aufgrund technischer Schwierigkeiten ein Klavier auf der B\u00fchne umwirft.<\/p>\n<p> \u00abEr behauptet, die ganze Sache sei \u00fcbertrieben, er habe nicht die Absicht gehabt, solchen Schaden anzurichten, und das Klavier sei versehentlich umgekippt, aber niemand glaubt ihm\u00bb, sagte eine Quelle gegen\u00fcber der Zeitung. <em>In Kontakt<\/em> . \u00abEr ist extrem reizbar und verliert st\u00e4ndig ohne ersichtlichen Grund die Beherrschung.\u00bb. <\/p>\n<p><img alt='&lt;span class=&quot;wp-caption-text&quot;&gt;Instagram\/Country Central&lt;\/span&gt;&lsquo;&amp;#039; src=&raquo;https:\/\/s.yimg.com\/ny\/api\/res\/1.2\/SJSFJaGpqqrjG7YKNfzy4w&mdash;\/YXBwaWQ9aGlnaGxhbmRlcjt3PTk2MDtoPTk0OD tjZj13ZWJw\/https:\/\/media.zenfs.com\/en\/in_touch_weekly_articles_766\/5c6169c1282c3d365f21833401f82e54&Prime;&amp;gt; Instagram\/Central Country&lt;\/p&gt;&lt;p&gt; Es ist mittlerweile so weit gekommen, dass, wie die Quelle hinzuf&uuml;gt, &laquo;die Leute st&auml;ndig auf Zehenspitzen um ihn herumschleichen, was eine ziemlich unangenehme Atmosph&auml;re auf Tournee erzeugt.&raquo;.&lt;\/p&gt;&lt;p&gt; Dies ist nicht das erste Mal, dass Wallens Eskapaden f&uuml;r Schlagzeilen sorgen.&lt;\/p&gt;&lt;p&gt; Wie bereits berichtet &lt;em&gt;In Touch Edition&lt;\/em&gt; , Im Jahr 2024 wurde der Country-Musikstar verhaftet und wegen dreifacher schwerer Gef&auml;hrdung und ordnungswidrigen Verhaltens angeklagt, nachdem er angeblich einen Stuhl vom Dach einer Bar in der Innenstadt von Nashville geworfen hatte. &lt;\/p&gt;&lt;p&gt;&amp;lt;img alt='<span class=\"wp-caption-text\">MNPD\/MEGA<\/span>\u2018&#039; src=\u00bbhttps:\/\/s.yimg.com\/ny\/api\/res\/1.2\/dX7gehkClHSlJjaSpoHqJA\u2014\/YXBwaWQ9aGlnaGxhbmRlcjt3PTk2MDtoPTEyMDE 7Y2Y9d2VicA \u2013\/https:\/\/media.zenfs.com\/en\/in_touch_weekly_articles_766\/628f0615a42b7e5c65fa90896749b561\u2033&gt; MNPD\/MEGA<\/p>\n<p> Wie die Ver\u00f6ffentlichung berichtet <em>Menschen<\/em> , Wallen bekannte sich schlie\u00dflich im Rahmen des alternativen Strafprogramms unter Auflagen schuldig und wurde zu sieben Tagen Aufenthalt in einer Einrichtung f\u00fcr Alkohols\u00fcnder und zwei Jahren Bew\u00e4hrung verurteilt.<\/p>\n<p> \u00abEr schwor, er habe seine Lektion gelernt und seine Wutausbr\u00fcche im Griff\u00bb, so die Quelle. \u00abAber das beweist, dass er Unsinn redet und dringend ein Anti-Aggressionstraining braucht.\u00bb.<\/p>\n<p> Sogar ein anderer Country-S\u00e4nger <strong>, Blake Shelton<\/strong> , \u00abBesorgnis\u00bb \u00fcber die Situation um Wallen, f\u00fcgt die Quelle hinzu.<\/p>\n<p> \u00abEs gibt ernsthafte Bedenken, dass seine inneren D\u00e4monen wieder an die Oberfl\u00e4che kommen und er kurz vor dem totalen Zusammenbruch steht\u00bb, so die Quelle. \u00abDoch nur Morgan selbst kann das verhindern.\u00bb.<\/p>\n<p> Lesen Sie mehr dazu in InTouch Weekly.<\/p>\n<ul>\n<li>\n<p> Die ehemalige \u00abTeen Mom\u00bb-Kandidatin Farrah Abraham l\u00f6ste nach ihrem 35. Geburtstag Verlobungs- und Schwangerschaftsger\u00fcchte aus.<\/p>\n<\/li>\n<li>\n<p> Das beliebte Idol der 90er-Jahre gab zu, dass er in Filmen einen engen Anzug trug, um Muskeln vorzut\u00e4uschen: \u00abEs war alles nur gespielt.\u00bb.<\/p>\n<\/li>\n<li>\n<p> Karamo Brown sagte, die Beleidigungen, die die Darsteller von &quot;Queer Eye&quot; ins Mikrofon ge\u00e4u\u00dfert h\u00e4tten, seien der &quot;Tropfen gewesen, der das Fass zum \u00dcberlaufen brachte&quot;, bevor er ging.<\/p>\n<\/li>\n<\/ul>\n<p> Dieser Artikel mit dem Titel \u00abMorgan Wallen braucht dringend ein Aggressionsbew\u00e4ltigungsprogramm, nachdem er bei einem Konzert in Denver ein Klavier umgesto\u00dfen hat\u00bb erschien zuerst auf InTouch Weekly. Abonnieren Sie InTouch Weekly. <strong>InTouch Weekly<\/strong> \u0432 <strong>Yahoo<\/strong> , damit Sie die n\u00e4chsten Ver\u00f6ffentlichungen nicht verpassen.<\/p>","protected":false},"excerpt":{"rendered":"<p>Morgan Wallen steht wieder im Rampenlicht, aber aus den falschen Gr\u00fcnden. Am Donnerstag, dem 30. Mai, ver\u00f6ffentlichte der Radiosender Country Central ein Video auf Instagram, das zeigt\u2026<\/p>","protected":false},"author":1,"featured_media":7971,"comment_status":"open","ping_status":"closed","sticky":false,"template":"","format":"standard","meta":{"footnotes":""},"categories":[7],"tags":[],"class_list":["post-7970","post","type-post","status-publish","format-standard","has-post-thumbnail","hentry","category-muzyka","hvn-theme-has-thumbnail"],"_links":{"self":[{"href":"https:\/\/imgist.ru\/de\/wp-json\/wp\/v2\/posts\/7970","targetHints":{"allow":["GET"]}}],"collection":[{"href":"https:\/\/imgist.ru\/de\/wp-json\/wp\/v2\/posts"}],"about":[{"href":"https:\/\/imgist.ru\/de\/wp-json\/wp\/v2\/types\/post"}],"author":[{"embeddable":true,"href":"https:\/\/imgist.ru\/de\/wp-json\/wp\/v2\/users\/1"}],"replies":[{"embeddable":true,"href":"https:\/\/imgist.ru\/de\/wp-json\/wp\/v2\/comments?post=7970"}],"version-history":[{"count":0,"href":"https:\/\/imgist.ru\/de\/wp-json\/wp\/v2\/posts\/7970\/revisions"}],"wp:featuredmedia":[{"embeddable":true,"href":"https:\/\/imgist.ru\/de\/wp-json\/wp\/v2\/media\/7971"}],"wp:attachment":[{"href":"https:\/\/imgist.ru\/de\/wp-json\/wp\/v2\/media?parent=7970"}],"wp:term":[{"taxonomy":"category","embeddable":true,"href":"https:\/\/imgist.ru\/de\/wp-json\/wp\/v2\/categories?post=7970"},{"taxonomy":"post_tag","embeddable":true,"href":"https:\/\/imgist.ru\/de\/wp-json\/wp\/v2\/tags?post=7970"}],"curies":[{"name":"wp","href":"https:\/\/api.w.org\/{rel}","templated":true}]}}