{"id":8059,"date":"2026-06-02T22:16:14","date_gmt":"2026-06-02T19:16:14","guid":{"rendered":"https:\/\/imgist.ru\/vicze-prezident-netflix-po-svyazyam-s-obshhestvennostyu-emili-fejngold-pokidaet-kompaniyu\/"},"modified":"2026-06-02T22:16:14","modified_gmt":"2026-06-02T19:16:14","slug":"emily-fejngold-die-leiterin-der-offentlichkeitsarbeit-von-netflix-verlasst-das-unternehmen","status":"publish","type":"post","link":"https:\/\/imgist.ru\/de\/vicze-prezident-netflix-po-svyazyam-s-obshhestvennostyu-emili-fejngold-pokidaet-kompaniyu\/","title":{"rendered":"Emily Feingold, Vizepr\u00e4sidentin f\u00fcr Kommunikation bei Netflix, verl\u00e4sst das Unternehmen."},"content":{"rendered":"<p>Emily Feingold, die seit 2017 bei Netflix arbeitet und zuletzt als Vizepr\u00e4sidentin f\u00fcr Kommunikation t\u00e4tig war, verl\u00e4sst den Streaming-Dienst.<\/p>\n<p> \u00abEmily ist seit acht Jahren ein engagiertes Mitglied des Netflix-Teams und hat ma\u00dfgeblich zum Erfolg beigetragen. Wir sind ihr zutiefst dankbar f\u00fcr alles, was sie f\u00fcr unser Team und das Unternehmen getan hat, und w\u00fcnschen ihr f\u00fcr ihre zuk\u00fcnftigen Vorhaben viel Erfolg\u00bb, sagte Dani Dudek, Chief Communications Officer, in einer Erkl\u00e4rung.<\/p>\n<p> <strong>Weitere Neuigkeiten von Deadline<\/strong><\/p>\n<ul>\n<li>\n<p> Rachelle Lefevre und Charlotte Sullivan sind der zweiten Staffel von \u00abUnsere kleine Farm\u00bb auf Netflix beigetreten.<\/p>\n<\/li>\n<li>\n<p> Netflix&#039; neuer Leiter des Non-Fiction-Bereichs in Gro\u00dfbritannien k\u00fcndigt eine \u00abumfangreiche Pipeline\u00bb an Eigenproduktionen an und verspricht eine \u00abaufsehenerregende\u00bb Deb\u00fctstaffel \u2013 Reality TV Summit UK<\/p>\n<\/li>\n<li>\n<p> Matt Duffer, der Sch\u00f6pfer von Stranger Things, sagt, dass junge Film- und Fernsehzuschauer \u00absehr deutlich ihren Hunger nach originellen Geschichten \u00e4u\u00dfern\u00bb.<\/p>\n<\/li>\n<\/ul>\n<p> Feingold stie\u00df als Mitglied des F\u00fchrungsteams der Filmabteilung zu Netflix, als der Streamingdienst sein Angebot an Eigenproduktionen rasant ausbaute. Mit dem Wachstum des Unternehmens erweiterte sich auch ihr Verantwortungsbereich; schlie\u00dflich \u00fcbernahm sie die Leitung der gesamten Netflix-Kommunikation in den USA und Kanada.<\/p>\n<p> Feingolds Rolle hat sich in letzter Zeit hin zur st\u00e4rkeren Leitung der Content-Kommunikation f\u00fcr die USA und Kanada verlagert, da das Team k\u00fcrzlich neue F\u00fchrungskr\u00e4fte eingestellt hat, darunter Dudek und die neue Vizepr\u00e4sidentin f\u00fcr globale Unternehmenskommunikation, Kelly Pakula. Innerhalb des Unternehmensteams gab Netflix k\u00fcrzlich die Ernennung von zwei neuen F\u00fchrungskr\u00e4ften bekannt: Malorie Lucic, Senior Director f\u00fcr Produkt- und Technologiekommunikation, und Caitlin Conant, Leiterin der politischen Kommunikation und Au\u00dfenbeziehungen in den USA. Beide sind in Washington ans\u00e4ssig.<\/p>\n<p> Feingold war in entscheidenden Momenten f\u00fcr die Kommunikation von Netflix verantwortlich, darunter die j\u00fcngste \u00dcbernahme von Warner Bros. und HBO Max durch den Streaming-Dienst, ganz zu schweigen von der begrenzten Kinover\u00f6ffentlichung von Filmen wie dem Oscar-pr\u00e4mierten Film <em>\u00abRoma\u00bb<\/em> 2018 und Martin Scorseses 3,5-st\u00fcndiger Film <em>\u00ab&quot;Ire<\/em> \u00bb&quot;2019, sowie der erste Netflix-Film, der Platz eins der Kinocharts erreichte,\u00ab <em>&quot;Demon Hunters&quot; (K-Pop) letzten Sommer,<\/em> und die bevorstehende breite Ver\u00f6ffentlichung im n\u00e4chsten Jahr - <em>\u00abGreta Gerwigs Narnia.<\/em> Dar\u00fcber hinaus leitete Feingold die Kommunikation von Netflix w\u00e4hrend des Einstiegs in die Bereiche Werbung, Gaming, Live-Veranstaltungen und die Berichterstattung \u00fcber die Zuschauerzahlen des globalen Streaming-Dienstes.<\/p>\n<p> Vor ihrem Wechsel zu Netflix war Feingold als Senior Vice President f\u00fcr Unternehmensstrategie und Kommunikation beim Private-Equity-Unternehmen Andell, Inc. t\u00e4tig. Zuvor verbrachte sie 13 Jahre in New York City, unter anderem als Vice President f\u00fcr Unternehmenskommunikation bei Ralph Lauren und The Weinstein Company. Feingold begann ihre Karriere im Wei\u00dfen Haus w\u00e4hrend der Clinton-\u00c4ra.<\/p>\n<p> <strong>Das Beste von Deadline<\/strong><\/p>\n<ul>\n<li>\n<p> Fotogalerie vom roten Teppich der Emmy-Verleihung 2025: CEOs<\/p>\n<\/li>\n<li>\n<p> Fotogalerie vom roten Teppich der Emmy Awards 2024: CEOs.<\/p>\n<\/li>\n<\/ul>\n<p> Abonnieren Sie den Deadline-Newsletter. F\u00fcr aktuelle Neuigkeiten folgen Sie uns auf Facebook, Twitter und Instagram.<\/p>","protected":false},"excerpt":{"rendered":"<p>Emily Feingold, die seit 2017 bei Netflix t\u00e4tig war und zuletzt als Vizepr\u00e4sidentin f\u00fcr Kommunikation fungierte, verl\u00e4sst den Streamingdienst. \u00abAcht Jahre lang war Emily...\u201c<\/p>","protected":false},"author":1,"featured_media":8060,"comment_status":"open","ping_status":"closed","sticky":false,"template":"","format":"standard","meta":{"footnotes":""},"categories":[6],"tags":[],"class_list":["post-8059","post","type-post","status-publish","format-standard","has-post-thumbnail","hentry","category-kinoindustriya","hvn-theme-has-thumbnail"],"_links":{"self":[{"href":"https:\/\/imgist.ru\/de\/wp-json\/wp\/v2\/posts\/8059","targetHints":{"allow":["GET"]}}],"collection":[{"href":"https:\/\/imgist.ru\/de\/wp-json\/wp\/v2\/posts"}],"about":[{"href":"https:\/\/imgist.ru\/de\/wp-json\/wp\/v2\/types\/post"}],"author":[{"embeddable":true,"href":"https:\/\/imgist.ru\/de\/wp-json\/wp\/v2\/users\/1"}],"replies":[{"embeddable":true,"href":"https:\/\/imgist.ru\/de\/wp-json\/wp\/v2\/comments?post=8059"}],"version-history":[{"count":0,"href":"https:\/\/imgist.ru\/de\/wp-json\/wp\/v2\/posts\/8059\/revisions"}],"wp:featuredmedia":[{"embeddable":true,"href":"https:\/\/imgist.ru\/de\/wp-json\/wp\/v2\/media\/8060"}],"wp:attachment":[{"href":"https:\/\/imgist.ru\/de\/wp-json\/wp\/v2\/media?parent=8059"}],"wp:term":[{"taxonomy":"category","embeddable":true,"href":"https:\/\/imgist.ru\/de\/wp-json\/wp\/v2\/categories?post=8059"},{"taxonomy":"post_tag","embeddable":true,"href":"https:\/\/imgist.ru\/de\/wp-json\/wp\/v2\/tags?post=8059"}],"curies":[{"name":"wp","href":"https:\/\/api.w.org\/{rel}","templated":true}]}}