{"id":8238,"date":"2026-06-03T00:00:14","date_gmt":"2026-06-02T21:00:14","guid":{"rendered":"https:\/\/imgist.ru\/uchenye-obnaruzhili-chto-v-tumane-obitaet-nechto-zhivoe\/"},"modified":"2026-06-03T00:00:14","modified_gmt":"2026-06-02T21:00:14","slug":"wissenschaftler-haben-entdeckt-dass-im-tuman-etwas-lebendiges-wohnt","status":"publish","type":"post","link":"https:\/\/imgist.ru\/de\/uchenye-obnaruzhili-chto-v-tumane-obitaet-nechto-zhivoe\/","title":{"rendered":"Wissenschaftler haben entdeckt, dass im Nebel etwas Lebendiges existiert."},"content":{"rendered":"<p>Da lebt etwas im Nebel. Ich wiederhole: Da lebt etwas im Nebel.<\/p>\n<p> Es mag sich anh\u00f6ren wie eine verdrehte Interpretation eines klassischen John-Carpenter-Films oder wie der Slogan f\u00fcr Apple TVs neue Horrorserie Widow&#039;s Bay, aber laut neuen Forschungsergebnissen wimmelt es in diesen tief h\u00e4ngenden Wolken tats\u00e4chlich von lebenden Bakterien.<\/p>\n<p> Die Ergebnisse der Studie wurden in der Zeitschrift ver\u00f6ffentlicht. <em>Umweltmikrobiologie<\/em> , Untersuchungen haben gezeigt, dass der Nebel von so viel Leben wimmelt, dass Forscher ihn mit einem riesigen aquatischen \u00d6kosystem vergleichen.<\/p>\n<p> \u00abWir haben festgestellt, dass Millionen von Bakterien in Nebeltr\u00f6pfchen leben\u00bb, sagte Ferran Garcia-Pichel von der Arizona State University, Mitautor der Studie, gegen\u00fcber der Publikation. <em>USA Today<\/em> .<\/p>\n<p> \u00abWenn man alle Tr\u00f6pfchen zusammen auffangen w\u00fcrde, w\u00e4re die Bakterienkonzentration dieselbe wie im Ozean\u00bb, f\u00fcgte er in einer Stellungnahme zu der Arbeit hinzu.<\/p>\n<p> Das Vorhandensein von Bakterien in Wassertr\u00f6pfchen in der Luft ist an sich keine neue Entdeckung. Diese Arbeit tr\u00e4gt jedoch dazu bei, die genaue Funktion der Bakterien in Nebel und anderen Wolken \u2013 etwas, das bisher unklar war \u2013 sowie die Auswirkungen auf die Umwelt insgesamt zu kl\u00e4ren.<\/p>\n<p> \u00abInformationen dar\u00fcber, welche Bakterienarten in Nebeln vorkommen, die Wolken am Boden \u00e4hneln, sind \u00e4u\u00dferst begrenzt\u00bb, sagte die Hauptautorin der Studie, Thi Thuong Cao, Forscherin an der Arizona State University.<\/p>\n<p> Um diesen tr\u00fcben mikroskopischen Bereich zu erforschen, sammelten die Wissenschaftler sorgf\u00e4ltig Luftproben vor, w\u00e4hrend und nach Nebelereignissen. Da Wind Nebelschleier aufl\u00f6sen und die Gewinnung stabiler Proben erschweren kann, konzentrierten sie sich auf eine spezielle Nebelart, den sogenannten Strahlungsnebel. Dieser bildet sich an windstillen Tagen, wenn der Boden abk\u00fchlt und die dar\u00fcber liegende Luft gefriert, wodurch Wassertropfen nahe der Oberfl\u00e4che kondensieren.<\/p>\n<p> Nach sorgf\u00e4ltiger Probenentnahme stellten die Forscher fest, dass nur ein Prozent der Nebeltr\u00f6pfchen Bakterien enthielten. Eine Handvoll solcher Tr\u00f6pfchen enth\u00e4lt jedoch rund zehn Millionen Bakterien \u2013 eine betr\u00e4chtliche Menge.<\/p>\n<p> Manche Bakterien gediehen besser als andere. Die Population einer Bakterienart, der Methylobakterien, die f\u00fcr den Abbau einfacher Kohlenstoffverbindungen, darunter Schadstoffe wie Formaldehyd, bekannt sind, nahm nach dem Nebel zu. Eine genauere Untersuchung ergab, dass die Bakterien aktiv wuchsen und sich vermehrten.<\/p>\n<p> \u00abWir haben sie unter dem Mikroskop beobachtet und best\u00e4tigt, dass die Bakterien tats\u00e4chlich an Gr\u00f6\u00dfe zunahmen und sich teilten, also wuchsen\u00bb, sagte Cao. \u00abWir entdeckten au\u00dferdem, dass sie Formaldehyd als N\u00e4hrstoff f\u00fcr ihr Wachstum nutzten.\u00bb.<\/p>\n<p> Garcia-Pichel sagte, dies markiere einen \u00abUmdenkenwandel\u00bb im Umgang mit Nebel. \u00abWenn sich Bakterien vermehren\u00bb, sagte er mit Blick auf die Bakterien, \u201edann werden die Tr\u00f6pfchen zu einem Lebensraum f\u00fcr sie.\u201c.<\/p>\n<p> In diesem Lebensraum k\u00f6nnen Bakterien die Luftqualit\u00e4t beeintr\u00e4chtigen, indem sie Schadstoffe nutzlos absorbieren. Laut den Forschern k\u00f6nnte diese M\u00f6glichkeit Anlass geben, die Gewinnung von Trinkwasser aus Nebel in Betracht zu ziehen.<\/p>\n<p> \u00abWenn wir Nebel sammeln, werden wir unsere kleinen Freunde in der Luft los\u00bb, sagte Garcia-Pichel in einer Erkl\u00e4rung. \u00abWir wissen nicht, ob das gro\u00dfe Auswirkungen haben wird, aber wir m\u00fcssen es ber\u00fccksichtigen.\u00bb.<\/p>\n<p> <strong>Mehr zum Thema Biologie:<\/strong> <em>Wissenschaftler sind fasziniert von einem St\u00fcck Fleisch, das sich nach mehreren Jahren weigert zu sterben.<\/em><\/p>","protected":false},"excerpt":{"rendered":"<p>Etwas lebt im Nebel. Ich wiederhole: Etwas lebt im Nebel. Das mag wie eine verdrehte Interpretation eines klassischen John-Carpenter-Films oder der Slogan f\u00fcr Apples neue Horrorserie klingen \u2026<\/p>","protected":false},"author":1,"featured_media":8239,"comment_status":"open","ping_status":"closed","sticky":false,"template":"","format":"standard","meta":{"footnotes":""},"categories":[2],"tags":[],"class_list":["post-8238","post","type-post","status-publish","format-standard","has-post-thumbnail","hentry","category-news","hvn-theme-has-thumbnail"],"_links":{"self":[{"href":"https:\/\/imgist.ru\/de\/wp-json\/wp\/v2\/posts\/8238","targetHints":{"allow":["GET"]}}],"collection":[{"href":"https:\/\/imgist.ru\/de\/wp-json\/wp\/v2\/posts"}],"about":[{"href":"https:\/\/imgist.ru\/de\/wp-json\/wp\/v2\/types\/post"}],"author":[{"embeddable":true,"href":"https:\/\/imgist.ru\/de\/wp-json\/wp\/v2\/users\/1"}],"replies":[{"embeddable":true,"href":"https:\/\/imgist.ru\/de\/wp-json\/wp\/v2\/comments?post=8238"}],"version-history":[{"count":0,"href":"https:\/\/imgist.ru\/de\/wp-json\/wp\/v2\/posts\/8238\/revisions"}],"wp:featuredmedia":[{"embeddable":true,"href":"https:\/\/imgist.ru\/de\/wp-json\/wp\/v2\/media\/8239"}],"wp:attachment":[{"href":"https:\/\/imgist.ru\/de\/wp-json\/wp\/v2\/media?parent=8238"}],"wp:term":[{"taxonomy":"category","embeddable":true,"href":"https:\/\/imgist.ru\/de\/wp-json\/wp\/v2\/categories?post=8238"},{"taxonomy":"post_tag","embeddable":true,"href":"https:\/\/imgist.ru\/de\/wp-json\/wp\/v2\/tags?post=8238"}],"curies":[{"name":"wp","href":"https:\/\/api.w.org\/{rel}","templated":true}]}}