{"id":8633,"date":"2026-06-03T03:13:36","date_gmt":"2026-06-03T00:13:36","guid":{"rendered":"http:\/\/imgist.ru\/sajmon-kouell-razmyshlyaet-ob-uroke-izvlechennom-iz-virusnogo-proslushivaniya-syuzan-bojl\/"},"modified":"2026-08-29T12:00:11","modified_gmt":"2026-08-29T09:00:11","slug":"sam-kowell-reflektiert-uber-die-lehre-die-aus-susan-boyles-viralem-vorsprechen-gezogen-wurde","status":"publish","type":"post","link":"https:\/\/imgist.ru\/de\/sajmon-kouell-razmyshlyaet-ob-uroke-izvlechennom-iz-virusnogo-proslushivaniya-syuzan-bojl\/","title":{"rendered":"Simon Cowell reflektiert \u00fcber die Lehre, die aus Susan Boyles viralem Vorsprechen gezogen wurde."},"content":{"rendered":"<p>15 Jahre sp\u00e4ter erinnert sich Simon Cowell an Susan Boyles viralen Auftritt bei Britain&#039;s Got Talent.<\/p>\n<p> Wie sich Fans erinnern werden, sang die 65-j\u00e4hrige Boyle bei ihrem Vorsingen vor den Juroren Cowell, Piers Morgan und Amanda Holden \u00abI Dreamed a Dream\u00bb und wurde damit zum Internetstar. Der \u00abAmerica\u2019s Got Talent\u00bb-Juror gab jedoch zu, Boyle zun\u00e4chst falsch eingesch\u00e4tzt zu haben.<\/p>\n<p> \u00abSusan ist ein echter Mensch, und ich glaube, ich habe sie aus dem Augenwinkel hinter der B\u00fchne herumalbern sehen, weil ich sie f\u00fcr eine Komikerin, eine Stand-up-Comedian, hielt\u00bb, sagte er gegen\u00fcber Extra. \u00abUnd ja, da war dieser ber\u00fchmte \u00e4ngstliche Blick zwischen Piers und mir. Genau so waren wir an dem Tag.\u00bb.<\/p>\n<p> \u00abUnd ich wollte, dass die Leute verstehen, dass man ein Buch nicht nach seinem Einband beurteilen kann\u00bb, f\u00fcgte er hinzu. <\/p>\n<p> Simon Cowell besuchte am 3. M\u00e4rz 2016 die Er\u00f6ffnungszeremonie der 11. Staffel von NBCs \u00abAmerica\u2019s Got Talent\u00bb in Pasadena, Kalifornien. Der Star wurde diese Woche in den Panama Papers namentlich erw\u00e4hnt.<\/p>\n<p> Der Moderator teilte mit, dass er Boyle \u00ababsolut verehrt\u00bb und f\u00fcgte hinzu: \u00abSie hat unserer Show mehr Wert verliehen als wahrscheinlich jeder andere Kandidat.\u00bb.<\/p>\n<p> In den Kommentaren brachten Fans ihre Unterst\u00fctzung f\u00fcr Boyle zum Ausdruck. Einer schrieb: \u00abEs gab im Laufe der Jahre viele talentierte Leute... aber Susan Boyle ist die Beste der Besten... und das steht au\u00dfer Frage.\u00bb.<\/p>\n<p> \u00abSusan Boyle ist eine wahre Ikone\u00bb, teilte ein anderer Fan mit.<\/p>\n<p> Anfang dieses Monats gab Cowell im Podcast \u00abTales from the Celebrity Trenches\u00bb zu, dass seine erste Reaktion auf Boyle w\u00e4hrend ihres Vorsprechens \u00abschrecklich\u00bb gewesen sei.<\/p>\n<p> \u00abAber ich erinnere mich, dass ich gesagt habe: \u201eIch glaube, wir sehen nicht schlimm genug aus\u201c\u201e, erkl\u00e4rte er. \u201c\u201eIch glaube, wir sahen noch schlimmer aus.\u201c Ich sagte: \u201eSagen wir es einfach, wie es ist.\u201c Und sie sagten: \u201eIhr seht furchtbar aus.\u201c Ich sagte: \u00bbWir sind furchtbar. Wir alle.\u2018 Ich meine, dieser Blick von Pierce\u2026 Von allen Blicken, an die ich mich erinnern kann, ist das wahrscheinlich der schlimmste.\u201c. <\/p>\n<p> Susan Boyle besucht die Verleihung der Pride of Scotland Awards am 23. Juni 2025 im DoubleTree by Hilton Glasgow Central in Glasgow, Schottland. (Foto: Roberto Ricciuti\/WireImage)<\/p>\n<p> Er merkte an, dass er selbst \u00abnicht besser\u00bb gewesen sei und f\u00fcgte hinzu: \u00abSo waren wir alle schon mal. Und dann, Gott sei Dank f\u00fcr sie, ging alles gut aus. Nat\u00fcrlich h\u00e4tte ich die Gelegenheit gehabt, allem ein Ende zu setzen, aber es war so etwas wie ein Weckruf f\u00fcr mich. N\u00e4mlich: Man kann ein Buch nicht nach seinem Einband beurteilen.\u00bb.<\/p>\n<p> \u00abWir sahen widerlich aus, aber in diesem Moment mussten wir unsere Schuld eingestehen\u00bb, fuhr er fort. \u201eViele Leute w\u00fcrden in etwa 24 Stunden erkennen, dass wir einfach nur schrecklich waren. Also entschuldigten wir uns. Und das taten wir auch.\u201c.<\/p>\n<p> Cowell gab zu, dass dieser Moment die Juroren innehalten lie\u00df und erkl\u00e4rte: \u00abIch glaube, wir haben uns in diesem Moment alle selbst angeschaut und gedacht: \u201eOh mein Gott, wir sind alle schrecklich.\u201c\u00bb.<\/p>\n<p> Die 21. Staffel von &quot;America&#039;s Got Talent&quot; feiert am 2. Juni auf NBC und am darauffolgenden Tag auf Peacock Premiere.<\/p>\n<p> <strong>Verwandte Artikel<\/strong><\/p>\n<ul>\n<li>\n<p> Die Reality-TV-Darstellerin Mika Abdallah (\u00abOff Campus\u00bb) und ihr Verlobter Jake Short haben sich nach f\u00fcnf Jahren Beziehung getrennt.<\/p>\n<\/li>\n<li>\n<p> Neu auf Peacock: Die vollst\u00e4ndige Liste der Filme und Fernsehsendungen, die im Juni 2026 erscheinen.<\/p>\n<\/li>\n<li>\n<p> Neu auf HBO Max: Die vollst\u00e4ndige Liste der Filme und Fernsehsendungen, die im Juni 2026 erscheinen.<\/p>\n<\/li>\n<\/ul>\n<p> Starten Sie Ihre unbegrenzte Testphase von Newsweek.<\/p>","protected":false},"excerpt":{"rendered":"<p>F\u00fcnfzehn Jahre sp\u00e4ter erinnert sich Simon Cowell an Susan Boyles viralen Auftritt bei \u00abBritain&#039;s Got Talent\u00bb. Wie sich die Fans erinnern werden, sang die 65-j\u00e4hrige Boyle \u00abI Dreamed a\u2026\u201c.<\/p>","protected":false},"author":1,"featured_media":8634,"comment_status":"open","ping_status":"closed","sticky":false,"template":"","format":"standard","meta":{"footnotes":""},"categories":[6],"tags":[],"class_list":["post-8633","post","type-post","status-publish","format-standard","has-post-thumbnail","hentry","category-kinoindustriya","hvn-theme-has-thumbnail"],"_links":{"self":[{"href":"https:\/\/imgist.ru\/de\/wp-json\/wp\/v2\/posts\/8633","targetHints":{"allow":["GET"]}}],"collection":[{"href":"https:\/\/imgist.ru\/de\/wp-json\/wp\/v2\/posts"}],"about":[{"href":"https:\/\/imgist.ru\/de\/wp-json\/wp\/v2\/types\/post"}],"author":[{"embeddable":true,"href":"https:\/\/imgist.ru\/de\/wp-json\/wp\/v2\/users\/1"}],"replies":[{"embeddable":true,"href":"https:\/\/imgist.ru\/de\/wp-json\/wp\/v2\/comments?post=8633"}],"version-history":[{"count":2,"href":"https:\/\/imgist.ru\/de\/wp-json\/wp\/v2\/posts\/8633\/revisions"}],"predecessor-version":[{"id":152472,"href":"https:\/\/imgist.ru\/de\/wp-json\/wp\/v2\/posts\/8633\/revisions\/152472"}],"wp:featuredmedia":[{"embeddable":true,"href":"https:\/\/imgist.ru\/de\/wp-json\/wp\/v2\/media\/8634"}],"wp:attachment":[{"href":"https:\/\/imgist.ru\/de\/wp-json\/wp\/v2\/media?parent=8633"}],"wp:term":[{"taxonomy":"category","embeddable":true,"href":"https:\/\/imgist.ru\/de\/wp-json\/wp\/v2\/categories?post=8633"},{"taxonomy":"post_tag","embeddable":true,"href":"https:\/\/imgist.ru\/de\/wp-json\/wp\/v2\/tags?post=8633"}],"curies":[{"name":"wp","href":"https:\/\/api.w.org\/{rel}","templated":true}]}}