{"id":8937,"date":"2026-06-03T08:05:34","date_gmt":"2026-06-03T05:05:34","guid":{"rendered":"http:\/\/imgist.ru\/muzykalnaya-ikona-90-h-i-koroleva-moshhnyh-ballad-selin-dion-obyavila-o-vazhnyh-izmeneniyah-v-raspisanii-konczertov\/"},"modified":"2026-08-29T12:00:42","modified_gmt":"2026-08-29T09:00:42","slug":"die-musikikone-der-90er-und-powerballadenkonigin-celine-dion-hat-grose-anderungen-an-ihrem-konzertplan-angekundigt","status":"publish","type":"post","link":"https:\/\/imgist.ru\/de\/muzykalnaya-ikona-90-h-i-koroleva-moshhnyh-ballad-selin-dion-obyavila-o-vazhnyh-izmeneniyah-v-raspisanii-konczertov\/","title":{"rendered":"Die Musikikone der 90er und \u00abK\u00f6nigin der Powerballaden\u00bb, Celine Dion, hat wichtige \u00c4nderungen an ihrem Konzertplan bekannt gegeben."},"content":{"rendered":"<p>Celine Dion, die \u00abK\u00f6nigin der Powerballaden\u00bb, begeisterte ihre Fans mit aufregenden Neuigkeiten.<\/p>\n<p> Nach der Ank\u00fcndigung ihrer bevorstehenden Konzertreihe in Paris hat die preisgekr\u00f6nte S\u00e4ngerin das Programm aufgrund der gro\u00dfen Nachfrage um eine Reihe neuer Termine erweitert.<\/p>\n<p> In einem Instagram-Post teilte die S\u00e4ngerin von \u00abHeart Will Go On\u00bb ein fesselndes Schwarz-Wei\u00df-Video von sich selbst, in dem sie das Intro zu ihrem Klassiker \u00abIt&#039;s All Coming Back\u00bb performt.<\/p>\n<p> Die Bildunterschrift enthielt Hinweise auf 10 neue Shows, die im Mai 2027 stattfinden sollen, und zwar vom 8. bis 29. Mai.<\/p>\n<p> Die Kommentarspalte war voll von Fans, die unbedingt Tickets ergattern wollten. <\/p>\n<p> C\u00e9line Dion bei einer Sondervorf\u00fchrung von \u00abI Am C\u00e9line Dion\u00bb in der Alice Tully Hall in New York City am 17. Juni 2024. Foto: Christina Bumfrey\/Variety via Getty Images<\/p>\n<p> \u00abNochmals herzlichen Gl\u00fcckwunsch an alle, die bei The Hunger Games dabei waren!\u00ab, witzelte ein Follower in Anspielung auf den harten Wettbewerb um die Tickets.<\/p>\n<p> \u00abDa haben wir es wieder, Die Tribute von Panem Teil 2\u00ab, kommentierte ein Nutzer.<\/p>\n<p> \u00abViel Gl\u00fcck an alle in der zweiten, unerwarteten Runde!!! Celine in Paris, ein tosender Applaus!!!\u00bb, schrieb ein Nutzer.<\/p>\n<p> \u00abIch habe es nicht geschafft, aber ich werde weiter versuchen, das Herz der K\u00f6nigin zu gewinnen!\u00bb, kommentierte ein hoffnungsvoller Fan.<\/p>\n<p> Neben den Fans, die unbedingt Tickets kaufen wollten, hofften viele auch, dass Celine Dion ihre Konzertreihe nach Nordamerika und sogar nach Asien bringen w\u00fcrde.<\/p>\n<p> \u00ab&quot;Oh mein Gott... Was f\u00fcr ein fantastisches Konzert im Rahmen der K\u00fcnstlerresidenz. Bitte kommt nach Japan...&quot;, schrieb ein Fan.<\/p>\n<p> \u00abWann Kanada?\u00bb, fragte einer von ihnen.<\/p>\n<p> Ein anderer Instagram-Nutzer \u00e4u\u00dferte eine \u00e4hnliche Meinung und schrieb: \u00abKalifornien, bitte!\u00bb<\/p>\n<p> Die S\u00e4ngerin verk\u00fcndete diese unerwartete Neuigkeit offiziell am 30. M\u00e4rz anl\u00e4sslich ihres 58. Geburtstags.<\/p>\n<p> Dion, die ab dem 12. September 2026 eine Reihe von Konzerten in der Pariser Arena La D\u00e9fense geben wird, bezeichnete ihre R\u00fcckkehr auf die B\u00fchne als \u00abdas beste Geburtstagsgeschenk\u00bb.<\/p>\n<p> \u00abIn den letzten Jahren habe ich jeden Tag eure Gebete und eure Unterst\u00fctzung, eure G\u00fcte und eure Liebe gesp\u00fcrt\u00bb, sagte sie in dem Video und f\u00fcgte hinzu: \u00abIhr habt mir auf unbeschreibliche Weise geholfen, und ich bin unendlich dankbar f\u00fcr eure Unterst\u00fctzung. Dieses Jahr bekomme ich das sch\u00f6nste Geburtstagsgeschenk meines Lebens \u2026 Ich darf euch wiedersehen und ab September in Paris f\u00fcr euch auftreten! Ich f\u00fchle mich gut, bin stark, voller Vorfreude, nat\u00fcrlich auch ein bisschen nerv\u00f6s, aber vor allem bin ich euch allen unendlich dankbar! Ich liebe euch alle und wir sehen uns bald!\u00bb<\/p>\n<p> Dies markiert ihre R\u00fcckkehr zu einer kompletten Konzertreihe, nachdem bei ihr im Jahr 2022 ein Muskelrigidit\u00e4tssyndrom diagnostiziert wurde.<\/p>\n<p> <strong>Siehe auch: Der Powerballadenstar der 90er zeigt ihren legend\u00e4ren Sommerlook von vor 18 Jahren<\/strong><\/p>\n<p> Dieser Artikel wurde urspr\u00fcnglich am 3. Juni 2026 von Parade im Nachrichtenteil ver\u00f6ffentlicht. F\u00fcgen Sie Parade Ihrer Liste empfohlener Quellen hinzu, indem Sie hier klicken.<\/p>","protected":false},"excerpt":{"rendered":"<p>C\u00e9line Dion, die \u00abK\u00f6nigin der Powerballaden\u00bb, begeisterte ihre Fans mit aufregenden Neuigkeiten. Nachdem sie ihre bevorstehende Konzertreihe in Paris angek\u00fcndigt hatte, erweiterte die preisgekr\u00f6nte S\u00e4ngerin das Programm um einige weitere Konzerte\u2026<\/p>","protected":false},"author":1,"featured_media":8938,"comment_status":"open","ping_status":"closed","sticky":false,"template":"","format":"standard","meta":{"footnotes":""},"categories":[7],"tags":[],"class_list":["post-8937","post","type-post","status-publish","format-standard","has-post-thumbnail","hentry","category-muzyka","hvn-theme-has-thumbnail"],"_links":{"self":[{"href":"https:\/\/imgist.ru\/de\/wp-json\/wp\/v2\/posts\/8937","targetHints":{"allow":["GET"]}}],"collection":[{"href":"https:\/\/imgist.ru\/de\/wp-json\/wp\/v2\/posts"}],"about":[{"href":"https:\/\/imgist.ru\/de\/wp-json\/wp\/v2\/types\/post"}],"author":[{"embeddable":true,"href":"https:\/\/imgist.ru\/de\/wp-json\/wp\/v2\/users\/1"}],"replies":[{"embeddable":true,"href":"https:\/\/imgist.ru\/de\/wp-json\/wp\/v2\/comments?post=8937"}],"version-history":[{"count":1,"href":"https:\/\/imgist.ru\/de\/wp-json\/wp\/v2\/posts\/8937\/revisions"}],"predecessor-version":[{"id":152724,"href":"https:\/\/imgist.ru\/de\/wp-json\/wp\/v2\/posts\/8937\/revisions\/152724"}],"wp:featuredmedia":[{"embeddable":true,"href":"https:\/\/imgist.ru\/de\/wp-json\/wp\/v2\/media\/8938"}],"wp:attachment":[{"href":"https:\/\/imgist.ru\/de\/wp-json\/wp\/v2\/media?parent=8937"}],"wp:term":[{"taxonomy":"category","embeddable":true,"href":"https:\/\/imgist.ru\/de\/wp-json\/wp\/v2\/categories?post=8937"},{"taxonomy":"post_tag","embeddable":true,"href":"https:\/\/imgist.ru\/de\/wp-json\/wp\/v2\/tags?post=8937"}],"curies":[{"name":"wp","href":"https:\/\/api.w.org\/{rel}","templated":true}]}}