{"id":9410,"date":"2026-06-03T16:03:42","date_gmt":"2026-06-03T13:03:42","guid":{"rendered":"https:\/\/imgist.ru\/gruppa-bts-vzorvala-internet-neozhidannym-obyavleniem-o-svoem-uchastii-v-festivale-iheartradio\/"},"modified":"2026-06-03T16:03:42","modified_gmt":"2026-06-03T13:03:42","slug":"bts-sorgte-mit-der-uberraschenden-ankundigung-ihrer-teilnahme-am-iheartradio-festival-fur-furore-im-internet","status":"publish","type":"post","link":"https:\/\/imgist.ru\/de\/gruppa-bts-vzorvala-internet-neozhidannym-obyavleniem-o-svoem-uchastii-v-festivale-iheartradio\/","title":{"rendered":"BTS sorgte mit der \u00fcberraschenden Ank\u00fcndigung ihrer Teilnahme am iHeartRadio Festival f\u00fcr Furore im Internet."},"content":{"rendered":"<p><strong>BTS<\/strong> Sie haben ihre Fans k\u00fcrzlich mit der unerwarteten Nachricht begeistert, dass sie als Headliner auftreten werden. <strong>iHeartRadio Musikfestival 2026.<\/strong> Die weltweit bekannte K-Pop-Gruppe wird im September in der T-Mobile Arena in Las Vegas auftreten. Am Dienstag, dem 2. Juni, verk\u00fcndete iHeartRadio diese aufregende Neuigkeit auf seinem X-Account (ehemals Twitter). Seitdem herrscht gro\u00dfe Begeisterung und Vorfreude unter den Fans, die den Auftritt ihrer Lieblingsk\u00fcnstler bei dem renommierten Festival kaum erwarten k\u00f6nnen.<\/p>\n<h2> BTS wird neben Zara Larsson und anderen K\u00fcnstlern als Headliner beim iHeartRadio Music Festival 2026 auftreten.<\/h2>\n<p> Die Fans von BTS, bekannt als ARMY, sind au\u00dfer sich vor Freude, denn ihre Lieblings-Boyband wird beim iHeartRadio Music Festival 2026 auftreten. Die siebenk\u00f6pfige K-Pop-Gruppe, bestehend aus Jin, Suga, J-Hope, RM, Jimin, V und Jungkook, wird am Freitag, dem 18. September, in der T-Mobile Arena in Las Vegas als Headliner auftreten.<\/p>\n<p> Neben BTS treten beim iHeartRadio Music Festival 2026 auch weitere namhafte K\u00fcnstler auf, darunter Zara Larsson, Cardi B, Benson Boone, Snoop Dogg, die Goo Goo Dolls, Lainey Wilson, Kenny Chesney, Muse, Major Lazer und Weezer. Weitere K\u00fcnstler werden sp\u00e4ter bekanntgegeben. Das Festival findet an zwei Tagen statt: Freitag, dem 18. September, und Samstag, dem 19. September. Ryan Seacrest moderiert die Veranstaltung.<\/p>\n<p> BTS-Fans teilen ihre Begeisterung in den sozialen Medien und kommentieren die unerwartete Nachricht ihres Auftritts beim iHeartRadio Music Festival 2026. Ein Fan schrieb: \u00abSuper, wir bleiben dran!\u00bb Ein anderer: \u00abMEINE K\u00d6NIGE, LOS!\u00bb Ein weiterer Fan bemerkte: \u00abIch bin so aufgeregt, ich kann es kaum erwarten!\u00bb Ein anderer schrieb: \u00abJAAAA \u2026\u00bb.<\/p>\n<p> Der Artikel \u00abBTS sorgt im Internet f\u00fcr Furore nach \u00fcberraschender Ank\u00fcndigung ihrer Teilnahme am iHeartRadio Festival\u00bb erschien zuerst auf Reality Tea.<\/p>","protected":false},"excerpt":{"rendered":"<p>BTS begeisterte k\u00fcrzlich ihre Fans mit der \u00fcberraschenden Nachricht, dass sie als Headliner beim iHeartRadio Music Festival 2026 auftreten werden. Die K-Pop-Gruppe\u2026<\/p>","protected":false},"author":1,"featured_media":9411,"comment_status":"open","ping_status":"closed","sticky":false,"template":"","format":"standard","meta":{"footnotes":""},"categories":[7],"tags":[],"class_list":["post-9410","post","type-post","status-publish","format-standard","has-post-thumbnail","hentry","category-muzyka","hvn-theme-has-thumbnail"],"_links":{"self":[{"href":"https:\/\/imgist.ru\/de\/wp-json\/wp\/v2\/posts\/9410","targetHints":{"allow":["GET"]}}],"collection":[{"href":"https:\/\/imgist.ru\/de\/wp-json\/wp\/v2\/posts"}],"about":[{"href":"https:\/\/imgist.ru\/de\/wp-json\/wp\/v2\/types\/post"}],"author":[{"embeddable":true,"href":"https:\/\/imgist.ru\/de\/wp-json\/wp\/v2\/users\/1"}],"replies":[{"embeddable":true,"href":"https:\/\/imgist.ru\/de\/wp-json\/wp\/v2\/comments?post=9410"}],"version-history":[{"count":0,"href":"https:\/\/imgist.ru\/de\/wp-json\/wp\/v2\/posts\/9410\/revisions"}],"wp:featuredmedia":[{"embeddable":true,"href":"https:\/\/imgist.ru\/de\/wp-json\/wp\/v2\/media\/9411"}],"wp:attachment":[{"href":"https:\/\/imgist.ru\/de\/wp-json\/wp\/v2\/media?parent=9410"}],"wp:term":[{"taxonomy":"category","embeddable":true,"href":"https:\/\/imgist.ru\/de\/wp-json\/wp\/v2\/categories?post=9410"},{"taxonomy":"post_tag","embeddable":true,"href":"https:\/\/imgist.ru\/de\/wp-json\/wp\/v2\/tags?post=9410"}],"curies":[{"name":"wp","href":"https:\/\/api.w.org\/{rel}","templated":true}]}}