{"id":9514,"date":"2026-06-03T16:59:33","date_gmt":"2026-06-03T13:59:33","guid":{"rendered":"http:\/\/imgist.ru\/es-planiruet-vvesti-energeticheskie-standarty-dlya-czentrov-obrabotki-dannyh-na-fone-opasenij-po-povodu-rezkogo-rosta-potrebleniya-elektroenergii\/"},"modified":"2026-06-03T16:59:33","modified_gmt":"2026-06-03T13:59:33","slug":"es-plant-die-einfuhrung-von-energiestandards-fur-rechenzentren-angesichts-der-besorgnis-uber-einen-starken-anstieg-des-stromverbrauchs","status":"publish","type":"post","link":"https:\/\/imgist.ru\/de\/es-planiruet-vvesti-energeticheskie-standarty-dlya-czentrov-obrabotki-dannyh-na-fone-opasenij-po-povodu-rezkogo-rosta-potrebleniya-elektroenergii\/","title":{"rendered":"Angesichts der Besorgnis \u00fcber einen sprunghaften Anstieg des Stromverbrauchs plant die EU die Einf\u00fchrung von Energiestandards f\u00fcr Rechenzentren."},"content":{"rendered":"<p>Kate Abnett<\/p>\n<p> BR\u00dcSSEL, 3. Juni (Reuters) \u2013 Die Europ\u00e4ische Union wird Mindeststandards f\u00fcr die Energieeffizienz von Rechenzentren festlegen, teilte sie am Mittwoch in einer Erkl\u00e4rung mit. Hintergrund sind wachsende Bedenken hinsichtlich des rapide steigenden Energieverbrauchs dieser Einrichtungen.<\/p>\n<p> Die Rechenzentrumskapazit\u00e4t in der EU wird sich in den kommenden Jahren voraussichtlich mehr als verdoppeln und bis 2030 28 Gigawatt erreichen, gegen\u00fcber 12 GW im Vorjahr. Durch diesen Ausbau wird ihr Anteil am EU-Stromverbrauch \u00fcber die derzeitigen 2,51 TP3T hinaus steigen.<\/p>\n<p> Die Europ\u00e4ische Kommission k\u00fcndigte an, Mindestleistungsstandards sowohl f\u00fcr neue als auch f\u00fcr bestehende Rechenzentren zu entwickeln und bis 2027 eine Bedarfsanalyse durchzuf\u00fchren.<\/p>\n<p> Machtdurst<\/p>\n<p> Rechenzentren bilden die Grundlage digitaler Dienste und treiben die rasante Entwicklung von Computertechnologie und k\u00fcnstlicher Intelligenz voran. Ihr hoher Energieverbrauch birgt jedoch das Risiko, Europas Energiewende zu verlangsamen \u2013 wenn fossile Kraftwerke l\u00e4nger in Betrieb bleiben oder neue gebaut werden, um den Bedarf zu decken \u2013 und k\u00f6nnte aufgrund von Netzengp\u00e4ssen zu h\u00f6heren Strompreisen f\u00fchren.<\/p>\n<p> \u00abWenn diese Probleme jetzt nicht auf EU-Ebene angegangen werden, k\u00f6nnten sie sich deutlich versch\u00e4rfen und in den kommenden Jahren schwieriger zu l\u00f6sen sein, da der Energieverbrauch in diesem Sektor voraussichtlich weiter steigen wird\u00bb, so die Kommission.<\/p>\n<p> Nach Angaben der Internationalen Energieagentur werden Rechenzentren bis 2030 f\u00fcr 201,3 Billionen des Wachstums des Strombedarfs in den Industriel\u00e4ndern verantwortlich sein.<\/p>\n<p> Die EU arbeitet au\u00dferdem an der Schaffung eines Nachhaltigkeitslabels f\u00fcr Rechenzentren, das Kriterien wie Wasserverbrauch und saubere Energieversorgung umfassen soll. Gro\u00dfe Einrichtungen w\u00e4ren verpflichtet, diese Daten zu ver\u00f6ffentlichen.<\/p>\n<p> Der f\u00fcr Mittwoch erwartete Vorschlag wurde verschoben. Beamte teilten Reuters mit, dass die Kommission weiterhin verschiedene Fragen er\u00f6rtert, unter anderem die Bewertung von Rechenzentren, die mit Kernenergie betrieben werden. Ein Sprecher der Kommission reagierte zun\u00e4chst nicht auf eine Anfrage nach einer Stellungnahme.<\/p>\n<p> Diese Pl\u00e4ne sind Teil eines umfassenderen EU-Technologiepakets, das darauf abzielt, die heimischen Kapazit\u00e4ten im Bereich Cloud Computing und K\u00fcnstliche Intelligenz zu st\u00e4rken und die Abh\u00e4ngigkeit von gro\u00dfen Technologiekonzernen zu verringern. Weitere Ma\u00dfnahmen umfassen den Einsatz generativer KI zur Beschleunigung der Genehmigungsverfahren f\u00fcr neue Energieprojekte und die Finanzierung von KI-Tools f\u00fcr das Management des europ\u00e4ischen Energienetzes.<\/p>\n<p> (Berichterstattung: Kate Abnett. Redaktion: Mark Potter)<\/p>","protected":false},"excerpt":{"rendered":"<p>Von Kate Abnett BR\u00dcSSEL, 3. Juni (Reuters) \u2013 Die Europ\u00e4ische Union wird Mindeststandards f\u00fcr die Energieeffizienz von Rechenzentren festlegen, teilte sie am Mittwoch in einer Erkl\u00e4rung mit\u2026<\/p>","protected":false},"author":1,"featured_media":9515,"comment_status":"open","ping_status":"closed","sticky":false,"template":"","format":"standard","meta":{"footnotes":""},"categories":[2],"tags":[],"class_list":["post-9514","post","type-post","status-publish","format-standard","has-post-thumbnail","hentry","category-news","hvn-theme-has-thumbnail"],"_links":{"self":[{"href":"https:\/\/imgist.ru\/de\/wp-json\/wp\/v2\/posts\/9514","targetHints":{"allow":["GET"]}}],"collection":[{"href":"https:\/\/imgist.ru\/de\/wp-json\/wp\/v2\/posts"}],"about":[{"href":"https:\/\/imgist.ru\/de\/wp-json\/wp\/v2\/types\/post"}],"author":[{"embeddable":true,"href":"https:\/\/imgist.ru\/de\/wp-json\/wp\/v2\/users\/1"}],"replies":[{"embeddable":true,"href":"https:\/\/imgist.ru\/de\/wp-json\/wp\/v2\/comments?post=9514"}],"version-history":[{"count":0,"href":"https:\/\/imgist.ru\/de\/wp-json\/wp\/v2\/posts\/9514\/revisions"}],"wp:featuredmedia":[{"embeddable":true,"href":"https:\/\/imgist.ru\/de\/wp-json\/wp\/v2\/media\/9515"}],"wp:attachment":[{"href":"https:\/\/imgist.ru\/de\/wp-json\/wp\/v2\/media?parent=9514"}],"wp:term":[{"taxonomy":"category","embeddable":true,"href":"https:\/\/imgist.ru\/de\/wp-json\/wp\/v2\/categories?post=9514"},{"taxonomy":"post_tag","embeddable":true,"href":"https:\/\/imgist.ru\/de\/wp-json\/wp\/v2\/tags?post=9514"}],"curies":[{"name":"wp","href":"https:\/\/api.w.org\/{rel}","templated":true}]}}