{"id":9769,"date":"2026-06-03T18:19:45","date_gmt":"2026-06-03T15:19:45","guid":{"rendered":"https:\/\/imgist.ru\/kris-epplton-nakonecz-to-sdelal-prichesku-britni-spirs-posle-togo-kak-zayavil-chto-ona-zasluzhivaet-pricheski-dlya-vozvrashheniya\/"},"modified":"2026-06-03T18:19:45","modified_gmt":"2026-06-03T15:19:45","slug":"chris-appleton-lies-britney-spears-endlich-die-haare-machen-nachdem-er-gesagt-hatte-sie-verdiene-fur-ihr-comeback-einen-haarschnitt","status":"publish","type":"post","link":"https:\/\/imgist.ru\/de\/kris-epplton-nakonecz-to-sdelal-prichesku-britni-spirs-posle-togo-kak-zayavil-chto-ona-zasluzhivaet-pricheski-dlya-vozvrashheniya\/","title":{"rendered":"Chris Appleton hat Britney Spears endlich die Haare geschnitten, nachdem er behauptet hatte, sie verdiene einen \u00abComeback-Haarschnitt\u00bb."},"content":{"rendered":"<p>Britney Spears hat einen neuen, eleganteren Look, und Chris Appleton hat deutlich gemacht, dass ihre Arbeit als Stylistin mehr ist als nur eine weitere Dienstleistung f\u00fcr Prominente.<\/p>\n<p> Auf einem Instagram-Foto vom 1. Juni, das von Appleton gepostet wurde, ist die S\u00e4ngerin mit gl\u00e4nzendem, perfekt glattem blonden Haar nach einem Besuch bei der Promi-Stylistin zu sehen. E! News beschrieb den Look als R\u00fcckkehr zum eleganten Stil der fr\u00fchen 2000er-Jahre, w\u00e4hrend InStyle anmerkte, dass Spears sich von den lockeren Wellen verabschiedet hat, die sie in den letzten Jahren oft trug.<\/p>\n<p> Auf dem Foto posiert Spears hinter Appleton und h\u00e4lt mehrere Stylingger\u00e4te in der Hand. Ihr Haar ist nach wie vor blond, aber die Frisur wirkt eleganter, glatter und gepflegter als der l\u00e4ssige, zerzauste Look, den ihre Fans oft an ihr sehen.<\/p>\n<h2> Appleton bezeichnete ihre Zusammenarbeit mit Spears als den Abschluss eines Zyklus.<\/h2>\n<p> In der Bildunterschrift seines Instagram-Posts schrieb Appleton, dass Spears&#039; Musik der &quot;Soundtrack&quot; zu vielen Momenten seiner Kindheit in England gewesen sei.<\/p>\n<p> Er sagte, er h\u00e4tte nie damit gerechnet, ihr eines Tages die Haare zu machen, und bezeichnete die Erfahrung als einen Kreis, der sich geschlossen habe. Appleton lobte Spears au\u00dferdem pers\u00f6nlich und nannte sie eine Ikone und eine der freundlichsten und sanftm\u00fctigsten Personen, die er je kennengelernt habe.<\/p>\n<p> Die Bildunterschrift verlieh dem Ganzen eine pers\u00f6nliche Note, die \u00fcber die eigentliche Verwandlung hinausging. Appleton hat bereits mit Kim Kardashian, Jennifer Lopez, Ariana Grande, Nicole Kidman und anderen gro\u00dfen Stars zusammengearbeitet, doch das Fotoshooting mit Spears pr\u00e4sentierte er als Karriereh\u00f6hepunkt und spielte damit auf seine eigene Kindheitsliebe zu ihr an.<\/p>\n<h2> Er hat ja schon gesagt, dass er ihr die Haare machen will.<\/h2>\n<p> Eine m\u00f6gliche Zusammenarbeit wurde bereits \u00f6ffentlich er\u00f6rtert.<\/p>\n<p> Im Juni 2025 soll Appleton auf Fans reagiert haben, die ihn aufforderten, Spears&#039; Frisur auszuprobieren. Er sagte, er h\u00e4tte nichts dagegen, aber nur f\u00fcr eine kleine \u00c4nderung.<\/p>\n<p> \u00abEs muss eine komplette Typver\u00e4nderung sein\u00bb, sagte Appleton laut People und f\u00fcgte hinzu, dass Spears ein \u00abgro\u00dfes Comeback mit einer neuen Frisur\u00bb verdiene.<\/p>\n<p> Der vorherige Kommentar macht das neue Foto zu mehr als nur einem zuf\u00e4lligen Post aus einem Sch\u00f6nheitssalon. Appleton hatte die Idee bereits ins Spiel gebracht, und ein Jahr sp\u00e4ter teilte er ein Foto von sich und Spears, nachdem er sich endlich die Sch\u00f6nheits-OP hatte machen lassen.<\/p>\n<h2> Diese Frisur ist eine der bedeutendsten Ver\u00e4nderungen in ihrer Garderobe in den letzten Jahren.<\/h2>\n<p> Das Magazin InStyle bezeichnete die Ver\u00e4nderung als Spears&#039; erste nennenswerte Haarver\u00e4nderung seit Jahren und erw\u00e4hnte das Jahr 2022, als sie kurzzeitig lila Haare auf Instagram pr\u00e4sentierte.<\/p>\n<p> Die Ver\u00e4nderung betraf weniger die neue Haarfarbe als vielmehr den Look. Spears behielt ihr blondes Haar, doch Appleton stylte es zu einem eleganten, gl\u00e4nzenden Schnitt, der dem Foto einen frischeren, Retro-Touch verlieh.<\/p>\n<p> Der Beitrag enthielt keine ausf\u00fchrliche Stellungnahme von Spears. Appleton teilte ein Foto, beschrieb, was ihm das Shooting bedeutete, und zeigte den Fans ein seltenes neues Foto der S\u00e4ngerin mit einer eleganteren Frisur als sonst.<\/p>\n<p> F\u00fcr Appleton war der Moment genau das, was er sich gew\u00fcnscht hatte: Britney Spears in seinem Stuhl, ein komplettes Umstyling und die Rede von einem \u00abComeback-Haarschnitt\u00bb, untermauert durch reale Bilder.<\/p>","protected":false},"excerpt":{"rendered":"<p>Britney Spears hat einen neuen, eleganteren Look, und Chris Appleton hat deutlich gemacht, dass ihre Arbeit als Stylistin mehr ist als nur eine weitere Dienstleistung...<\/p>","protected":false},"author":1,"featured_media":9770,"comment_status":"open","ping_status":"closed","sticky":false,"template":"","format":"standard","meta":{"footnotes":""},"categories":[5],"tags":[],"class_list":["post-9769","post","type-post","status-publish","format-standard","has-post-thumbnail","hentry","category-selebriti","hvn-theme-has-thumbnail"],"_links":{"self":[{"href":"https:\/\/imgist.ru\/de\/wp-json\/wp\/v2\/posts\/9769","targetHints":{"allow":["GET"]}}],"collection":[{"href":"https:\/\/imgist.ru\/de\/wp-json\/wp\/v2\/posts"}],"about":[{"href":"https:\/\/imgist.ru\/de\/wp-json\/wp\/v2\/types\/post"}],"author":[{"embeddable":true,"href":"https:\/\/imgist.ru\/de\/wp-json\/wp\/v2\/users\/1"}],"replies":[{"embeddable":true,"href":"https:\/\/imgist.ru\/de\/wp-json\/wp\/v2\/comments?post=9769"}],"version-history":[{"count":0,"href":"https:\/\/imgist.ru\/de\/wp-json\/wp\/v2\/posts\/9769\/revisions"}],"wp:featuredmedia":[{"embeddable":true,"href":"https:\/\/imgist.ru\/de\/wp-json\/wp\/v2\/media\/9770"}],"wp:attachment":[{"href":"https:\/\/imgist.ru\/de\/wp-json\/wp\/v2\/media?parent=9769"}],"wp:term":[{"taxonomy":"category","embeddable":true,"href":"https:\/\/imgist.ru\/de\/wp-json\/wp\/v2\/categories?post=9769"},{"taxonomy":"post_tag","embeddable":true,"href":"https:\/\/imgist.ru\/de\/wp-json\/wp\/v2\/tags?post=9769"}],"curies":[{"name":"wp","href":"https:\/\/api.w.org\/{rel}","templated":true}]}}