{"id":9783,"date":"2026-06-03T18:21:07","date_gmt":"2026-06-03T15:21:07","guid":{"rendered":"https:\/\/imgist.ru\/dzhill-bajden-utverzhdaet-chto-melaniya-tramp-neodnokratno-uklonyalas-ot-voprosov-o-svoem-syne-berrone-vo-vremya-nelovkoj-poezdki-na-avtomobile\/"},"modified":"2026-06-03T18:21:07","modified_gmt":"2026-06-03T15:21:07","slug":"jill-baden-behauptet-melania-trump-habe-wahrend-einer-unangenehmen-autofahrt-wiederholt-fragen-zu-ihrem-sohn-bernard-ausgewichen","status":"publish","type":"post","link":"https:\/\/imgist.ru\/de\/dzhill-bajden-utverzhdaet-chto-melaniya-tramp-neodnokratno-uklonyalas-ot-voprosov-o-svoem-syne-berrone-vo-vremya-nelovkoj-poezdki-na-avtomobile\/","title":{"rendered":"Jill Biden behauptet, Melania Trump habe w\u00e4hrend einer unangenehmen Autofahrt wiederholt Fragen zu ihrem Sohn Barron ausgewichen."},"content":{"rendered":"<p>In seinen neuen Memoiren\u00ab <em>Ein Blick vom Ostfl\u00fcgel<\/em> \u00bb <strong>Jill Biden<\/strong> erinnert sich an die Zeit, die sie im Wei\u00dfen Haus neben ihrem Ex verbrachte. <strong>Pr\u00e4sident<\/strong> <strong>Joe Biden<\/strong> , einschlie\u00dflich eines peinlichen Moments mit <strong>Melania Trump<\/strong> .<\/p>\n<p> Laut dem Artikel in <em>Zeitung Die Washington Post<\/em> , Wie am Dienstag, dem 2. Juni, ver\u00f6ffentlicht wurde, fuhren die 75-j\u00e4hrige Jill und die 56-j\u00e4hrige Melania am Tag der zweiten Amtseinf\u00fchrung im selben Autokonvoi mit. <strong>Pr\u00e4sident<\/strong> <strong>Donald Trump<\/strong> . Sie schrieb, dass, als ein Mitreisender <strong>John Bessler<\/strong> , Ehemann einer demokratischen Senatorin <strong>Amy Klobuchar<\/strong> , nach Eindr\u00fccken gefragt <strong>Barron Trump<\/strong> W\u00e4hrend ihres Studiums an der New York University versuchte Melania immer wieder, das Thema zu wechseln.<\/p>\n<p> \u00abMelania versuchte immer wieder, das Gespr\u00e4ch auf das Wetter zu lenken\u00bb, schrieb Jill laut der Ver\u00f6ffentlichung. <\/p>\n<p>&lt;img","protected":false},"excerpt":{"rendered":"<p>In ihren neuen Memoiren \u00abEin Blick aus dem Ostfl\u00fcgel\u00bb erinnert sich Jill Biden an ihre Zeit im Wei\u00dfen Haus an der Seite von Ex-Pr\u00e4sident Joe Biden\u2026<\/p>","protected":false},"author":1,"featured_media":9784,"comment_status":"open","ping_status":"closed","sticky":false,"template":"","format":"standard","meta":{"footnotes":""},"categories":[5],"tags":[],"class_list":["post-9783","post","type-post","status-publish","format-standard","has-post-thumbnail","hentry","category-selebriti","hvn-theme-has-thumbnail"],"_links":{"self":[{"href":"https:\/\/imgist.ru\/de\/wp-json\/wp\/v2\/posts\/9783","targetHints":{"allow":["GET"]}}],"collection":[{"href":"https:\/\/imgist.ru\/de\/wp-json\/wp\/v2\/posts"}],"about":[{"href":"https:\/\/imgist.ru\/de\/wp-json\/wp\/v2\/types\/post"}],"author":[{"embeddable":true,"href":"https:\/\/imgist.ru\/de\/wp-json\/wp\/v2\/users\/1"}],"replies":[{"embeddable":true,"href":"https:\/\/imgist.ru\/de\/wp-json\/wp\/v2\/comments?post=9783"}],"version-history":[{"count":0,"href":"https:\/\/imgist.ru\/de\/wp-json\/wp\/v2\/posts\/9783\/revisions"}],"wp:featuredmedia":[{"embeddable":true,"href":"https:\/\/imgist.ru\/de\/wp-json\/wp\/v2\/media\/9784"}],"wp:attachment":[{"href":"https:\/\/imgist.ru\/de\/wp-json\/wp\/v2\/media?parent=9783"}],"wp:term":[{"taxonomy":"category","embeddable":true,"href":"https:\/\/imgist.ru\/de\/wp-json\/wp\/v2\/categories?post=9783"},{"taxonomy":"post_tag","embeddable":true,"href":"https:\/\/imgist.ru\/de\/wp-json\/wp\/v2\/tags?post=9783"}],"curies":[{"name":"wp","href":"https:\/\/api.w.org\/{rel}","templated":true}]}}