{"id":10005,"date":"2026-06-03T20:15:11","date_gmt":"2026-06-03T17:15:11","guid":{"rendered":"https:\/\/imgist.ru\/glava-cbs-news-prokommentiroval-uvolnenie-skotta-pelli-vybrannyj-im-put\/"},"modified":"2026-08-29T12:04:01","modified_gmt":"2026-08-29T09:04:01","slug":"el-director-de-cbs-news-comento-sobre-el-despido-de-scott-pelli-el-presentador-elegido","status":"publish","type":"post","link":"https:\/\/imgist.ru\/es\/glava-cbs-news-prokommentiroval-uvolnenie-skotta-pelli-vybrannyj-im-put\/","title":{"rendered":"El director ejecutivo de CBS News comenta sobre el despido de Scott Pelley: &quot;El camino que \u00e9l eligi\u00f3&quot;."},"content":{"rendered":"<p>Editor en jefe de CBS News <strong>Bari Weiss<\/strong> rompi\u00f3 su silencio sobre el despido de un veterano del programa. <em>\u00ab60 minutos\u00bb<\/em> <strong>Scott Pelley<\/strong> , comunic\u00e1ndoles a los empleados durante una llamada el mi\u00e9rcoles por la ma\u00f1ana, 3 de junio, que su despido no era el resultado que la gerencia deseaba.<\/p>\n<p> \u00ab&quot;No quer\u00edamos que esto sucediera, pero ese es el camino que \u00e9l eligi\u00f3&quot;, dijo Weiss en una llamada telef\u00f3nica, seg\u00fan <strong>Jeremy Barr<\/strong> <em>Seg\u00fan The Guardian<\/em> .<\/p>\n<h2> Lo que dijo Weiss<\/h2>\n<p> En declaraciones al personal de CBS News, Weiss describi\u00f3 la salida de Pelley como una ruptura de la confianza. <\/p>\n<p> Weiss elogi\u00f3 los reportajes anteriores de Pelley, incluyendo los relacionados con el S\u00edndrome de La Habana y la exploraci\u00f3n de cuevas en Vietnam. (Fuente: Real Time with Bill Maher \/ YouTube)<\/p>\n<p> \u00abS\u00e9 que hablo por m\u00ed mismo, y espero hablar por todos los presentes, cuando digo que solo me interesa trabajar en una redacci\u00f3n basada en la confianza y el respeto mutuo. Sin eso, no podemos hacer nuestro trabajo. Esa base se hizo a\u00f1icos el lunes, y a pesar de nuestros esfuerzos por contactar con Scott Pelley y encontrar la manera de restablecer nuestra relaci\u00f3n, lamentablemente no lo conseguimos, as\u00ed que tuvimos que separarnos.<\/p>\n<p> Weiss tambi\u00e9n destac\u00f3 los muchos a\u00f1os de experiencia de Pelley en la cadena. Barr coment\u00f3 que ella mencion\u00f3 varias historias en las que \u00e9l trabaj\u00f3 durante la \u00faltima temporada del programa. <em>\u00ab60 minutos\u00bb<\/em> , calific\u00e1ndolos como ejemplos de periodismo excepcional.<\/p>\n<h2> Confrontaci\u00f3n con Nick Bilton<\/h2>\n<p> El despido se produjo tras una tensa reuni\u00f3n de personal el 2 de junio, en la que, seg\u00fan se informa, Pelley tuvo un enfrentamiento con <strong>Nick Bilton<\/strong> , el productor ejecutivo del programa, recientemente nombrado <em>\u00ab60 minutos\u00bb<\/em> . <\/p>\n<p> Bilton afirm\u00f3 que sus planes para el programa incluyen cambios en la estructura de programaci\u00f3n y capacitaci\u00f3n para futuros presentadores. Autor: David Perell \/ YouTube<\/p>\n<p> Seg\u00fan varios informes, Pelley acus\u00f3 a Weiss de &quot;matar&quot; el programa y le dijo a Bilton que no estaba &quot;bien cualificado&quot; para dirigir el programa de larga duraci\u00f3n.<\/p>\n<h2> Carta de renuncia<\/h2>\n<p> El martes 2 de junio, Bilton notific\u00f3 a Pelley por correo electr\u00f3nico que su contrato de trabajo quedaba rescindido con justa causa, con efecto inmediato.<\/p>\n<p> En su carta de renuncia, obtenida por varios medios de comunicaci\u00f3n, Bilton escribi\u00f3: &quot;Ayer, interrumpiste mi primera reuni\u00f3n de personal para desacreditarme, mis cualificaciones y mis intenciones con una descortes\u00eda y un desprecio asombrosos. La ostentosa hostilidad de ayer, mostrada delante del personal en lugar de en una conversaci\u00f3n privada y civilizada, demostr\u00f3 que no tienes ning\u00fan inter\u00e9s en contribuir al \u00e9xito futuro del programa ni en abordar mi nuevo puesto con una mentalidad abierta a la colaboraci\u00f3n y al progreso&quot;. <\/p>\n<p> M\u00e1s tarde, Bilton acus\u00f3 a Pelley de interrumpir su primera reuni\u00f3n de personal y de ser &quot;extraordinariamente grosero&quot;. Autor: Rich Roll \/ YouTube<\/p>\n<p> M\u00e1s tarde esa misma noche, Bilton escribi\u00f3 al personal del programa. <em>\u00ab60 minutos\u00bb<\/em> Sobre la marcha de Pelley, reconoci\u00f3 la importancia del corresponsal para el programa y defendi\u00f3 la decisi\u00f3n de separarse.<\/p>\n<p> \u00ab&quot;S\u00e9 lo mucho que Scott significaba para muchos de ustedes, y no lo digo a la ligera&quot;, escribi\u00f3 Bilton. &quot;Intent\u00e9 hablar con \u00e9l directamente varias veces durante el fin de semana, y esta tarde intent\u00e9 encontrar un punto en com\u00fan. Scott opt\u00f3 por no hacerlo&quot;.<\/p>\n<h2> La respuesta de Pelley<\/h2>\n<p> En una declaraci\u00f3n p\u00fablica tras su despido, Pelley formul\u00f3 graves acusaciones contra la direcci\u00f3n de CBS News.<\/p>\n<p> Acus\u00f3 a la direcci\u00f3n del canal de &quot;incompetencia y falta de profesionalismo&quot; y afirm\u00f3 que se le hab\u00eda encomendado &quot;introducir falsedades y prejuicios en una noticia pol\u00edticamente delicada&quot; y difundir afirmaciones sin verificar. No mencion\u00f3 a Weiss ni a Bilton por su nombre ni especific\u00f3 la noticia en cuesti\u00f3n. <\/p>\n<p> El ex presentador de CBS News, Dan Rather, critic\u00f3 p\u00fablicamente el nombramiento de Weiss, advirtiendo que CBS News se plegar\u00eda a las pol\u00edticas de Trump. Autor: Team Coco \/ YouTube<\/p>\n<p> Pelley tambi\u00e9n dijo que &quot;todo el programa estuvo a punto de ser cancelado&quot; debido a lo que \u00e9l denomin\u00f3 errores de gesti\u00f3n, aunque no proporcion\u00f3 m\u00e1s detalles.<\/p>","protected":false},"excerpt":{"rendered":"<p>La editora en jefe de CBS News, Bari Weiss, rompi\u00f3 su silencio sobre el despido del veterano de &quot;60 Minutes&quot;, Scott Pelley, y les dijo a los empleados durante una llamada...<\/p>","protected":false},"author":1,"featured_media":10006,"comment_status":"open","ping_status":"closed","sticky":false,"template":"","format":"standard","meta":{"footnotes":""},"categories":[6],"tags":[],"class_list":["post-10005","post","type-post","status-publish","format-standard","has-post-thumbnail","hentry","category-kinoindustriya","hvn-theme-has-thumbnail"],"_links":{"self":[{"href":"https:\/\/imgist.ru\/es\/wp-json\/wp\/v2\/posts\/10005","targetHints":{"allow":["GET"]}}],"collection":[{"href":"https:\/\/imgist.ru\/es\/wp-json\/wp\/v2\/posts"}],"about":[{"href":"https:\/\/imgist.ru\/es\/wp-json\/wp\/v2\/types\/post"}],"author":[{"embeddable":true,"href":"https:\/\/imgist.ru\/es\/wp-json\/wp\/v2\/users\/1"}],"replies":[{"embeddable":true,"href":"https:\/\/imgist.ru\/es\/wp-json\/wp\/v2\/comments?post=10005"}],"version-history":[{"count":4,"href":"https:\/\/imgist.ru\/es\/wp-json\/wp\/v2\/posts\/10005\/revisions"}],"predecessor-version":[{"id":153776,"href":"https:\/\/imgist.ru\/es\/wp-json\/wp\/v2\/posts\/10005\/revisions\/153776"}],"wp:featuredmedia":[{"embeddable":true,"href":"https:\/\/imgist.ru\/es\/wp-json\/wp\/v2\/media\/10006"}],"wp:attachment":[{"href":"https:\/\/imgist.ru\/es\/wp-json\/wp\/v2\/media?parent=10005"}],"wp:term":[{"taxonomy":"category","embeddable":true,"href":"https:\/\/imgist.ru\/es\/wp-json\/wp\/v2\/categories?post=10005"},{"taxonomy":"post_tag","embeddable":true,"href":"https:\/\/imgist.ru\/es\/wp-json\/wp\/v2\/tags?post=10005"}],"curies":[{"name":"wp","href":"https:\/\/api.w.org\/{rel}","templated":true}]}}