{"id":10247,"date":"2026-06-03T22:14:18","date_gmt":"2026-06-03T19:14:18","guid":{"rendered":"http:\/\/imgist.ru\/haver-bardem-o-tom-kak-on-perevoplotilsya-v-maksa-kedi-v-novoj-ekranizaczii-mysa-straha-parallelno-snimayas-v-dyune-chast-tretya\/"},"modified":"2026-06-03T22:14:18","modified_gmt":"2026-06-03T19:14:18","slug":"haver-bardem-habla-sobre-como-se-transformo-en-max-kedi-en-la-nueva-proyeccion-de-mys-fear-parte-tres","status":"publish","type":"post","link":"https:\/\/imgist.ru\/es\/haver-bardem-o-tom-kak-on-perevoplotilsya-v-maksa-kedi-v-novoj-ekranizaczii-mysa-straha-parallelno-snimayas-v-dyune-chast-tretya\/","title":{"rendered":"Javier Bardem habla sobre c\u00f3mo se transform\u00f3 en Max Cady en la nueva adaptaci\u00f3n de El cabo del miedo mientras filmaba simult\u00e1neamente Dune: Parte III.\u00ab"},"content":{"rendered":"<p>Hay un nuevo Max Cady en la ciudad.<\/p>\n<p> El famoso villano interpretado por Robert Mitchum en la pel\u00edcula <em>\u00abCabo de Miedo\u00bb<\/em> La adaptaci\u00f3n de Martin Scorsese de 1991 de la pel\u00edcula de 1962 protagonizada por Robert De Niro regresa a la pantalla en una nueva serie de Apple TV. En esta miniserie de 10 episodios, Javier Bardem interpreta a Max Cady, un recluso que, tras 17 a\u00f1os en prisi\u00f3n, sale en libertad y busca vengarse de los abogados, felizmente casados (Amy Adams y Patrick Wilson), que lo enviaron a la c\u00e1rcel.<\/p>\n<p> <strong>M\u00e1s informaci\u00f3n de The Hollywood Reporter<\/strong><\/p>\n<ul>\n<li>\n<p> Cr\u00edtica de Cape Fear: Javier Bardem y Amy Adams se enfrentan en la adaptaci\u00f3n epis\u00f3dica de Apple TV, exagerada y a ratos entretenida.<\/p>\n<\/li>\n<li>\n<p> El Festival de Cine SXSW de Londres inaugura su programaci\u00f3n con el estreno mundial de &quot;Noche y d\u00eda&quot; de Virginia Woolf.<\/p>\n<\/li>\n<li>\n<p> John Travolta habla sobre c\u00f3mo aprendi\u00f3 de Quentin Tarantino y Mike Nichols para su debut como director.<\/p>\n<\/li>\n<\/ul>\n<p> En el estreno de la serie en Los \u00c1ngeles el martes, Bardem admiti\u00f3 que &quot;no se habr\u00eda atrevido a tocar&quot; el papel, por el que De Niro recibi\u00f3 una nominaci\u00f3n al Oscar, si hubiera sido otra simple adaptaci\u00f3n, pero le atrajo la nueva versi\u00f3n, que se extiende a lo largo de 10 horas en lugar de dos.<\/p>\n<p> El actor afirm\u00f3 no haber hablado con De Niro durante el rodaje (bromeando: &quot;Pensaba: &#039;\u00a1Por favor, perd\u00f3name!&#039;&quot;) y no tiene intenci\u00f3n de seguir interpretando al asesino fuera del rodaje, reflexionando: &quot;\u00bfQu\u00e9 sentido tiene? Ni siquiera me interesa. No soy ese tipo de persona&quot;.<\/p>\n<p> Esta facilidad de transformaci\u00f3n result\u00f3 especialmente \u00fatil para este proyecto, ya que Bardem tuvo que viajar para filmar escenas para <em>\u00abDunas: Tercera parte\u00bb<\/em> en medio del trabajo en <em>\u00abCabo de Miedo\u00bb<\/em> .<\/p>\n<p> \u00ab&quot;Solo para alternar entre los roles de Max Cady y el l\u00edder Fremen Stilgar de <em>\u00ab&quot;Dunas<\/em> \u00bb&quot;Tienes que tomar un vuelo. Esto es a lo que nos dedicamos. Trabajamos en el mundo de la simulaci\u00f3n.&quot;.<\/p>\n<p> El showrunner Nick Antosca dijo que al elegir al actor para Max Cady, tuvo que considerar lo siguiente: &quot;Tienes a Robert Mitchum, tienes a Robert De Niro, dos de los villanos m\u00e1s ic\u00f3nicos de la historia. \u00bfC\u00f3mo puedes competir con eso? Tiene que ser alguien digno de ese legado y que pueda transmitir el magnetismo, la amenaza, la intensidad y todo eso&quot;.<\/p>\n<p> \u00ab&quot;No pod\u00eda imaginar a nadie m\u00e1s que a Javier en este papel. Ten\u00eda que ser algo \u00fanico y diferente a todo lo dem\u00e1s&quot;, continu\u00f3 Antosca. &quot;Lo que hizo De Niro fue muy diferente a lo que hizo Mitchum; sab\u00eda que Javier no se limitar\u00eda a imitarlo; aportar\u00eda algo nuevo&quot;.<\/p>\n<p> Bardem transform\u00f3 su imagen con tatuajes, lentes de contacto y cabello decolorado, y Adams confirm\u00f3 que cuando lleg\u00f3 al set, sinti\u00f3 que &quot;una energ\u00eda irrump\u00eda en la habitaci\u00f3n, era palpable&quot;. Wilson agreg\u00f3: &quot;Realmente se meti\u00f3 en el papel, su encanto y humor, y su capacidad para cambiar instant\u00e1neamente a ese modo peligroso, eso es algo que hace realmente muy, muy bien&quot;.<\/p>\n<p> Scorsese y Steven Spielberg, productores de la versi\u00f3n de 1991, tambi\u00e9n aprobaron la serie y ejercen como productores ejecutivos, ya que, seg\u00fan Antosca, Scorsese en particular &quot;dio sugerencias incre\u00edbles y anim\u00f3 a Javier y a todos los dem\u00e1s a que la hicieran suya&quot;.<\/p>\n<p> Esto dio lugar al cambio m\u00e1s significativo: ahora Max Cady se enfrenta a una pareja que se conoci\u00f3 mientras trabajaba en su caso, en lugar de a su \u00fanico abogado, como en las pel\u00edculas. Antosca coment\u00f3 sobre este cambio: \u00abSu felicidad y su vida perfecta se basan en su sufrimiento. No tendr\u00edan todo lo que tienen si, al parecer, no hubiera sido condenado injustamente. As\u00ed que, para m\u00ed, es un cambio interesante porque plantea interrogantes sobre el sistema judicial, la equidad y los privilegios, y si realmente merecemos esto\u00bb.\u00bb<\/p>\n<p> <em>La serie &quot;Cape Fear&quot;\u00ab<\/em> Comenzar\u00e1 a transmitirse el viernes en Apple TV.<\/p>\n<p> <strong>Lo mejor de The Hollywood Reporter<\/strong><\/p>\n<ul>\n<li>\n<p> 24 de las muertes de personajes m\u00e1s impactantes en la historia de la televisi\u00f3n<\/p>\n<\/li>\n<li>\n<p> El reparto de Buffy la Cazavampiros: antes y ahora.<\/p>\n<\/li>\n<li>\n<p> \u00abYellowstone y la extensa ramificaci\u00f3n del \u00e1rbol geneal\u00f3gico de la familia Dutton explicada.<\/p>\n<\/li>\n<\/ul>\n<p> Suscr\u00edbete al bolet\u00edn de THR. Para estar al d\u00eda de las \u00faltimas noticias, s\u00edguenos en Facebook, Twitter e Instagram.<\/p>","protected":false},"excerpt":{"rendered":"<p>Hay un nuevo Max Cady en la ciudad. El famoso villano interpretado por Robert Mitchum en la pel\u00edcula de 1962, Cabo de Miedo, y por Robert De Niro en la versi\u00f3n de Martin\u2026<\/p>","protected":false},"author":1,"featured_media":10248,"comment_status":"open","ping_status":"closed","sticky":false,"template":"","format":"standard","meta":{"footnotes":""},"categories":[6],"tags":[],"class_list":["post-10247","post","type-post","status-publish","format-standard","has-post-thumbnail","hentry","category-kinoindustriya","hvn-theme-has-thumbnail"],"_links":{"self":[{"href":"https:\/\/imgist.ru\/es\/wp-json\/wp\/v2\/posts\/10247","targetHints":{"allow":["GET"]}}],"collection":[{"href":"https:\/\/imgist.ru\/es\/wp-json\/wp\/v2\/posts"}],"about":[{"href":"https:\/\/imgist.ru\/es\/wp-json\/wp\/v2\/types\/post"}],"author":[{"embeddable":true,"href":"https:\/\/imgist.ru\/es\/wp-json\/wp\/v2\/users\/1"}],"replies":[{"embeddable":true,"href":"https:\/\/imgist.ru\/es\/wp-json\/wp\/v2\/comments?post=10247"}],"version-history":[{"count":0,"href":"https:\/\/imgist.ru\/es\/wp-json\/wp\/v2\/posts\/10247\/revisions"}],"wp:featuredmedia":[{"embeddable":true,"href":"https:\/\/imgist.ru\/es\/wp-json\/wp\/v2\/media\/10248"}],"wp:attachment":[{"href":"https:\/\/imgist.ru\/es\/wp-json\/wp\/v2\/media?parent=10247"}],"wp:term":[{"taxonomy":"category","embeddable":true,"href":"https:\/\/imgist.ru\/es\/wp-json\/wp\/v2\/categories?post=10247"},{"taxonomy":"post_tag","embeddable":true,"href":"https:\/\/imgist.ru\/es\/wp-json\/wp\/v2\/tags?post=10247"}],"curies":[{"name":"wp","href":"https:\/\/api.w.org\/{rel}","templated":true}]}}