{"id":11138,"date":"2026-06-04T08:03:52","date_gmt":"2026-06-04T05:03:52","guid":{"rendered":"https:\/\/imgist.ru\/vanilla-ice-ostalsya-v-ryadah-storonnikov-250-letiya-nezavisimosti-i-zayavil-chto-igral-by-za-bajdena-ili-putina\/"},"modified":"2026-08-29T12:06:20","modified_gmt":"2026-08-29T09:06:20","slug":"vanilla-ice-siguio-figurando-entre-los-partidarios-del-250-aniversario-de-la-independencia-y-declaro-que-tocaria-para-biden-o-putin","status":"publish","type":"post","link":"https:\/\/imgist.ru\/es\/vanilla-ice-ostalsya-v-ryadah-storonnikov-250-letiya-nezavisimosti-i-zayavil-chto-igral-by-za-bajdena-ili-putina\/","title":{"rendered":"Vanilla Ice sigui\u00f3 figurando entre los partidarios del 250 aniversario de la independencia y declar\u00f3 que tocar\u00eda para Biden o Putin."},"content":{"rendered":"<p>Vanilla Ice mantiene su decisi\u00f3n de actuar en la pr\u00f3xima serie de conciertos Freedom 250, a pesar de que muchos artistas se han distanciado de los eventos asociados con Donald Trump.<\/p>\n<p> En una entrevista <em>TMZ en directo<\/em> El rapero dej\u00f3 claro que consideraba la actuaci\u00f3n como una celebraci\u00f3n, no como una declaraci\u00f3n pol\u00edtica.<\/p>\n<p> \u00ab&quot;\u00a1Ay, hombre! No me voy a meter en eso&quot;, le dijo Ice a Harvey Levin de TMZ cuando le preguntaron sobre las cr\u00edticas al evento. &quot;Estoy aqu\u00ed para divertirme con Estados Unidos. La m\u00fasica est\u00e1 hecha para unir a la gente, y para eso estamos aqu\u00ed&quot;.<\/p>\n<p> La estrella del \u00e9xito &quot;Ice Ice Baby&quot; insisti\u00f3 en que el entretenimiento debe unir a la gente, no dividirla, e inst\u00f3 repetidamente a sus fans a no tomarse el esc\u00e1ndalo demasiado en serio.<\/p>\n<p> TIENDA TODO EN UNO: Compra tus marcas favoritas en cualquier momento y lugar. Descubre las \u00faltimas novedades. Compra. Colecciona. Disfruta.<\/p>\n<p> \u00ab&quot;Simplemente vamos a representar los a\u00f1os 90&quot;, dijo. &quot;No me tomo nada demasiado en serio. Creo que nadie m\u00e1s deber\u00eda hacerlo. Creo que solo necesitamos bailar. Ya sabes, se trata de vida, libertad y la b\u00fasqueda de la felicidad&quot;.<\/p>\n<p> Ice afirm\u00f3 que en sus actuaciones siempre se ha centrado en el p\u00fablico, no en la pol\u00edtica ni en la ideolog\u00eda.<\/p>\n<p> \u00ab&quot;No creo que deba tratarse de cuestiones pol\u00edticas ni nada por el estilo&quot;, dijo. &quot;Ni siquiera voto, as\u00ed que no me importa&quot;.<\/p>\n<p> Para enfatizar su punto, el rapero dijo que actuar\u00eda para personas de cualquier ideolog\u00eda pol\u00edtica si lo invitaran.<\/p>\n<p> \u00ab&quot;Si Biden me llamara y me dijera: &#039;Mi hija se casa. Necesitamos a Vanilla Ice&#039;, ir\u00eda a actuar&quot;, dijo. &quot;Uno toca para sus fans. Nosotros no elegimos a nuestros fans. Ellos nos eligen a nosotros&quot;.<\/p>\n<p> Ice fue m\u00e1s all\u00e1, afirmando que su disposici\u00f3n a hablar con l\u00edderes pol\u00edticos se extiende m\u00e1s all\u00e1 de Estados Unidos.<\/p>\n<p> \u00ab&quot;Y si quieres, ir\u00e9 a tocar para Putin y a Ir\u00e1n. No importa&quot;, dijo. &quot;Los fans est\u00e1n por todas partes. La m\u00fasica no es pol\u00edtica, hombre. Es universal. Simplemente une a la gente&quot;.<\/p>\n<p> Estos comentarios surgen en medio de un creciente n\u00famero de cancelaciones de eventos que conmemoraban el 250 aniversario del Festival de la Libertad. Numerosos artistas, entre ellos Bret Michaels, Martina McBride, Young MC, Morris Day y The Commodores, se han retirado alegando preocupaciones sobre sus connotaciones pol\u00edticas. Muchos de ellos afirmaron que los organizadores del evento tergiversaron la naturaleza de las actuaciones.<\/p>\n<p> Sin embargo, Vanilla Ice afirma que no le interesa considerar el evento como algo m\u00e1s que una oportunidad para entretener al p\u00fablico.<\/p>\n<p> \u00ab&quot;Esta es una celebraci\u00f3n de Estados Unidos. 250 a\u00f1os de nuestro pa\u00eds de nacimiento&quot;, dijo. &quot;Vengan y disfruten del baile&quot;.<\/p>\n<p> El rapero tambi\u00e9n se dirigi\u00f3 a los dem\u00e1s artistas que decidieron no participar, se\u00f1alando que actualmente est\u00e1 de gira con algunos de ellos.<\/p>\n<p> \u00ab&quot;Cada quien decide lo que quiere&quot;, dijo. &quot;Pero no creo que nadie deba tom\u00e1rselo en serio, ni siquiera ellos mismos. Creo que todos deber\u00edan salir a bailar&quot;.<\/p>\n<h3> Noticias relacionadas <\/h3>\n<p> Bret Michaels se retir\u00f3 del evento Freedom 250 de Trump, alegando motivos de seguridad. Un asesor de Trump critic\u00f3 a Ted Cruz por supuestamente &quot;rogarle&quot; que se tomara una foto con Nicki Minaj. Akademiks afirma no arrepentirse de haber votado por Donald Trump: &quot;No me importa ser negro&quot;.<\/p>\n<h2> Noticias relacionadas<\/h2>\n<p> Drake ha batido un r\u00e9cord en las listas de \u00e9xitos del Reino Unido al convertirse en el primer artista en tener tres \u00e1lbumes que debutan en el top 10.<\/p>\n<p> Ozzy Osbourne resucitar\u00e1 como un avatar creado por inteligencia artificial.<\/p>\n<p> TIENDA TODO EN UNO: Compra tus marcas favoritas en cualquier momento y lugar. Descubre las \u00faltimas novedades. Compra. Colecciona. Disfruta.<\/p>\n<p> Hacemos que la cultura sea vibrante. Aqu\u00ed encontrar\u00e1s las \u00faltimas noticias del mundo del entretenimiento, as\u00ed como el mejor contenido sobre m\u00fasica, cultura pop, zapatillas, estilo y programas originales.<\/p>","protected":false},"excerpt":{"rendered":"<p>Vanilla Ice mantiene su decisi\u00f3n de actuar en la pr\u00f3xima serie de conciertos Freedom 250, a pesar de que muchos artistas se han distanciado de ella\u2026<\/p>","protected":false},"author":1,"featured_media":11139,"comment_status":"open","ping_status":"closed","sticky":false,"template":"","format":"standard","meta":{"footnotes":""},"categories":[7],"tags":[],"class_list":["post-11138","post","type-post","status-publish","format-standard","has-post-thumbnail","hentry","category-muzyka","hvn-theme-has-thumbnail"],"_links":{"self":[{"href":"https:\/\/imgist.ru\/es\/wp-json\/wp\/v2\/posts\/11138","targetHints":{"allow":["GET"]}}],"collection":[{"href":"https:\/\/imgist.ru\/es\/wp-json\/wp\/v2\/posts"}],"about":[{"href":"https:\/\/imgist.ru\/es\/wp-json\/wp\/v2\/types\/post"}],"author":[{"embeddable":true,"href":"https:\/\/imgist.ru\/es\/wp-json\/wp\/v2\/users\/1"}],"replies":[{"embeddable":true,"href":"https:\/\/imgist.ru\/es\/wp-json\/wp\/v2\/comments?post=11138"}],"version-history":[{"count":4,"href":"https:\/\/imgist.ru\/es\/wp-json\/wp\/v2\/posts\/11138\/revisions"}],"predecessor-version":[{"id":154863,"href":"https:\/\/imgist.ru\/es\/wp-json\/wp\/v2\/posts\/11138\/revisions\/154863"}],"wp:featuredmedia":[{"embeddable":true,"href":"https:\/\/imgist.ru\/es\/wp-json\/wp\/v2\/media\/11139"}],"wp:attachment":[{"href":"https:\/\/imgist.ru\/es\/wp-json\/wp\/v2\/media?parent=11138"}],"wp:term":[{"taxonomy":"category","embeddable":true,"href":"https:\/\/imgist.ru\/es\/wp-json\/wp\/v2\/categories?post=11138"},{"taxonomy":"post_tag","embeddable":true,"href":"https:\/\/imgist.ru\/es\/wp-json\/wp\/v2\/tags?post=11138"}],"curies":[{"name":"wp","href":"https:\/\/api.w.org\/{rel}","templated":true}]}}