{"id":11244,"date":"2026-06-04T09:20:36","date_gmt":"2026-06-04T06:20:36","guid":{"rendered":"http:\/\/imgist.ru\/emiliya-klark-stydilas-perenesennogo-vo-vremya-semok-igry-prestolov-krovoizliyaniya-v-mozg-i-ne-rasskazala-ob-etom-hbo\/"},"modified":"2026-06-04T09:20:36","modified_gmt":"2026-06-04T06:20:36","slug":"emilia-clarke-robo-la-hemorragia-cerebral-que-sufrio-durante-el-rodaje-de-juego-de-tronos-y-no-se-lo-conto-a-hbo","status":"publish","type":"post","link":"https:\/\/imgist.ru\/es\/emiliya-klark-stydilas-perenesennogo-vo-vremya-semok-igry-prestolov-krovoizliyaniya-v-mozg-i-ne-rasskazala-ob-etom-hbo\/","title":{"rendered":"Emilia Clarke se sinti\u00f3 avergonzada por la hemorragia cerebral que sufri\u00f3 durante el rodaje de Juego de Tronos y no se lo cont\u00f3 a HBO."},"content":{"rendered":"<p><strong>Emilia Clarke<\/strong> Habl\u00f3 sobre sus dos hemorragias cerebrales, a los 22 y 24 a\u00f1os. Admiti\u00f3 que su diagn\u00f3stico se mantuvo en secreto para HBO en 2011 porque le daba verg\u00fcenza y no comprend\u00eda del todo la naturaleza de su hemorragia cerebral. Cre\u00eda que hablar p\u00fablicamente sobre el diagn\u00f3stico podr\u00eda ayudarla a sobrellevar la situaci\u00f3n y se sorprendi\u00f3 de la cantidad de personas que compartieron sus historias.<\/p>\n<h2> Emilia Clarke afirma haberse sentido &quot;avergonzada y conmocionada&quot; tras ser diagnosticada con una hemorragia cerebral.<\/h2>\n<p> En el evento Variety Power of Women London, Clarke rompi\u00f3 su silencio y revel\u00f3 las dos hemorragias cerebrales que hab\u00eda sufrido. Cont\u00f3 que la primera ocurri\u00f3 a los 22 a\u00f1os, la misma edad en que film\u00f3 la primera temporada de Juego de Tronos. La segunda tuvo lugar a los 24, durante su debut en Broadway. \u00abMe gustar\u00eda culpar a la hemorragia cerebral de las malas cr\u00edticas, pero ocurri\u00f3 despu\u00e9s de que terminara la obra, justo al principio\u00bb, a\u00f1adi\u00f3.<\/p>\n<p> Reflexionando sobre la experiencia, a\u00f1adi\u00f3: \u00abQuince a\u00f1os despu\u00e9s de la primera hemorragia, me doy cuenta de lo dif\u00edcil que fue aquel momento. Nunca tuve la oportunidad de comprender el impacto que tuvieron en m\u00ed las dos lesiones en la cabeza, porque pod\u00eda caminar, hablar, ser yo misma, recordar mis di\u00e1logos y volver a rodar a las pocas semanas de sufrir ambas lesiones\u00bb.<\/p>\n<p> La actriz de &quot;Yo antes de ti&quot; dijo que no quer\u00eda que nadie supiera sobre su diagn\u00f3stico de 2011, e incluso evit\u00f3 cont\u00e1rselo a HBO porque se sent\u00eda &quot;avergonzada&quot; y &quot;conmocionada&quot; al enterarse del diagn\u00f3stico.<\/p>\n<p> \u00abNi siquiera se lo contamos a HBO hasta que estuvimos seguros de que no iba a morir, y en t\u00e9rminos televisivos, es entonces cuando suelen matarte. Despu\u00e9s de mi segunda hemorragia en 2014, empec\u00e9 a pensar que tal vez hablar p\u00fablicamente me ayudar\u00eda. Pero aun as\u00ed, me llev\u00f3 a\u00f1os aceptar la realidad\u00bb, continu\u00f3. Mencion\u00f3 que en 2019, finalmente reuni\u00f3 el valor para revelar su diagn\u00f3stico y se sinti\u00f3 abrumada por la respuesta que recibi\u00f3 de personas que hab\u00edan vivido experiencias similares.<\/p>\n<p> \u00ab&quot;El camino hacia la sanaci\u00f3n es como caer por un precipicio sin que nadie te atrape&quot;, dijo en un mensaje en nombre de la comunidad de supervivientes de traumas.<\/p>\n<p> <em>El art\u00edculo original fue publicado por Shazmin Navranj en<\/em> <em>en el sitio web ComingSoon.net<\/em> <em>.<\/em><\/p>\n<p> El art\u00edculo titulado &quot;Emilia Clarke se sinti\u00f3 avergonzada por la hemorragia cerebral que sufri\u00f3 durante el rodaje de &#039;Juego de Tronos&#039; y no se lo cont\u00f3 a HBO&quot; apareci\u00f3 originalmente en el sitio web Mandatory.<\/p>","protected":false},"excerpt":{"rendered":"<p>Emilia Clarke habl\u00f3 abiertamente sobre las dos hemorragias cerebrales que sufri\u00f3 a los 22 y 24 a\u00f1os. Admiti\u00f3 que su diagn\u00f3stico se mantuvo en secreto para HBO\u2026<\/p>","protected":false},"author":1,"featured_media":11245,"comment_status":"open","ping_status":"closed","sticky":false,"template":"","format":"standard","meta":{"footnotes":""},"categories":[5],"tags":[],"class_list":["post-11244","post","type-post","status-publish","format-standard","has-post-thumbnail","hentry","category-selebriti","hvn-theme-has-thumbnail"],"_links":{"self":[{"href":"https:\/\/imgist.ru\/es\/wp-json\/wp\/v2\/posts\/11244","targetHints":{"allow":["GET"]}}],"collection":[{"href":"https:\/\/imgist.ru\/es\/wp-json\/wp\/v2\/posts"}],"about":[{"href":"https:\/\/imgist.ru\/es\/wp-json\/wp\/v2\/types\/post"}],"author":[{"embeddable":true,"href":"https:\/\/imgist.ru\/es\/wp-json\/wp\/v2\/users\/1"}],"replies":[{"embeddable":true,"href":"https:\/\/imgist.ru\/es\/wp-json\/wp\/v2\/comments?post=11244"}],"version-history":[{"count":0,"href":"https:\/\/imgist.ru\/es\/wp-json\/wp\/v2\/posts\/11244\/revisions"}],"wp:featuredmedia":[{"embeddable":true,"href":"https:\/\/imgist.ru\/es\/wp-json\/wp\/v2\/media\/11245"}],"wp:attachment":[{"href":"https:\/\/imgist.ru\/es\/wp-json\/wp\/v2\/media?parent=11244"}],"wp:term":[{"taxonomy":"category","embeddable":true,"href":"https:\/\/imgist.ru\/es\/wp-json\/wp\/v2\/categories?post=11244"},{"taxonomy":"post_tag","embeddable":true,"href":"https:\/\/imgist.ru\/es\/wp-json\/wp\/v2\/tags?post=11244"}],"curies":[{"name":"wp","href":"https:\/\/api.w.org\/{rel}","templated":true}]}}