{"id":11607,"date":"2026-06-04T15:19:38","date_gmt":"2026-06-04T12:19:38","guid":{"rendered":"https:\/\/imgist.ru\/kajli-kelsi-govorit-chto-eta-chast-ee-tela-posle-rodov-ochen-menya-bespokoit\/"},"modified":"2026-08-29T12:07:22","modified_gmt":"2026-08-29T09:07:22","slug":"kylie-kelsey-dice-que-esta-parte-de-su-cuerpo-despues-de-dar-a-luz-realmente-la-preocupa","status":"publish","type":"post","link":"https:\/\/imgist.ru\/es\/kajli-kelsi-govorit-chto-eta-chast-ee-tela-posle-rodov-ochen-menya-bespokoit\/","title":{"rendered":"Kylie Kelsey dice que esta parte de su cuerpo &quot;me molesta mucho&quot; despu\u00e9s de dar a luz."},"content":{"rendered":"<h3>LO QUE NECESITA SABER<\/h3>\n<ul>\n<li>\n<p> Kylie Kelsey habl\u00f3 con franqueza sobre sus problemas de imagen corporal despu\u00e9s del parto en su podcast. <em>No voy a mentir,<\/em> despu\u00e9s de dar a luz a cuatro hijos.<\/p>\n<\/li>\n<li>\n<p> Habl\u00f3 de las dificultades que tiene para encontrar trajes de ba\u00f1o c\u00f3modos y brome\u00f3 sobre su ombligo estirado.<\/p>\n<\/li>\n<li>\n<p> Kylie foment\u00f3 la autocompasi\u00f3n y record\u00f3 a los oyentes que los dem\u00e1s son menos cr\u00edticos con su apariencia de lo que ellos creen.<\/p>\n<\/li>\n<\/ul>\n<p> Kylie Kelsey sigue siendo ella misma.<\/p>\n<p> En un episodio de su podcast, esta madre de cuatro hijos, de 34 a\u00f1os, habl\u00f3 con franqueza sobre sus dificultades para aceptar su cuerpo despu\u00e9s de dar a luz durante el verano. <em>No voy a mentir<\/em> , publicado el jueves 4 de junio.<\/p>\n<p> La esposa de Jason, Kelsey, sac\u00f3 el tema a colaci\u00f3n en su segmento &quot;\u00bfSabes qu\u00e9 es realmente horrible?&quot;, y respondi\u00f3: &quot;Es como ponerse un traje de ba\u00f1o despu\u00e9s de dar a luz&quot;.<\/p>\n<p> Kylie dijo que, si bien le encantaba usar bikinis cuando era adolescente, su perspectiva ha cambiado ahora que tiene cuatro hijos.<\/p>\n<p> \u00ab&quot;Necesito una faja abdominal. Ya sabes de qu\u00e9 hablo&quot;, dijo. &quot;Necesito algo que me cubra el ombligo porque... Te voy a confesar algo: \u00bfquieres o\u00edr &#039;no voy a mentir&#039;? Pues no voy a mentir, me perfor\u00e9 el ombligo y se me estir\u00f3 junto con el resto de la barriga durante el parto, y nunca volvi\u00f3 a la normalidad. Me molesta much\u00edsimo.&quot;. <\/p>\n<p> Jason y Kylie Kelsey en 2016. Foto: Kylie Kelsey\/Instagram<\/p>\n<p> Aunque Kylie buscaba braguitas de bikini de talle alto, coment\u00f3 que su estatura le dificultaba encontrarlas porque quer\u00eda cubrirse el ombligo.<\/p>\n<p> \u00ab\u00bfAlguna vez has visto el labio de un rinoceronte?\u00bb, brome\u00f3 Kylie, riendo. \u00abAs\u00ed es como luce la parte superior de mi ombligo. \u00bfTe gustar\u00eda verlo al descubierto?\u00bb<\/p>\n<p> La presentadora del podcast, madre de las hijas Wyatt, de 6 a\u00f1os, Elliott, de 5, Bennett, de 3, y Finn, de 1, dijo que est\u00e1 intentando ser m\u00e1s amable consigo misma y comparti\u00f3: &quot;Me he propuesto recordarme que mi cuerpo cre\u00f3 a cuatro personas. Y necesito ser amable conmigo misma. Es absolutamente necesario. Al mismo tiempo, si te sientes c\u00f3moda en traje de ba\u00f1o, est\u00e1 bien ser m\u00e1s madura en tus decisiones&quot;.<\/p>\n<p> Kylie est\u00e1 considerando comprarse un traje de ba\u00f1o con forro este verano, pero admiti\u00f3 que vestirse despu\u00e9s de dar a luz sigue siendo &quot;terrible&quot;.<\/p>\n<p> \u00abNo importa lo amable que hayas sido contigo misma. No importa cu\u00e1nto te guste c\u00f3mo ha cambiado tu cuerpo\u00bb, dijo. \u00abEs dif\u00edcil mirar un cuerpo que no se parece al que has tenido toda la vida. Ha cambiado para siempre, y ahora tienes que averiguar c\u00f3mo vestirlo, no solo con ropa normal, sino tambi\u00e9n con trajes de ba\u00f1o. Es aterrador\u00bb. <\/p>\n<p> Jason y Kylie Kelsey con tres de sus cuatro hijas. Foto: Kylie Kelsey\/Instagram<\/p>\n<p> <strong>No te pierdas ninguna noticia: suscr\u00edbete a<\/strong> <strong>Bolet\u00edn informativo diario gratuito PEOPLE<\/strong> <strong>, Para estar al d\u00eda de lo mejor que ofrece PEOPLE, desde noticias de famosos hasta conmovedoras historias humanas.<\/strong><\/p>\n<p> Sin embargo, Kylie tambi\u00e9n se\u00f1al\u00f3 que, si bien todav\u00eda tiene problemas con su imagen corporal, entiende que se trata en gran medida de un problema personal que otros quiz\u00e1s no noten.<\/p>\n<p> \u00abT\u00fa eres la que m\u00e1s se preocupa por c\u00f3mo te ves en traje de ba\u00f1o\u00bb, dijo. \u00abA los dem\u00e1s no les importar\u00e1 tanto tu traje de ba\u00f1o ni c\u00f3mo te queda. Tampoco ser\u00e1n tan cr\u00edticos. Debemos ser m\u00e1s indulgentes con nosotras mismas y no dejar que los trajes de ba\u00f1o nos impidan disfrutar del verano\u00bb.<\/p>\n<p> Lee el art\u00edculo original en People.<\/p>","protected":false},"excerpt":{"rendered":"<p>LO QUE DEBES SABER: Kylie Kelsey habl\u00f3 abiertamente sobre sus problemas de imagen corporal posparto en su podcast, Not Gonna Lie, despu\u00e9s de dar a luz a cuatro hijos. Ella\u2026<\/p>","protected":false},"author":1,"featured_media":11608,"comment_status":"open","ping_status":"closed","sticky":false,"template":"","format":"standard","meta":{"footnotes":""},"categories":[5],"tags":[],"class_list":["post-11607","post","type-post","status-publish","format-standard","has-post-thumbnail","hentry","category-selebriti","hvn-theme-has-thumbnail"],"_links":{"self":[{"href":"https:\/\/imgist.ru\/es\/wp-json\/wp\/v2\/posts\/11607","targetHints":{"allow":["GET"]}}],"collection":[{"href":"https:\/\/imgist.ru\/es\/wp-json\/wp\/v2\/posts"}],"about":[{"href":"https:\/\/imgist.ru\/es\/wp-json\/wp\/v2\/types\/post"}],"author":[{"embeddable":true,"href":"https:\/\/imgist.ru\/es\/wp-json\/wp\/v2\/users\/1"}],"replies":[{"embeddable":true,"href":"https:\/\/imgist.ru\/es\/wp-json\/wp\/v2\/comments?post=11607"}],"version-history":[{"count":3,"href":"https:\/\/imgist.ru\/es\/wp-json\/wp\/v2\/posts\/11607\/revisions"}],"predecessor-version":[{"id":155227,"href":"https:\/\/imgist.ru\/es\/wp-json\/wp\/v2\/posts\/11607\/revisions\/155227"}],"wp:featuredmedia":[{"embeddable":true,"href":"https:\/\/imgist.ru\/es\/wp-json\/wp\/v2\/media\/11608"}],"wp:attachment":[{"href":"https:\/\/imgist.ru\/es\/wp-json\/wp\/v2\/media?parent=11607"}],"wp:term":[{"taxonomy":"category","embeddable":true,"href":"https:\/\/imgist.ru\/es\/wp-json\/wp\/v2\/categories?post=11607"},{"taxonomy":"post_tag","embeddable":true,"href":"https:\/\/imgist.ru\/es\/wp-json\/wp\/v2\/tags?post=11607"}],"curies":[{"name":"wp","href":"https:\/\/api.w.org\/{rel}","templated":true}]}}