{"id":11953,"date":"2026-06-04T18:12:13","date_gmt":"2026-06-04T15:12:13","guid":{"rendered":"https:\/\/imgist.ru\/haver-bardem-sravnivaet-svoyu-rol-v-myse-straha-so-zlodeyami-iz-filmov-starikam-zdes-ne-mesto-i-skajfoll-nadeyus-ya-ne-pohozh-ni-na-odnogo-iz-nih\/"},"modified":"2026-08-29T12:08:09","modified_gmt":"2026-08-29T09:08:09","slug":"haser-bardem-compara-su-papel-en-la-pelicula-de-terror-con-los-villanos-de-no-country-for-old-men-y-skyfall-espero-no-parecerme-a-ninguno-de-ellos","status":"publish","type":"post","link":"https:\/\/imgist.ru\/es\/haver-bardem-sravnivaet-svoyu-rol-v-myse-straha-so-zlodeyami-iz-filmov-starikam-zdes-ne-mesto-i-skajfoll-nadeyus-ya-ne-pohozh-ni-na-odnogo-iz-nih\/","title":{"rendered":"Javier Bardem compara su papel en Cabo de Miedo con los villanos de No Country for Old Men y Skyfall: &quot;Espero no parecerme a ninguno de ellos&quot;."},"content":{"rendered":"<h3>Puntos clave<\/h3>\n<ul>\n<li>\n<p> Javier Bardem compara su personaje <em>De la pel\u00edcula &quot;El cabo del miedo&quot;\u00ab<\/em> con sus papeles de villano en <em>pel\u00edculas &quot;No es pa\u00eds para viejos&quot;\u00ab<\/em> \u0438 <em>\u00abSkyfall\u00bb<\/em> .<\/p>\n<\/li>\n<li>\n<p> \u00ab&quot;Bueno, todos ellos son yo, y yo soy todos ellos, \u00a1y espero no ser ninguno de ellos!&quot;, dice.<\/p>\n<\/li>\n<li>\n<p> El actor tambi\u00e9n elogia a sus compa\u00f1eros de reparto Amy Adams y Patrick Wilson: &quot;Nos re\u00edmos hasta caer rendidos&quot;.<\/p>\n<\/li>\n<\/ul>\n<p> Javier Bardem ha interpretado a muchos villanos ic\u00f3nicos, as\u00ed que \u00bfcu\u00e1l es su papel en... <em>\u00abCabo de Miedo\u00bb<\/em> \u00bfSer\u00e1 diferente del resto?<\/p>\n<p> En conversaci\u00f3n con <em>Entretenimiento Semanal<\/em> actor conocido por la pel\u00edcula <em>\u00abHermoso<\/em> \u00bb&quot;, habl\u00f3 sobre c\u00f3mo su interpretaci\u00f3n del amenazante exconvicto, interpretado anteriormente por Robert Mitchum y Robert De Niro en pel\u00edculas <em>\u00abCabo de Miedo\u00bb<\/em> , difiere de sus dos personajes m\u00e1s aterradores: Anton Chigurh de <em>\u00ab&quot;No es pa\u00eds para viejos&quot;\u00bb<\/em> y Ra\u00fal Silva de <em>\u00abSkyfall\u00bb<\/em> .<\/p>\n<p> \u00ab&quot;Bueno, todos ellos son yo, y yo soy todos ellos&quot;, dice Bardem, y a\u00f1ade: &quot;\u00a1Y espero no ser ninguno de ellos!&quot;.\u00bb <\/p>\n<p> Javier Bardem en &quot;No es pa\u00eds para viejos&quot;. Foto: Richard Foreman.<\/p>\n<p> Bardem reflexiona sobre c\u00f3mo su antagonista <em>De la pel\u00edcula &quot;No es pa\u00eds para viejos&quot;<\/em> \u00bb&quot;,&quot; por la que gan\u00f3 el Oscar al Mejor Actor de Reparto en 2008, coincide con Max Cady. &quot;Anton Chigurh es un hombre sin sentimientos&quot;, explica. &quot;Es un accidente. Es un accidente del destino. Es la violencia misma, injustificada, inexplicable, devastadora, y luego no deja rastro y sigue adelante&quot;.<\/p>\n<p> El actor cree que su villano de James Bond se parece m\u00e1s al personaje. <em>De la pel\u00edcula &quot;El cabo del miedo&quot;\u00ab<\/em> . \u00abSilva, como 007, es un hombre obsesionado con la venganza personal, lo que recuerda un poco a Max Cady\u00bb, dice, antes de se\u00f1alar una diferencia clave entre ambos. \u00abPero creo que la clave est\u00e1 en que Silva, como 007, es un megal\u00f3mano. Se engrandece y se toma demasiado en serio. A diferencia de Max Cady\u00bb. <\/p>\n<p> Daniel Craig y Javier Bardem en &quot;Skyfall&quot;. Foto: Fran\u00e7ois Duhamel\/Sony<\/p>\n<p> Bardem considera que Max es un personaje mucho m\u00e1s cercano al p\u00fablico que sus antagonistas anteriores.<\/p>\n<p> \u00abMax Cady es un hombre sencillo\u00bb, dice. \u00abEs un desconocido que ha pasado por un infierno toda su vida y ahora no tiene nada que perder. Y eso lo convierte en un hombre muy peligroso. No tiene nada que perder y tiene un objetivo muy concreto: su familia\u00bb.<\/p>\n<p> La serie se centra en la familia Bowden, encabezada por la abogada Anna (Amy Adams) y el exfiscal Tom (Patrick Wilson). Tienen una hija, Natalie (Lily Kollias), de una relaci\u00f3n anterior, y un hijo problem\u00e1tico, Zach (Joe Anders). A pesar de los desaf\u00edos que enfrentan sus personajes, Bardem afirma que disfrut\u00f3 mucho trabajando con sus compa\u00f1eros de reparto.<\/p>\n<p> \u00ab&quot;Nos re\u00edmos much\u00edsimo&quot;, recuerda. &quot;Lo pasamos de maravilla. Nos llev\u00e1bamos genial y nos complement\u00e1bamos a la perfecci\u00f3n. Sin importar hasta d\u00f3nde quisi\u00e9ramos llegar, siempre nos apoy\u00e1bamos mutuamente y respet\u00e1bamos las opiniones del otro sobre lo que estaba sucediendo y sobre los personajes&quot;. <\/p>\n<p> Javier Bardem en Cabo de Miedo (Fuente: Apple TV)<\/p>\n<p> Bardem dice que estaba especialmente emocionado de trabajar con Adams. &quot;Amy... siempre quise trabajar con ella desde que descubr\u00ed su trabajo, hace mucho tiempo. Y cuando me dijeron que iba a interpretar a Anna, pens\u00e9: &#039;\u00a1Guau! \u00a1Guau, guau, guau, guau! No me lo puedo creer&#039;. Es una artista maravillosa&quot;.<\/p>\n<p> <strong><em>Recibe tu dosis diaria de noticias de entretenimiento, actualizaciones de celebridades y recomendaciones de visualizaci\u00f3n con nuestro<\/em><\/strong> <strong><em>Boletines informativos de EW Dispatch<\/em><\/strong> <strong><em>.<\/em><\/strong><\/p>\n<p> Estrella <em>\u00ab&quot;Dunas&quot;\u00bb<\/em> Tambi\u00e9n estaba encantado de tener la oportunidad de trabajar con Wilson. &quot;El primer d\u00eda que lo vi, pens\u00e9: &#039;Caramba, si supieras... El d\u00eda que te vi en la serie de HBO&#039;&quot;.\u00ab <em>\u00c1ngeles en Am\u00e9rica\u00bb<\/em> \u201cHace much\u00edsimos a\u00f1os, qued\u00e9 completamente cautivado por tu actuaci\u00f3n\u201e, recuerda. \u201c\u201cNo puedo creerlo\u2026\u00bb Y luego, por supuesto, te vi en muchas otras pel\u00edculas, pero no puedo creer que est\u00e9 compartiendo pantalla contigo\u201d.<\/p>\n<p> Bardem cree que para lidiar con el material dif\u00edcil &quot;\u00ab <em>Cabo de Miedo<\/em> \u00bb&quot;Habr\u00eda sido imposible si \u00e9l y sus compa\u00f1eros de reparto no hubieran sido tan cercanos. &quot;Es duro&quot;, dice. &quot;Hay algunas escenas desafiantes, tanto emocional como f\u00edsicamente, y nos sent\u00edamos c\u00f3modos entre nosotros&quot;.<\/p>\n<p> Concluye: &quot;\u00c9ramos amigos. \u00c9ramos colegas. Fue maravilloso, verdaderamente maravilloso&quot;.<\/p>\n<p> Estreno de la serie <em>\u00abCabo de Miedo\u00bb<\/em> Se estrenar\u00e1 en Apple TV el 5 de junio.<\/p>\n<p> Lee el art\u00edculo original en Entertainment Weekly.<\/p>","protected":false},"excerpt":{"rendered":"<p>Momentos clave Javier Bardem compara su personaje en Cabo de miedo con sus papeles de villano en No es pa\u00eds para viejos y Skyfall. &quot;Bueno,...<\/p>","protected":false},"author":1,"featured_media":11954,"comment_status":"open","ping_status":"closed","sticky":false,"template":"","format":"standard","meta":{"footnotes":""},"categories":[6],"tags":[],"class_list":["post-11953","post","type-post","status-publish","format-standard","has-post-thumbnail","hentry","category-kinoindustriya","hvn-theme-has-thumbnail"],"_links":{"self":[{"href":"https:\/\/imgist.ru\/es\/wp-json\/wp\/v2\/posts\/11953","targetHints":{"allow":["GET"]}}],"collection":[{"href":"https:\/\/imgist.ru\/es\/wp-json\/wp\/v2\/posts"}],"about":[{"href":"https:\/\/imgist.ru\/es\/wp-json\/wp\/v2\/types\/post"}],"author":[{"embeddable":true,"href":"https:\/\/imgist.ru\/es\/wp-json\/wp\/v2\/users\/1"}],"replies":[{"embeddable":true,"href":"https:\/\/imgist.ru\/es\/wp-json\/wp\/v2\/comments?post=11953"}],"version-history":[{"count":3,"href":"https:\/\/imgist.ru\/es\/wp-json\/wp\/v2\/posts\/11953\/revisions"}],"predecessor-version":[{"id":155530,"href":"https:\/\/imgist.ru\/es\/wp-json\/wp\/v2\/posts\/11953\/revisions\/155530"}],"wp:featuredmedia":[{"embeddable":true,"href":"https:\/\/imgist.ru\/es\/wp-json\/wp\/v2\/media\/11954"}],"wp:attachment":[{"href":"https:\/\/imgist.ru\/es\/wp-json\/wp\/v2\/media?parent=11953"}],"wp:term":[{"taxonomy":"category","embeddable":true,"href":"https:\/\/imgist.ru\/es\/wp-json\/wp\/v2\/categories?post=11953"},{"taxonomy":"post_tag","embeddable":true,"href":"https:\/\/imgist.ru\/es\/wp-json\/wp\/v2\/tags?post=11953"}],"curies":[{"name":"wp","href":"https:\/\/api.w.org\/{rel}","templated":true}]}}