{"id":12315,"date":"2026-06-04T20:21:31","date_gmt":"2026-06-04T17:21:31","guid":{"rendered":"http:\/\/imgist.ru\/sheron-stoun-vspominaet-uzhas-perezhitogo-eyu-fizicheskogo-napadeniya-so-storony-neizvestnogo-zloumyshlennika\/"},"modified":"2026-06-04T20:21:31","modified_gmt":"2026-06-04T17:21:31","slug":"sharon-stone-recuerda-el-horror-del-ataque-fisico-que-sufrio-a-manos-de-un-agresor-desconocido","status":"publish","type":"post","link":"https:\/\/imgist.ru\/es\/sheron-stoun-vspominaet-uzhas-perezhitogo-eyu-fizicheskogo-napadeniya-so-storony-neizvestnogo-zloumyshlennika\/","title":{"rendered":"Sharon Stone recuerda el horror del ataque f\u00edsico que sufri\u00f3 a manos de un agresor desconocido."},"content":{"rendered":"<p>Actriz <strong>Sharon Stone,<\/strong> Conocida por su papel en la pel\u00edcula &quot;Instinto B\u00e1sico&quot;, la actriz de 68 a\u00f1os describi\u00f3 un ataque que le dej\u00f3 los \u00f3rganos internos &quot;da\u00f1ados y con cicatrices&quot;. En un episodio del podcast &quot;El hombre que crey\u00f3 en m\u00ed&quot;, la actriz comparti\u00f3: &quot;No s\u00e9 cu\u00e1nto puedo decir al respecto. Me golpearon por la espalda&quot;.<\/p>\n<h2> Cuando se le pregunt\u00f3 si se trataba de un caso de violencia dom\u00e9stica, Sharon Stone se neg\u00f3 a responder.<\/h2>\n<p> En declaraciones al corresponsal de CBS, David Begnaud, la legendaria estrella, activista de larga trayectoria y humanitario dijo: &quot;No comprend\u00ed realmente lo que me pas\u00f3 hasta 10 a\u00f1os despu\u00e9s. Despert\u00e9 inconsciente en el suelo. Dos sof\u00e1s estaban volcados. La mesa de centro estaba esparcida por todas partes. Todo estaba patas arriba. Todo lo que hab\u00eda sobre la mesa de centro estaba esparcido por el suelo, y no entend\u00eda c\u00f3mo hab\u00eda llegado all\u00ed&quot;.<\/p>\n<p> La actriz cont\u00f3 que se enter\u00f3 del ataque diez a\u00f1os despu\u00e9s, durante una visita al m\u00e9dico. &quot;Fui a la cl\u00ednica porque ten\u00eda problemas graves en la parte posterior de la cabeza y me dol\u00edan mucho los hombros. Fui a la Cl\u00ednica de Cuello y Columna en Marina Del Rey, donde me administraron propofol y me hicieron varias radiograf\u00edas de la parte delantera y trasera del cuerpo, y de todo&quot;.<\/p>\n<p> Continu\u00f3: &quot;Iban a ponerme unas inyecciones en lo que cre\u00edan que era artritis en el cuello y los hombros, y me hicieron radiograf\u00edas preliminares del pecho, el cuello, los hombros y la columna vertebral, y entonces entr\u00f3 el m\u00e9dico y dijo: &#039;No podemos hacer esta cirug\u00eda&#039;&quot;.<\/p>\n<p> \u00ab&quot;Le dije: &#039;No s\u00e9 de qu\u00e9 est\u00e1 hablando&#039;. Y \u00e9l me respondi\u00f3: &#039;Tienes toda la caja tor\u00e1cica rota y cubierta de cicatrices. Claramente fuiste agredido, y lo que te sucedi\u00f3 es un delito&#039;&quot;, dijo Stone.<\/p>\n<p> Cuando Begnaud le pregunt\u00f3 a Stone qui\u00e9n la hab\u00eda golpeado, ella no revel\u00f3 ning\u00fan detalle. Dijo: &quot;No voy a hablar de ello p\u00fablicamente, pero s\u00ed dir\u00e9 que lo denunciamos e hicimos todo lo posible. Tuve la oportunidad de presentar una denuncia policial, pero como han pasado diez a\u00f1os y soy una figura p\u00fablica, decid\u00ed no hacerlo&quot;.<\/p>\n<p> Stone salt\u00f3 a la fama con la pel\u00edcula Instinto B\u00e1sico de 1992, en la que interpret\u00f3 a la novelista de cr\u00edmenes Catherine Tramell. Seg\u00fan The Wrap, el thriller er\u00f3tico tendr\u00e1 una nueva versi\u00f3n, con Joe Eszterhas, el guionista original, a cargo del guion. A\u00fan no se ha anunciado una fecha de estreno oficial.<\/p>\n<p> <strong>\u00bfQU\u00c9 OPINAS DE ESTE ATAQUE?<\/strong><\/p>\n<p> El art\u00edculo &quot;Sharon Stone recuerda el horror del ataque f\u00edsico perpetrado por un agresor desconocido&quot; apareci\u00f3 originalmente en el sitio web Reality Tea.<\/p>","protected":false},"excerpt":{"rendered":"<p>La actriz Sharon Stone, conocida por su papel en la pel\u00edcula &quot;Instinto B\u00e1sico&quot;, ha hablado sobre un ataque que le dej\u00f3 \u00f3rganos internos &quot;da\u00f1ados y con cicatrices&quot;. En una entrevista\u2026<\/p>","protected":false},"author":1,"featured_media":12316,"comment_status":"open","ping_status":"closed","sticky":false,"template":"","format":"standard","meta":{"footnotes":""},"categories":[5],"tags":[],"class_list":["post-12315","post","type-post","status-publish","format-standard","has-post-thumbnail","hentry","category-selebriti","hvn-theme-has-thumbnail"],"_links":{"self":[{"href":"https:\/\/imgist.ru\/es\/wp-json\/wp\/v2\/posts\/12315","targetHints":{"allow":["GET"]}}],"collection":[{"href":"https:\/\/imgist.ru\/es\/wp-json\/wp\/v2\/posts"}],"about":[{"href":"https:\/\/imgist.ru\/es\/wp-json\/wp\/v2\/types\/post"}],"author":[{"embeddable":true,"href":"https:\/\/imgist.ru\/es\/wp-json\/wp\/v2\/users\/1"}],"replies":[{"embeddable":true,"href":"https:\/\/imgist.ru\/es\/wp-json\/wp\/v2\/comments?post=12315"}],"version-history":[{"count":0,"href":"https:\/\/imgist.ru\/es\/wp-json\/wp\/v2\/posts\/12315\/revisions"}],"wp:featuredmedia":[{"embeddable":true,"href":"https:\/\/imgist.ru\/es\/wp-json\/wp\/v2\/media\/12316"}],"wp:attachment":[{"href":"https:\/\/imgist.ru\/es\/wp-json\/wp\/v2\/media?parent=12315"}],"wp:term":[{"taxonomy":"category","embeddable":true,"href":"https:\/\/imgist.ru\/es\/wp-json\/wp\/v2\/categories?post=12315"},{"taxonomy":"post_tag","embeddable":true,"href":"https:\/\/imgist.ru\/es\/wp-json\/wp\/v2\/tags?post=12315"}],"curies":[{"name":"wp","href":"https:\/\/api.w.org\/{rel}","templated":true}]}}