{"id":12886,"date":"2026-06-05T01:04:02","date_gmt":"2026-06-04T22:04:02","guid":{"rendered":"http:\/\/imgist.ru\/oliviya-rodrigo-zayavila-chto-videozapis-sdelannaya-sotrudnikami-immigraczionnoj-i-tamozhennoj-sluzhby-ssha-ice-i-soderzhashhaya-eyo-pesnyu-privela-eyo-v-yarost\/"},"modified":"2026-06-05T01:04:02","modified_gmt":"2026-06-04T22:04:02","slug":"olivia-rodrigo-afirmo-que-un-video-grabado-por-funcionarios-del-servicio-de-inmigracion-y-control-de-aduanas-de-estados-unidos-que-contenia-su-cancion-la-enfurecio","status":"publish","type":"post","link":"https:\/\/imgist.ru\/es\/oliviya-rodrigo-zayavila-chto-videozapis-sdelannaya-sotrudnikami-immigraczionnoj-i-tamozhennoj-sluzhby-ssha-ice-i-soderzhashhaya-eyo-pesnyu-privela-eyo-v-yarost\/","title":{"rendered":"Olivia Rodrigo afirm\u00f3 que un video realizado por agentes del Servicio de Inmigraci\u00f3n y Control de Aduanas de Estados Unidos (ICE) en el que aparec\u00eda su canci\u00f3n la dej\u00f3 &quot;furiosa&quot;."},"content":{"rendered":"<p>Olivia Rodrigo deja claro que su enfado por el v\u00eddeo de deportaci\u00f3n de la administraci\u00f3n Trump no fue una reacci\u00f3n precipitada en las redes sociales.<\/p>\n<p> La cantante de 23 a\u00f1os habl\u00f3 sobre el incidente en una nueva entrevista con Dazed, varios meses despu\u00e9s de que su canci\u00f3n &quot;All-American Bitch&quot; fuera utilizada en un video publicado por el Departamento de Seguridad Nacional y la Casa Blanca. El video promov\u00eda la autodeportaci\u00f3n e inclu\u00eda im\u00e1genes de la aplicaci\u00f3n de las leyes de inmigraci\u00f3n, as\u00ed como el tema de apertura del \u00e1lbum de Rodrigo de 2023. <em>V\u00cdSCERAS<\/em> .<\/p>\n<p> Seg\u00fan Variety, Rodrigo dijo que vio el video por primera vez mientras revisaba las redes sociales en su tel\u00e9fono. Coment\u00f3 que su reacci\u00f3n fue m\u00e1s all\u00e1 de un simple disgusto por el uso de la canci\u00f3n. Calific\u00f3 el video de &quot;sumamente perturbador&quot; y afirm\u00f3 que escuchar su propia m\u00fasica en \u00e9l la enfureci\u00f3 a\u00fan m\u00e1s.<\/p>\n<h2> Rodrigo dijo que vio el video mientras revisaba su feed de noticias.<\/h2>\n<p> Los periodistas, at\u00f3nitos, le preguntaron a Rodrigo qu\u00e9 hizo cuando se enter\u00f3 de que el v\u00eddeo del gobierno utilizaba la expresi\u00f3n &quot;verdadera zorra americana&quot;.<\/p>\n<p> Rodrigo dijo que vio el video mientras usaba su tel\u00e9fono. Lo calific\u00f3 de propaganda y describi\u00f3 las acciones del gobierno como &quot;horribles, b\u00e1rbaras y crueles&quot;.<\/p>\n<p> Esta respuesta dio mayor peso a su comentario, realizado cuando el video se difundi\u00f3 por primera vez en noviembre. En aquel entonces, Rodrigo no consideraba que el uso de su canci\u00f3n fuera un asunto neutral de derechos de autor ni una simple republicaci\u00f3n inofensiva. Se opuso al mensaje en s\u00ed y dej\u00f3 claro que su m\u00fasica no deb\u00eda asociarse con \u00e9l.<\/p>\n<h2> Ella ya les hab\u00eda dicho que no usaran su m\u00fasica.<\/h2>\n<p> El video ya hab\u00eda llamado la atenci\u00f3n en noviembre, cuando Rodrigo respondi\u00f3 inmediatamente despu\u00e9s de que la canci\u00f3n apareciera en una publicaci\u00f3n. Entertainment Weekly inform\u00f3 que el video, distribuido conjuntamente por el Departamento de Seguridad Nacional y la Casa Blanca el 4 de noviembre, incitaba a los inmigrantes indocumentados a autodeportarse utilizando la aplicaci\u00f3n CBP Home.<\/p>\n<p> Seg\u00fan The Guardian, el v\u00eddeo mostraba a agentes del ICE deteniendo a personas, seguido de im\u00e1genes de inmigrantes que aparentemente abandonaban el pa\u00eds voluntariamente. Rodrigo respondi\u00f3 en los comentarios: \u00abJam\u00e1s utilicen mis canciones para promover su propaganda racista y de odio\u00bb.<\/p>\n<p> El diario The Guardian tambi\u00e9n inform\u00f3 que Instagram posteriormente elimin\u00f3 la banda sonora del video, dejando la canci\u00f3n marcada como no disponible. El Departamento de Seguridad Nacional defendi\u00f3 a las fuerzas del orden federales en un comunicado a la publicaci\u00f3n, pero la postura de Rodrigo ya era clara: usar el t\u00e9rmino &quot;perra totalmente estadounidense&quot; no constituye un respaldo.<\/p>\n<h2> La elecci\u00f3n de la canci\u00f3n intensific\u00f3 el enfrentamiento.<\/h2>\n<p> La elecci\u00f3n de la frase &quot;verdadera perra americana&quot; le dio a la canci\u00f3n un toque especial, ya que est\u00e1 construida sobre la ira, la s\u00e1tira y las expectativas imposibles que se imponen a las mujeres. No es un himno patri\u00f3tico ni una celebraci\u00f3n directa de la identidad estadounidense.<\/p>\n<p> En el video del Departamento de Seguridad Nacional y la Casa Blanca, se elimin\u00f3 este contexto. Una composici\u00f3n que inclu\u00eda la cr\u00edtica de Rodrigo a la feminidad estadounidense se coloc\u00f3 debajo del anuncio de deportaci\u00f3n del gobierno. Sus comentarios en Dazed indican que ella consideraba el uso de la canci\u00f3n como parte del mensaje, no como un incidente aislado.<\/p>\n<p> Rodrigo ya se hab\u00eda pronunciado p\u00fablicamente sobre la aplicaci\u00f3n de las leyes de inmigraci\u00f3n. En junio, critic\u00f3 las deportaciones en Los \u00c1ngeles, escribiendo que la ciudad &quot;simplemente no existir\u00eda sin los inmigrantes&quot;. Sus comentarios m\u00e1s recientes vinculan esa declaraci\u00f3n anterior con un asunto m\u00e1s personal: el uso de su propia m\u00fasica en un video relacionado con una pol\u00edtica que ya ha condenado.<\/p>\n<h2> Rodrigo afirm\u00f3 que poder expresar la propia opini\u00f3n es una parte integral de ser artista.<\/h2>\n<p> La revista Dazed tambi\u00e9n le pregunt\u00f3 a Rodrigo si era importante para ella hablar p\u00fablicamente sobre temas en los que cre\u00eda, incluidos los derechos reproductivos, el movimiento Black Lives Matter y la situaci\u00f3n en Gaza.<\/p>\n<p> Rodrigo afirm\u00f3 que no se considera una experta en pol\u00edtica, pero que procura mantenerse informada y compartir sus opiniones. Describi\u00f3 esto como parte de su labor como artista.<\/p>\n<p> Esta respuesta ayuda a explicar por qu\u00e9 la nueva entrevista no suaviz\u00f3 su reacci\u00f3n inicial. Rodrigo no present\u00f3 el video del Departamento de Seguridad Nacional como un malentendido, una disputa insignificante sobre el uso de la m\u00fasica o algo que ya hab\u00eda experimentado. Dijo que el video la perturb\u00f3, que el uso de su canci\u00f3n la enfureci\u00f3 a\u00fan m\u00e1s y reiter\u00f3 que lo que vio fue brutal.<\/p>\n<p> Para Rodrigo, el problema no era solo que la cuenta del gobierno utilizara una canci\u00f3n popular. El problema era que su voz se hab\u00eda insertado en un mensaje que ella rechazaba.<\/p>","protected":false},"excerpt":{"rendered":"<p>Olivia Rodrigo deja claro que su enfado por el v\u00eddeo de deportaci\u00f3n de la administraci\u00f3n Trump no fue una reacci\u00f3n impulsiva en las redes sociales. La cantante de 23 a\u00f1os explic\u00f3\u2026<\/p>","protected":false},"author":1,"featured_media":12887,"comment_status":"open","ping_status":"closed","sticky":false,"template":"","format":"standard","meta":{"footnotes":""},"categories":[7],"tags":[],"class_list":["post-12886","post","type-post","status-publish","format-standard","has-post-thumbnail","hentry","category-muzyka","hvn-theme-has-thumbnail"],"_links":{"self":[{"href":"https:\/\/imgist.ru\/es\/wp-json\/wp\/v2\/posts\/12886","targetHints":{"allow":["GET"]}}],"collection":[{"href":"https:\/\/imgist.ru\/es\/wp-json\/wp\/v2\/posts"}],"about":[{"href":"https:\/\/imgist.ru\/es\/wp-json\/wp\/v2\/types\/post"}],"author":[{"embeddable":true,"href":"https:\/\/imgist.ru\/es\/wp-json\/wp\/v2\/users\/1"}],"replies":[{"embeddable":true,"href":"https:\/\/imgist.ru\/es\/wp-json\/wp\/v2\/comments?post=12886"}],"version-history":[{"count":0,"href":"https:\/\/imgist.ru\/es\/wp-json\/wp\/v2\/posts\/12886\/revisions"}],"wp:featuredmedia":[{"embeddable":true,"href":"https:\/\/imgist.ru\/es\/wp-json\/wp\/v2\/media\/12887"}],"wp:attachment":[{"href":"https:\/\/imgist.ru\/es\/wp-json\/wp\/v2\/media?parent=12886"}],"wp:term":[{"taxonomy":"category","embeddable":true,"href":"https:\/\/imgist.ru\/es\/wp-json\/wp\/v2\/categories?post=12886"},{"taxonomy":"post_tag","embeddable":true,"href":"https:\/\/imgist.ru\/es\/wp-json\/wp\/v2\/tags?post=12886"}],"curies":[{"name":"wp","href":"https:\/\/api.w.org\/{rel}","templated":true}]}}