{"id":13301,"date":"2026-06-05T06:13:40","date_gmt":"2026-06-05T03:13:40","guid":{"rendered":"http:\/\/imgist.ru\/chleny-sag-aftra-odobrili-soglashenie-s-amptp\/"},"modified":"2026-06-05T06:13:40","modified_gmt":"2026-06-05T03:13:40","slug":"los-miembros-de-sag-aftra-aprobaron-el-acuerdo-con-amptp","status":"publish","type":"post","link":"https:\/\/imgist.ru\/es\/chleny-sag-aftra-odobrili-soglashenie-s-amptp\/","title":{"rendered":"Los miembros de SAG-AFTRA aprobaron el acuerdo con AMPTP."},"content":{"rendered":"<p>Los miembros del Sindicato de Actores de Cine (SAG-AFTRA) votaron a favor de ratificar el Acuerdo de Colaboraci\u00f3n para la Producci\u00f3n de Cine y Televisi\u00f3n de 2026 con la Alianza de Productores de Cine y Televisi\u00f3n (AMPTP).<\/p>\n<p> Los miembros del sindicato aprobaron el acuerdo el jueves con 91.421 votos a favor, lo que representa 19.251 del total, en l\u00ednea con la recomendaci\u00f3n de la junta directiva de SAG-AFTRA del mes pasado.<\/p>\n<p> <strong>M\u00e1s noticias de Deadline<\/strong><\/p>\n<ul>\n<li>\n<p> La Junta Directiva de SAG-AFTRA aprob\u00f3 un acuerdo de cuatro a\u00f1os con AMPTP que incluye la fusi\u00f3n de fondos de pensiones.<\/p>\n<\/li>\n<li>\n<p> \u00a1Es oficial! Los estudios de cine y el sindicato SAG-AFTRA han confirmado un nuevo acuerdo.<\/p>\n<\/li>\n<li>\n<p> \u00a1Lo lograron! SAG-AFTRA y los estudios de cine han llegado a un nuevo (y m\u00e1s amplio) acuerdo.<\/p>\n<\/li>\n<\/ul>\n<p> El contrato se basa en las salvaguardias previamente adoptadas contra el uso de IA y copias digitales, restringiendo a\u00fan m\u00e1s el uso de materiales sint\u00e9ticos y brindando protecciones adicionales contra la sustituci\u00f3n del trabajo de los participantes por IA. Adem\u00e1s, el acuerdo crea la oportunidad de fusionar el plan de pensiones de SAG-Productores y el fondo de pensiones de AFTRA, lo que significa que los ingresos de los participantes ya no se dividir\u00e1n entre ambos planes.<\/p>\n<p> \u00abMe enorgullece la labor de los miembros de SAG-AFTRA y la fortaleza que siguen demostrando mientras avanzamos con un prop\u00f3sito com\u00fan\u00bb, declar\u00f3 el presidente de SAG-AFTRA, Sean Astin, en un comunicado. \u00abEste acuerdo se basa en los cimientos por los que nuestros miembros han luchado y lleva ese trabajo al siguiente cap\u00edtulo de la evoluci\u00f3n de nuestra industria. Ofrece mejoras salariales significativas, refuerza la protecci\u00f3n contra la inteligencia artificial y la identidad digital, mejora la seguridad a largo plazo de los planes de beneficios para los miembros y aborda la realidad de los artistas int\u00e9rpretes o ejecutantes en la actualidad. Nuestros miembros siempre han comprendido que proteger el futuro de esta profesi\u00f3n significa prepararse para el cambio antes de que llegue. Este acuerdo refleja ese compromiso y la fuerza colectiva de nuestro sindicato\u00bb.<\/p>\n<p> En un comunicado, la AMPTP se\u00f1al\u00f3: \u00abLa AMPTP y sus compa\u00f1\u00edas miembro felicitan a SAG-AFTRA por la ratificaci\u00f3n de este nuevo contrato. Este acuerdo ofrece mejoras significativas en salarios, pensiones, atenci\u00f3n m\u00e9dica, derechos de autor y protecci\u00f3n de los artistas. La directiva de SAG-AFTRA ha demostrado un compromiso genuino con la colaboraci\u00f3n, y junto con el acuerdo con el Sindicato de Guionistas de Estados Unidos (WGA), estos acuerdos demuestran lo que se puede lograr cuando la industria trabaja para encontrar soluciones pr\u00e1cticas que respalden su estabilidad a largo plazo. Esperamos seguir cosechando \u00e9xitos\u00bb.<\/p>\n<p> Las negociaciones formales entre SAG-AFTRA y la AMPTP comenzaron el 9 de febrero y concluyeron el 2 de mayo, con la votaci\u00f3n del Consejo Nacional de SAG-AFTRA el 11 de mayo. El acuerdo entra en vigor el 1 de julio y expira el 30 de junio de 2030.<\/p>\n<p> <strong>Lo mejor de Deadline<\/strong><\/p>\n<ul>\n<li>\n<p> Todo lo que sabemos hasta ahora sobre la nueva versi\u00f3n de La casa de la pradera de Netflix.<\/p>\n<\/li>\n<li>\n<p> Elenco de Scooby-Doo Origins: \u00bfQui\u00e9n interpreta a qui\u00e9n en la serie de acci\u00f3n real de Netflix?<\/p>\n<\/li>\n<li>\n<p> Galer\u00eda fotogr\u00e1fica de series de televisi\u00f3n canceladas en 2026: programas que finalizan este a\u00f1o y los siguientes.<\/p>\n<\/li>\n<\/ul>\n<p> Suscr\u00edbete al bolet\u00edn de noticias de Deadline. Para estar al d\u00eda de las \u00faltimas novedades, s\u00edguenos en Facebook, Twitter e Instagram.<\/p>","protected":false},"excerpt":{"rendered":"<p>Los miembros del Sindicato de Actores de Cine (SAG-AFTRA) votaron a favor de ratificar el Acuerdo de Cooperaci\u00f3n para la Producci\u00f3n de Cine y Televisi\u00f3n de 2026 con la Alianza de Productores de Cine y Televisi\u00f3n (AMPTP). En\u2026<\/p>","protected":false},"author":1,"featured_media":13302,"comment_status":"open","ping_status":"closed","sticky":false,"template":"","format":"standard","meta":{"footnotes":""},"categories":[6],"tags":[],"class_list":["post-13301","post","type-post","status-publish","format-standard","has-post-thumbnail","hentry","category-kinoindustriya","hvn-theme-has-thumbnail"],"_links":{"self":[{"href":"https:\/\/imgist.ru\/es\/wp-json\/wp\/v2\/posts\/13301","targetHints":{"allow":["GET"]}}],"collection":[{"href":"https:\/\/imgist.ru\/es\/wp-json\/wp\/v2\/posts"}],"about":[{"href":"https:\/\/imgist.ru\/es\/wp-json\/wp\/v2\/types\/post"}],"author":[{"embeddable":true,"href":"https:\/\/imgist.ru\/es\/wp-json\/wp\/v2\/users\/1"}],"replies":[{"embeddable":true,"href":"https:\/\/imgist.ru\/es\/wp-json\/wp\/v2\/comments?post=13301"}],"version-history":[{"count":0,"href":"https:\/\/imgist.ru\/es\/wp-json\/wp\/v2\/posts\/13301\/revisions"}],"wp:featuredmedia":[{"embeddable":true,"href":"https:\/\/imgist.ru\/es\/wp-json\/wp\/v2\/media\/13302"}],"wp:attachment":[{"href":"https:\/\/imgist.ru\/es\/wp-json\/wp\/v2\/media?parent=13301"}],"wp:term":[{"taxonomy":"category","embeddable":true,"href":"https:\/\/imgist.ru\/es\/wp-json\/wp\/v2\/categories?post=13301"},{"taxonomy":"post_tag","embeddable":true,"href":"https:\/\/imgist.ru\/es\/wp-json\/wp\/v2\/tags?post=13301"}],"curies":[{"name":"wp","href":"https:\/\/api.w.org\/{rel}","templated":true}]}}