{"id":13446,"date":"2026-06-05T09:16:00","date_gmt":"2026-06-05T06:16:00","guid":{"rendered":"https:\/\/imgist.ru\/stalo-izvestno-o-prodlenii-seriala-druzya-i-sosedi-na-3-sezon-i-o-ego-budushhem-na-apple-tv\/"},"modified":"2026-06-05T09:16:00","modified_gmt":"2026-06-05T06:16:00","slug":"la-serie-friends-and-neighbors-ha-sido-renovada-para-una-tercera-temporada-y-su-emision-continuara-en-apple-tv","status":"publish","type":"post","link":"https:\/\/imgist.ru\/es\/stalo-izvestno-o-prodlenii-seriala-druzya-i-sosedi-na-3-sezon-i-o-ego-budushhem-na-apple-tv\/","title":{"rendered":"Se ha anunciado que la serie &quot;Friends and Neighbors&quot; ha sido renovada para una tercera temporada y que continuar\u00e1 en Apple TV."},"content":{"rendered":"<p>Los fans se preguntaban si el programa hab\u00eda sido cancelado. <strong>\u00abTus amigos y vecinos\u00bb<\/strong> Si se renueva para una tercera temporada, los fans por fin pueden dejar de preocuparse. Apple TV ya ha tomado una decisi\u00f3n sobre el futuro del drama protagonizado por Jon Hamm. Esta noticia se dio a conocer incluso antes del estreno de la segunda temporada.<\/p>\n<h2> \u00bfApple TV ha cancelado &quot;Your Friends &amp; Neighbors&quot; o la ha renovado para una tercera temporada?<\/h2>\n<p> No, Apple TV no ha cancelado &quot;Your Friends &amp; Neighbors&quot;. De hecho, el servicio de streaming renov\u00f3 oficialmente la serie para una tercera temporada incluso antes del estreno de la segunda. Esta renovaci\u00f3n anticipada fue una clara muestra de confianza en el \u00e9xito del drama creado por Jonathan Tropper.<\/p>\n<p> En febrero de 2026, Deadline confirm\u00f3 que Apple TV hab\u00eda anunciado la renovaci\u00f3n de la serie antes del estreno de la segunda temporada el 3 de abril. La primera temporada de la serie segu\u00eda a Andrew &quot;Coop&quot; Cooper, interpretado por Jon Hamm, un gestor de fondos de inversi\u00f3n ca\u00eddo en desgracia cuya vida se desmoron\u00f3 tras perder su trabajo y divorciarse.<\/p>\n<p> Pronto empez\u00f3 a robar a sus adinerados vecinos. Sin embargo, descubri\u00f3 peligrosos secretos ocultos tras sus vidas aparentemente perfectas. En la segunda temporada, la historia de Cooper profundiz\u00f3 en su doble vida como ladr\u00f3n de los suburbios.<\/p>\n<p> Sin embargo, un nuevo vecino amenaz\u00f3 con revelar sus secretos. Este vecino podr\u00eda poner en peligro tanto a \u00e9l como a su familia. La segunda temporada tambi\u00e9n cont\u00f3 con un papel clave para James Marsden, quien interpret\u00f3 a un reci\u00e9n llegado al vecindario que se convierte en el objeto del afecto de Samantha Levitt, interpretada por Olivia Munn.<\/p>\n<p> El \u00faltimo episodio de la segunda temporada de &quot;Tus amigos y vecinos&quot; se emiti\u00f3 el 4 de junio, dejando la puerta abierta para el pr\u00f3ximo episodio.<\/p>\n<p> Con una tercera temporada ya confirmada y nuevos conflictos y desaf\u00edos para Cooper en el horizonte, el futuro de &quot;Your Friends &amp; Neighbors&quot; se presenta prometedor. El drama, protagonizado por Jon Hamm, parece destinado a seguir siendo una pieza clave de la programaci\u00f3n de Apple TV en los pr\u00f3ximos a\u00f1os.<\/p>\n<p> El art\u00edculo &quot;Se revela el estado de renovaci\u00f3n de la tercera temporada de Friends &amp; Neighbors y su futuro en Apple TV&quot; apareci\u00f3 originalmente en ComingSoon.net, una plataforma de noticias sobre pel\u00edculas, televisi\u00f3n, servicios de streaming y mucho m\u00e1s.<\/p>","protected":false},"excerpt":{"rendered":"<p>Los fans que se preguntaban si &quot;Your Friends &amp; Neighbors&quot; hab\u00eda sido cancelada o renovada para una tercera temporada ya pueden dejar de preocuparse. Apple TV ya ha tomado una decisi\u00f3n sobre el futuro\u2026<\/p>","protected":false},"author":1,"featured_media":0,"comment_status":"open","ping_status":"closed","sticky":false,"template":"","format":"standard","meta":{"footnotes":""},"categories":[6],"tags":[],"class_list":["post-13446","post","type-post","status-publish","format-standard","hentry","category-kinoindustriya"],"_links":{"self":[{"href":"https:\/\/imgist.ru\/es\/wp-json\/wp\/v2\/posts\/13446","targetHints":{"allow":["GET"]}}],"collection":[{"href":"https:\/\/imgist.ru\/es\/wp-json\/wp\/v2\/posts"}],"about":[{"href":"https:\/\/imgist.ru\/es\/wp-json\/wp\/v2\/types\/post"}],"author":[{"embeddable":true,"href":"https:\/\/imgist.ru\/es\/wp-json\/wp\/v2\/users\/1"}],"replies":[{"embeddable":true,"href":"https:\/\/imgist.ru\/es\/wp-json\/wp\/v2\/comments?post=13446"}],"version-history":[{"count":0,"href":"https:\/\/imgist.ru\/es\/wp-json\/wp\/v2\/posts\/13446\/revisions"}],"wp:attachment":[{"href":"https:\/\/imgist.ru\/es\/wp-json\/wp\/v2\/media?parent=13446"}],"wp:term":[{"taxonomy":"category","embeddable":true,"href":"https:\/\/imgist.ru\/es\/wp-json\/wp\/v2\/categories?post=13446"},{"taxonomy":"post_tag","embeddable":true,"href":"https:\/\/imgist.ru\/es\/wp-json\/wp\/v2\/tags?post=13446"}],"curies":[{"name":"wp","href":"https:\/\/api.w.org\/{rel}","templated":true}]}}