{"id":134569,"date":"2026-01-26T07:45:38","date_gmt":"2026-01-26T05:45:38","guid":{"rendered":"http:\/\/aleksawn.bget.ru\/drugie\/stihi-tyutcheva-pro-osen.html"},"modified":"2026-08-24T13:19:23","modified_gmt":"2026-08-24T10:19:23","slug":"stihi-tyutcheva-pro-osen","status":"publish","type":"post","link":"https:\/\/imgist.ru\/es\/stihi-tyutcheva-pro-osen\/","title":{"rendered":"Poemas de Tyutchev sobre el oto\u00f1o: letras sobre la belleza de la naturaleza oto\u00f1al."},"content":{"rendered":"<p>En la poes\u00eda de Fi\u00f3dor Iv\u00e1novich Tiutchev, el oto\u00f1o no es solo una estaci\u00f3n, sino tambi\u00e9n un profundo estado filos\u00f3fico, un reflejo del declive y la premonici\u00f3n del invierno, que resuena con reflexiones sobre la transitoriedad de la existencia. Sus paisajes oto\u00f1ales est\u00e1n impregnados de melancol\u00eda, una tristeza serena y la sensaci\u00f3n del misterioso poder de la naturaleza que se prepara para el descanso. Tiutchev ve en el oto\u00f1o no solo un declive, sino tambi\u00e9n una belleza especial, fantasmal, un momento de transici\u00f3n y transformaci\u00f3n. En sus poemas, el oto\u00f1o se presenta como un tiempo de enriquecimiento espiritual, cuando el alma es especialmente receptiva a las preguntas eternas. Estos poemas constituyen un sutil retrato psicol\u00f3gico de una persona que contempla la belleza menguante del mundo.<\/p>\n<div class=\"poems\">\n<div class=\"poem\">\n<h2>Qu\u00e9 bueno eres, oh mi desgracia<\/h2>\n<pre class=\"poem-text\">\n\u00a1Qu\u00e9 hermosa eres, desgracia m\u00eda, con el atuendo carmes\u00ed y dorado del d\u00eda! En ti, el alma de la naturaleza se desvaneci\u00f3, y se desvaneci\u00f3 silenciosamente, apenas visible. En tus \u00faltimos y t\u00edmidos impulsos reside la tristeza de la despedida y una luz secreta. Y en el susurro de los robledales marchitos resuena una premonici\u00f3n de problemas venideros.\n    <\/pre>\n<\/p><\/div>\n<div class=\"poem\">\n<h2>hojas de oto\u00f1o<\/h2>\n<pre class=\"poem-text\">\nLas hojas de oto\u00f1o, como un suspiro tembloroso, giran en silencio, volando suavemente. Hacen eco del verano que se va, de la bruma y del melanc\u00f3lico aroma a despedida de la tierra. Cubren los caminos del bosque con una alfombra dorada y triste. Y en su susurro, se oye una voz sin palabras, de eternidad, de misterio, de un mundo ancestral.\n    <\/pre>\n<\/p><\/div>\n<div class=\"poem\">\n<h2>Hay en el oto\u00f1o original<\/h2>\n<pre class=\"poem-text\">\nHay un breve pero maravilloso tiempo a principios de oto\u00f1o, como si, en esos instantes de frescor, la naturaleza se congelara al amanecer. Y en el aire, claro y puro, flota una tristeza desconocida. Y el coraz\u00f3n languidece, como en una mazmorra, anticipando las tormentas invernales, y que lleguen.\n    <\/pre>\n<\/p><\/div>\n<div class=\"poem\">\n<h2>d\u00eda de oto\u00f1o<\/h2>\n<pre class=\"poem-text\">\nUn d\u00eda de oto\u00f1o, como un vago sue\u00f1o, se pierde en la distancia entre la tenue niebla. Y su hermoso rayo ba\u00f1a la tierra con suavidad. En los jardines marchitos, en el silencio, apenas se oye el susurro de las hojas. Y parece como si, medio dormida, la naturaleza esperara el fr\u00edo.\n    <\/pre>\n<\/p><\/div>\n<div class=\"poem\">\n<h2>\u00a1Una \u00e9poca sombr\u00eda! \u00a1Un deleite para la vista!<\/h2>\n<pre class=\"poem-text\">\n\u00a1Qu\u00e9 triste momento! \u00a1Qu\u00e9 encanto para la vista! Tu belleza adi\u00f3s me agrada; amo el exuberante desvanecimiento de la naturaleza, los bosques vestidos de carmes\u00ed y oro. En ellos se oyen susurros y risas resonantes, tristeza y un sue\u00f1o silencioso y entra\u00f1able. Y en esta paz para todos, el alma encuentra alegr\u00eda y pureza.\n    <\/pre>\n<\/p><\/div>\n<div class=\"poem\">\n<h2>tardes de oto\u00f1o<\/h2>\n<pre class=\"poem-text\">\nLas tardes oto\u00f1ales, tranquilas y despejadas, descienden a la tierra como una manta ligera. En ellas se reflejan las hermosas estrellas, el susurro de los \u00e1rboles y la llamada del viento. La le\u00f1a crepita en la chimenea y las sombras danzan en las paredes circundantes. Y en esta penumbra acogedora y misteriosa, se olvidan las penas, el dolor y el miedo.\n    <\/pre>\n<\/p><\/div>\n<div class=\"poem\">\n<h2>El \u00faltimo rayo<\/h2>\n<pre class=\"poem-text\">\nEl \u00faltimo rayo, tembloroso y d\u00e9bil, se desliz\u00f3 sobre los campos, sobre la hierba marchita. Y el d\u00eda se desvanece, triste y melanc\u00f3lico, anticipando la noche, en el fr\u00edo azul. Y en esta despedida, en este \u00faltimo instante, hay tristeza y esperanza, y una fe serena. Que la naturaleza volver\u00e1 a florecer, y el sol regresar\u00e1, como antes, desde el norte.\n    <\/pre>\n<\/p><\/div>\n<div class=\"poem\">\n<h2>Crep\u00fasculo oto\u00f1al<\/h2>\n<pre class=\"poem-text\">\nEl crep\u00fasculo oto\u00f1al, denso y profundo, oculta tanto tristeza como paz. Los sonidos lejanos se disuelven en \u00e9l, y los pensamientos vagan como la brisa marina. En jardines desiertos, en campos abandonados, solo las sombras de los \u00e1rboles danzan en la penumbra. Y parece como si el mundo, encantado, se hubiera congelado en anticipaci\u00f3n a la oscuridad del invierno.\n    <\/pre>\n<\/p><\/div>\n<div class=\"poem\">\n<h2>Septiembre<\/h2>\n<pre class=\"poem-text\">\nSeptiembre... Una premonici\u00f3n de d\u00edas fr\u00edos, En los bosques carmes\u00ed y el cielo azul. El verano se va, fundi\u00e9ndose en silencio, Y el oto\u00f1o llega en todo su esplendor. En su aliento hay frescura y paz, En sus ojos hay tristeza y luz serena. Y el coraz\u00f3n se llena de sue\u00f1os, De eternidad, de secretos, de verano.\n    <\/pre>\n<\/p><\/div>\n<div class=\"poem\">\n<h2>viento oto\u00f1al<\/h2>\n<pre class=\"poem-text\">\nEl viento oto\u00f1al, libre y salvaje, arranca las hojas de las ramas marchitas. Y las hace girar en una danza, ligera y fr\u00e1gil, sobre la tierra dormida, en el silencio de los campos. En sus r\u00e1fagas hay fuerza y melancol\u00eda, sobre el pasado, sobre el verano que ya no existe. Y en el susurro de las hojas, como un verso, sobre el ciclo eterno, sobre la vida, sobre la muerte.\n    <\/pre>\n<\/p><\/div>\n<div class=\"poem\">\n<h2>Jard\u00edn carmes\u00ed<\/h2>\n<pre class=\"poem-text\">\nUn jard\u00edn carmes\u00ed, en todo su esplendor oto\u00f1al, un himno de despedida a la belleza que se desvanece. Encierra silencio, tristeza y constancia, y el susurro de las hojas en el roc\u00edo oto\u00f1al. Como en un \u00faltimo y v\u00edvido sue\u00f1o, la naturaleza se despide del calor y la luz. Y en esta paz, como en el silencio, el alma encuentra alegr\u00eda y consuelo en el verano.\n    <\/pre>\n<\/p><\/div>\n<div class=\"poem\">\n<h2>Sue\u00f1o de oto\u00f1o<\/h2>\n<pre class=\"poem-text\">\nUn sue\u00f1o oto\u00f1al, transparente y tierno, desciende a la tierra como una ligera niebla. En \u00e9l se oye el susurro de las hojas, silencioso e infinito, y el eco de un verano pasado, como un enga\u00f1o. En \u00e9l se sue\u00f1a con la primavera, con el sol y el calor, con el canto de los p\u00e1jaros en el silencio matutino. Y en este m\u00e1gico sue\u00f1o oto\u00f1al, el alma encuentra paz y esperanza.\n    <\/pre>\n<\/p><\/div>\n<div class=\"poem\">\n<h2>Niebla sobre el r\u00edo<\/h2>\n<pre class=\"poem-text\">\nLa niebla sobre el r\u00edo, plateada y densa, oculta tanto tristeza como paz. Sonidos profundos se disuelven en ella, y los pensamientos vagan como la brisa marina. En su abrazo yacen misterio y silencio, y el reflejo de las estrellas en el agua fr\u00eda. Y parece como si el mundo, encantado, se congelara a la espera de los rigores del invierno.\n    <\/pre>\n<\/p><\/div>\n<div class=\"poem\">\n<h2>Marchitez<\/h2>\n<pre class=\"poem-text\">\nDesvanecimiento\u2026 un proceso silencioso y triste, cuando la belleza se desvanece como un sue\u00f1o. Pero en \u00e9l hay sabidur\u00eda y progreso eterno, y preparaci\u00f3n para un nuevo d\u00eda, como una ley. La naturaleza se duerme, cubierta de hojas, anticipando las fr\u00edas noches de invierno. Y en esta paz, en este silencio sobrenatural, el alma encuentra paz y luz de vela.\n    <\/pre>\n<\/p><\/div>\n<div class=\"poem\">\n<h2>Silencio oto\u00f1al<\/h2>\n<pre class=\"poem-text\">\nEl silencio oto\u00f1al, como una bendici\u00f3n, desciende sobre la tierra, cubri\u00e9ndolo todo. Contiene el susurro de las hojas, el aliento del viento y el eco de un verano pasado, como el roc\u00edo. Contiene paz y tranquilidad, y un presagio de los fr\u00edos d\u00edas de invierno. Y en este silencio oto\u00f1al, como en una revelaci\u00f3n, el alma encuentra paz y una serena plenitud.\n    <\/pre>\n<\/p><\/div>\n<\/div>","protected":false},"excerpt":{"rendered":"<p>En la poes\u00eda de Fi\u00f3dor Iv\u00e1novich Tiutchev, el oto\u00f1o no es solo una estaci\u00f3n, sino tambi\u00e9n un profundo estado filos\u00f3fico, un reflejo del desvanecimiento y la premonici\u00f3n del invierno, en consonancia con los pensamientos\u2026<\/p>","protected":false},"author":1,"featured_media":0,"comment_status":"open","ping_status":"open","sticky":false,"template":"","format":"standard","meta":{"footnotes":""},"categories":[59],"tags":[],"class_list":["post-134569","post","type-post","status-publish","format-standard","hentry","category-stihi"],"_links":{"self":[{"href":"https:\/\/imgist.ru\/es\/wp-json\/wp\/v2\/posts\/134569","targetHints":{"allow":["GET"]}}],"collection":[{"href":"https:\/\/imgist.ru\/es\/wp-json\/wp\/v2\/posts"}],"about":[{"href":"https:\/\/imgist.ru\/es\/wp-json\/wp\/v2\/types\/post"}],"author":[{"embeddable":true,"href":"https:\/\/imgist.ru\/es\/wp-json\/wp\/v2\/users\/1"}],"replies":[{"embeddable":true,"href":"https:\/\/imgist.ru\/es\/wp-json\/wp\/v2\/comments?post=134569"}],"version-history":[{"count":1,"href":"https:\/\/imgist.ru\/es\/wp-json\/wp\/v2\/posts\/134569\/revisions"}],"predecessor-version":[{"id":136164,"href":"https:\/\/imgist.ru\/es\/wp-json\/wp\/v2\/posts\/134569\/revisions\/136164"}],"wp:attachment":[{"href":"https:\/\/imgist.ru\/es\/wp-json\/wp\/v2\/media?parent=134569"}],"wp:term":[{"taxonomy":"category","embeddable":true,"href":"https:\/\/imgist.ru\/es\/wp-json\/wp\/v2\/categories?post=134569"},{"taxonomy":"post_tag","embeddable":true,"href":"https:\/\/imgist.ru\/es\/wp-json\/wp\/v2\/tags?post=134569"}],"curies":[{"name":"wp","href":"https:\/\/api.w.org\/{rel}","templated":true}]}}