{"id":134697,"date":"2026-01-27T08:26:19","date_gmt":"2026-01-27T06:26:19","guid":{"rendered":"http:\/\/aleksawn.bget.ru\/drugie\/stihi-pro-rassvet.html"},"modified":"2026-08-24T13:20:52","modified_gmt":"2026-08-24T10:20:52","slug":"poemas-sobre-el-amanecer","status":"publish","type":"post","link":"https:\/\/imgist.ru\/es\/stihi-pro-rassvet\/","title":{"rendered":"Poemas sobre el amanecer: hermosas letras sobre el despertar de la naturaleza."},"content":{"rendered":"<p>El amanecer no es solo el cambio entre el d\u00eda y la noche; es un momento de serena reflexi\u00f3n, cuando el mundo renace bajo los suaves rayos del sol. Durante estas horas, el bullicio de la vida disminuye y surge la oportunidad de apreciar la belleza en las cosas m\u00e1s sencillas: una gota de roc\u00edo sobre la hierba, el canto de los p\u00e1jaros, la suave brisa. Los poemas sobre el amanecer intentan capturar este fr\u00e1gil y fugaz sentimiento de esperanza y renovaci\u00f3n, y compartirlo con los dem\u00e1s. Hablan de c\u00f3mo la luz penetra en los rincones m\u00e1s oscuros del alma y de c\u00f3mo cada ma\u00f1ana es una oportunidad para empezar de nuevo.<\/p>\n<div class=\"poems\">\n<div class=\"poem\">\n<h2>Primer rayo<\/h2>\n<pre class=\"poem-text\">\nEn el silencio, cuando la ciudad a\u00fan duerme, un rayo de luz al amanecer roza los tejados. Como la pincelada de un artista, anuncia el renacimiento de nuevos sue\u00f1os de entre las cenizas. Y reflejado en la ventana, como un presagio, despierta la esperanza y los sue\u00f1os. Esta luz no es casual; nos llama a las alturas.\n    <\/pre>\n<\/p><\/div>\n<\/div>\n<div class=\"poems\">\n<div class=\"poem\">\n<h2>Niebla matutina<\/h2>\n<pre class=\"poem-text\">\nEn la luz plateada de la ma\u00f1ana, el mundo duerme, a salvo de las preocupaciones de la noche. Silencio, solo el susurro del sauce junto al acantilado, y la niebla se desliza como un arroyo fantasmal. El sol se abre paso t\u00edmidamente entre la bruma, apenas se distinguen los contornos de las casas. En esta ternura, en este luminoso invierno, se olvidan las penas y la culpa. Y cuando la niebla se disipa en la distancia, el mundo aparece bajo una luz nueva y brillante. En estas ma\u00f1anas tranquilas, todo en la tierra rebosa de vida.\n    <\/pre>\n<\/p><\/div>\n<\/div>\n<div class=\"poems\">\n<div class=\"poem\">\n<h2>A trav\u00e9s de la cortina<\/h2>\n<pre class=\"poem-text\">\nA trav\u00e9s del velo de la noche transl\u00facida, una luz t\u00edmida y suave se abre paso. Y las sombras que parec\u00edan tan s\u00f3lidas se desvanecen de repente, como un rastro fantasmal. Anticipando el amanecer, la respiraci\u00f3n se congela en el pecho. Y parece que no hay nada m\u00e1s grande que este silencio que se avecina. El mundo est\u00e1 en silencio, esperando el despertar, cuando el sol coloree los cielos. En este instante, llenos de inspiraci\u00f3n, nacen la esperanza y la belleza. Y ahora, como por arte de magia, llega el amanecer, transformando el mundo. En sus rayos, en su bendici\u00f3n, encontramos paz y motivaci\u00f3n.\n    <\/pre>\n<\/p><\/div>\n<\/div>\n<div class=\"poems\">\n<div class=\"poem\">\n<h2>P\u00e1jaro temprano<\/h2>\n<pre class=\"poem-text\">\nEn el jard\u00edn, donde el roc\u00edo brilla con un resplandor plateado, el p\u00e1jaro enton\u00f3 su primer canto. Y en ese trino se oye la resurrecci\u00f3n, la alegr\u00eda que ha vencido al dolor. Su melod\u00eda es un saludo a un nuevo d\u00eda, a la esperanza que a\u00fan vive en nuestros corazones. Ella canta, y yo miro por la ventana, y siento que mi mente cobra vida.\n    <\/pre>\n<\/p><\/div>\n<\/div>\n<div class=\"poems\">\n<div class=\"poem\">\n<h2>disco solar<\/h2>\n<pre class=\"poem-text\">\nEl disco solar se eleva lentamente en el horizonte, carmes\u00ed y majestuoso. Y el mundo a nuestro alrededor parece cobrar vida, lleno de calidez y silencio. Ilumina los campos y prados, y el bosque que duerme bajo el roc\u00edo matutino. Y en esta belleza, mires donde mires, encuentras paz. Y parece como si el tiempo se hubiera detenido, anticipando el calor que se avecina. Y el coraz\u00f3n late con alegr\u00eda, mientras el amanecer desciende sobre la tierra.\n    <\/pre>\n<\/p><\/div>\n<\/div>\n<div class=\"poems\">\n<div class=\"poem\">\n<h2>brisa matutina<\/h2>\n<pre class=\"poem-text\">\nUna suave brisa, impregnada de frescura, despert\u00f3 a los \u00e1rboles de su letargo. Y el susurro apenas perceptible de las hojas llen\u00f3 el aire de frescura. Me acarici\u00f3 el rostro como un amigo gentil, y se llev\u00f3 la tristeza y la melancol\u00eda. Y en ese instante, pareci\u00f3 que todo a mi alrededor se llenaba de esperanza y ligereza. Y el sol, ascendiendo cada vez m\u00e1s alto, pint\u00f3 el cielo de escarlata. En esta tranquila ma\u00f1ana, escucha c\u00f3mo el mundo da la bienvenida a una nueva y brillante luz. Y deja que esta brisa, fresca e inocente, te recuerde la belleza de las cosas sencillas. En ella reside la promesa de un d\u00eda \u00fanico y la alegr\u00eda de las perspectivas futuras.\n    <\/pre>\n<\/p><\/div>\n<\/div>\n<div class=\"poems\">\n<div class=\"poem\">\n<h2>Roc\u00edo sobre la hierba<\/h2>\n<pre class=\"poem-text\">\nCada gota de roc\u00edo refleja el cielo matutino, claro como el cristal. Y en este instante de inspiraci\u00f3n, olvidas la amargura y la tristeza. Brilla como un diamante, atray\u00e9ndote con su belleza. En ella reside el secreto de la vida, el talento eterno y un mundo lleno de silencio.\n    <\/pre>\n<\/p><\/div>\n<\/div>\n<div class=\"poems\">\n<div class=\"poem\">\n<h2>El despertar de la ciudad<\/h2>\n<pre class=\"poem-text\">\nLa ciudad despierta, se expande, dejando atr\u00e1s la paz de la noche. Y en las ventanas la luz, como sonriente, saluda al nuevo d\u00eda, tan vivo. Los coches pasan, la gente se apresura, al trabajo, a la escuela, a sus negocios. Y en este bullicio, mires donde mires, hay algo brillante que deleita la vista. Y el sol, cada vez m\u00e1s alto, pinta los edificios de dorado. En este despertar, lleno de esperanza, encontramos fuerza e inspiraci\u00f3n para responder. Y que esta ciudad, ruidosa y grande, se llene de alegr\u00eda y calidez. En ella reside la vida, el movimiento, la paz eterna y un lugar donde sentirnos como en casa.\n    <\/pre>\n<\/p><\/div>\n<\/div>\n<div class=\"poems\">\n<div class=\"poem\">\n<h2>El silencio de la ma\u00f1ana<\/h2>\n<pre class=\"poem-text\">\nEn el silencio de la ma\u00f1ana, como en un templo, la respiraci\u00f3n se congela en tu pecho. Y en este instante, lleno de se\u00f1ales, encuentras respuestas. Los sonidos se desvanecen, los pensamientos se aclaran y el mundo a tu alrededor se transforma. En este silencio, es como si no existieran los d\u00edas y el tiempo se detuviera.\n    <\/pre>\n<\/p><\/div>\n<\/div>\n<div class=\"poems\">\n<div class=\"poem\">\n<h2>Nubes doradas<\/h2>\n<pre class=\"poem-text\">\nNubes doradas en el cielo, flotando como barcos en el mar lejano. Y en esta imagen, tan ligera, encuentras paz y luz en la distancia. Cambian de forma, color y apariencia, y parecen susurrar historias de amor. Reflejan nuestras esperanzas y penas, y un mundo lleno de sue\u00f1os y destinos. Y el sol, abri\u00e9ndose paso entre ellas, pinta la tierra de oro. En esta ma\u00f1ana, silenciosa como la poes\u00eda, encontramos fuerza e inspiraci\u00f3n en respuesta. Y que estas nubes, doradas y tiernas, nos recuerden la belleza y la magia. En ellas reside la promesa de un d\u00eda \u00fanico, y la alegr\u00eda del futuro, como en la infancia.\n    <\/pre>\n<\/p><\/div>\n<\/div>\n<div class=\"poems\">\n<div class=\"poem\">\n<h2>Primera luz en la ventana<\/h2>\n<pre class=\"poem-text\">\nLa primera luz que entr\u00f3 por la ventana, como un buen presagio, me despert\u00f3 de una larga y oscura noche. Y en ese instante, como en sue\u00f1os m\u00e1gicos, uno olvida todas las preocupaciones y profec\u00edas. Acaricia la piel, calienta el alma y llena el coraz\u00f3n de alegr\u00eda y calidez. En ella reside la esperanza de lo mejor, sin destrucci\u00f3n, y la fe en que todo saldr\u00e1 bien. Y el mundo a nuestro alrededor parece cobrar vida, lleno de colores y sonidos. Con la luz de la ma\u00f1ana, todas las cosas malas que nos han sucedido parecen desvanecerse. Y que esta luz, brillando en mi ventana, me recuerde la belleza y los milagros. En ella reside la promesa de un d\u00eda \u00fanico y la alegr\u00eda por el futuro, como en el cielo.\n    <\/pre>\n<\/p><\/div>\n<\/div>\n<div class=\"poems\">\n<div class=\"poem\">\n<h2>Jard\u00edn matutino<\/h2>\n<pre class=\"poem-text\">\nEn el jard\u00edn matutino, donde el roc\u00edo brilla, los p\u00e1jaros cantan sus canciones de amor. Y en este instante, como en sue\u00f1os m\u00e1gicos, olvidas todas las penas y culpas. Las flores abren sus p\u00e9talos, saludando un nuevo d\u00eda lleno de vida. Y en esta belleza, no importa c\u00f3mo la mires, hay algo brillante que deleita la vista.\n    <\/pre>\n<\/p><\/div>\n<\/div>\n<div class=\"poems\">\n<div class=\"poem\">\n<h2>Hora del amanecer<\/h2>\n<pre class=\"poem-text\">\nLa hora del amanecer es un momento de silencio, cuando el alma se abre a los milagros. Y en este instante, lleno de novedad, encuentras respuestas, como noticias. Da inspiraci\u00f3n y paz, y llena el coraz\u00f3n de luz y calidez. En ella reside la esperanza de lo mejor, no uno f\u00e1cil, y la fe de que todo estar\u00e1 bien. Y el mundo a nuestro alrededor parece congelarse, anticipando el d\u00eda que viene. En esta luz matutina, todas las cosas malas que ten\u00eda parecen desvanecerse. Y deja que esta hora, amanecer y hermosa, te recuerde la belleza y la magia. En ella reside la promesa de un d\u00eda \u00fanico, y la alegr\u00eda del futuro, como en la infancia.\n    <\/pre>\n<\/p><\/div>\n<\/div>\n<div class=\"poems\">\n<div class=\"poem\">\n<h2>Lienzo celestial<\/h2>\n<pre class=\"poem-text\">\nUn lienzo celestial, pintado por el amanecer, en tonos carmes\u00ed, rosa y dorado. Y en esta imagen, tan hermosa, olvidas todos tus pecados. Te atrae con su belleza y llena el coraz\u00f3n de alegr\u00eda y calidez. En ella reside la esperanza de un futuro mejor, no uno cualquiera, y la fe de que todo saldr\u00e1 bien.\n    <\/pre>\n<\/p><\/div>\n<\/div>\n<div class=\"poems\">\n<div class=\"poem\">\n<h2>Luz de la ma\u00f1ana<\/h2>\n<pre class=\"poem-text\">\nLa luz de la ma\u00f1ana se filtra por las cortinas, despert\u00e1ndome de una larga y oscura noche. Y en este instante, como en sue\u00f1os m\u00e1gicos, uno olvida todas las preocupaciones y profec\u00edas. Acaricia la piel, calienta el alma y llena el coraz\u00f3n de alegr\u00eda y calidez. Contiene una esperanza inquebrantable en lo mejor y la fe de que todo saldr\u00e1 bien. Y el mundo a nuestro alrededor parece cobrar vida, llen\u00e1ndose de colores y sonidos. Bajo esta luz matutina, todas las cosas malas que nos han sucedido parecen desvanecerse. Y que esta luz, matutina y radiante, nos recuerde la belleza y los milagros. Contiene la promesa de un d\u00eda \u00fanico y la alegr\u00eda del futuro, como en el cielo.\n    <\/pre>\n<\/p><\/div>\n<\/div>","protected":false},"excerpt":{"rendered":"<p>El amanecer no es solo el cambio entre el d\u00eda y la noche; es un momento de tranquila reflexi\u00f3n, cuando el mundo renace bajo los suaves rayos del sol. En estas horas, el silencio se desvanece\u2026<\/p>","protected":false},"author":1,"featured_media":0,"comment_status":"open","ping_status":"open","sticky":false,"template":"","format":"standard","meta":{"footnotes":""},"categories":[59],"tags":[],"class_list":["post-134697","post","type-post","status-publish","format-standard","hentry","category-stihi"],"_links":{"self":[{"href":"https:\/\/imgist.ru\/es\/wp-json\/wp\/v2\/posts\/134697","targetHints":{"allow":["GET"]}}],"collection":[{"href":"https:\/\/imgist.ru\/es\/wp-json\/wp\/v2\/posts"}],"about":[{"href":"https:\/\/imgist.ru\/es\/wp-json\/wp\/v2\/types\/post"}],"author":[{"embeddable":true,"href":"https:\/\/imgist.ru\/es\/wp-json\/wp\/v2\/users\/1"}],"replies":[{"embeddable":true,"href":"https:\/\/imgist.ru\/es\/wp-json\/wp\/v2\/comments?post=134697"}],"version-history":[{"count":1,"href":"https:\/\/imgist.ru\/es\/wp-json\/wp\/v2\/posts\/134697\/revisions"}],"predecessor-version":[{"id":137611,"href":"https:\/\/imgist.ru\/es\/wp-json\/wp\/v2\/posts\/134697\/revisions\/137611"}],"wp:attachment":[{"href":"https:\/\/imgist.ru\/es\/wp-json\/wp\/v2\/media?parent=134697"}],"wp:term":[{"taxonomy":"category","embeddable":true,"href":"https:\/\/imgist.ru\/es\/wp-json\/wp\/v2\/categories?post=134697"},{"taxonomy":"post_tag","embeddable":true,"href":"https:\/\/imgist.ru\/es\/wp-json\/wp\/v2\/tags?post=134697"}],"curies":[{"name":"wp","href":"https:\/\/api.w.org\/{rel}","templated":true}]}}