{"id":134822,"date":"2026-01-31T14:06:12","date_gmt":"2026-01-31T12:06:12","guid":{"rendered":"http:\/\/aleksawn.bget.ru\/drugie\/stihi-pro-dar.html"},"modified":"2026-08-24T13:20:49","modified_gmt":"2026-08-24T10:20:49","slug":"stihi-pro-dar","status":"publish","type":"post","link":"https:\/\/imgist.ru\/es\/stihi-pro-dar\/","title":{"rendered":"Poemas sobre regalos: c\u00f3mo expresar gratitud con sentimientos y palabras."},"content":{"rendered":"<p>Un don no siempre es una posesi\u00f3n material; puede ser un talento, una habilidad, una caracter\u00edstica que hace \u00fanica a una persona. Un don puede ser evidente y claro, o puede estar latente en nuestro interior, esperando su momento. Es importante reconocer y aceptar nuestro don, desarrollarlo y usarlo para nuestro propio beneficio y el de los dem\u00e1s. Despu\u00e9s de todo, cada uno de nosotros posee algo especial que puede cambiar el mundo para mejor. La poes\u00eda, como uno de estos dones, nos permite expresar lo inexpresable y transmitir nuestros sentimientos m\u00e1s profundos a los dem\u00e1s.<\/p>\n<div class=\"poems\">\n<div class=\"poem\" data-poem=\"1\">\n<h2>Una voz suave<\/h2>\n<pre class=\"poem-text\">\nEn el silencio nace un sonido, suave, tembloroso, como un arroyo. Es un regalo que se nos concede de repente, un rayo de esperanza en un d\u00eda sombr\u00edo. Vive silenciosamente en nuestras almas, llam\u00e1ndonos a sue\u00f1os nuevos y luminosos. Esta voz nos da la fuerza para creer en nosotros mismos y en los milagros que hay en nuestro interior.\n    <\/pre>\n<\/p><\/div>\n<div class=\"poem\" data-poem=\"2\">\n<h2>La semilla del talento<\/h2>\n<pre class=\"poem-text\">\nUna peque\u00f1a semilla cay\u00f3 en la tierra, esperando el calor y la lluvia. En su interior yac\u00eda un don que escucha al mundo y florece como el amanecer de la primavera. Solo necesita cuidado y luz, riego y una atenci\u00f3n esmerada. Entonces podr\u00e1 desplegar su talento y asombrar al mundo con su belleza. Que crezca, se fortalezca y florezca, para alegr\u00eda de todos y beneficio de todos. Porque el don del talento es el vuelo de la vida, la luz de la felicidad y la fuente de inspiraci\u00f3n.\n    <\/pre>\n<\/p><\/div>\n<div class=\"poem\" data-poem=\"3\">\n<h2>Luz interior<\/h2>\n<pre class=\"poem-text\">\nEn cada coraz\u00f3n arde una chispa, un don celestial que nos llega del cielo. Mantiene viva la esperanza en el alma y escucha la m\u00e1s silenciosa desesperaci\u00f3n. No dejes que se apague en la oscuridad; enci\u00e9ndela, cu\u00eddala y \u00e1mala. Porque la luz interior es un regalo para ti, y con ella podr\u00e1s superar muchas dificultades.\n    <\/pre>\n<\/p><\/div>\n<div class=\"poem\" data-poem=\"4\">\n<h2>Canci\u00f3n del alma<\/h2>\n<pre class=\"poem-text\">\nUna melod\u00eda eterna resuena en el alma, una canci\u00f3n que trae alegr\u00eda y tristeza. Llama a un mundo desconocido e infinito, donde no hay dolor ni obst\u00e1culos. Este es un don que nos ha dado la naturaleza: la capacidad de sentir, amar y so\u00f1ar. Que resuene en cada ciudad y traiga felicidad a la gente una vez m\u00e1s. No temas cantar, no temas crear, porque en cada sonido hay un pedazo de alma. Que la melod\u00eda viva para siempre y transforme el mundo que te rodea.\n    <\/pre>\n<\/p><\/div>\n<div class=\"poem\" data-poem=\"5\">\n<h2>Manos de un maestro<\/h2>\n<pre class=\"poem-text\">\nEn manos de un maestro, la creaci\u00f3n cobra vida: madera, piedra, arcilla y acero. Infunde inspiraci\u00f3n en su obra y entrega al mundo su dolor. Este es un don divino: la capacidad de ver la belleza en todo. Que sus creaciones perduren y traigan alegr\u00eda a quienes las rodean.\n    <\/pre>\n<\/p><\/div>\n<div class=\"poem\" data-poem=\"6\">\n<h2>El don del habla<\/h2>\n<pre class=\"poem-text\">\nLas palabras son poder, las palabras son luz, las palabras pueden herir, las palabras pueden sanar. Contienen un gran secreto, y son capaces de cambiar mucho. Este es un don que Dios nos ha dado, la capacidad de expresar nuestros pensamientos y sentimientos. Que resuenen fuertes y abundantes, y traigan alegr\u00eda y arte a la gente. No temas hablar, no temas escribir, porque en cada palabra hay un pedazo de alma. Que la palabra resuene para siempre, y transforme el mundo que te rodea.\n    <\/pre>\n<\/p><\/div>\n<div class=\"poem\" data-poem=\"7\">\n<h2>Inspiraci\u00f3n<\/h2>\n<pre class=\"poem-text\">\nDe repente llega, como una suave brisa, y llena el coraz\u00f3n y el alma. La inspiraci\u00f3n es una lecci\u00f3n m\u00e1gica que nos llena de alegr\u00eda y vitalidad. Nos impulsa a alcanzar nuevos logros y nos ayuda a hacer realidad nuestros sue\u00f1os. Que siempre nos acompa\u00f1e e ilumine nuestras vidas con mayor intensidad.\n    <\/pre>\n<\/p><\/div>\n<div class=\"poem\" data-poem=\"8\">\n<h2>El coraz\u00f3n de un poeta<\/h2>\n<pre class=\"poem-text\">\nEl coraz\u00f3n de un poeta es un oc\u00e9ano, donde las pasiones y los sentimientos se desbordan. Ve el mundo con otra mirada y nos regala la belleza del arte. Siente el dolor y la alegr\u00eda de los dem\u00e1s y los plasma en sus poemas. Que su coraz\u00f3n viva para siempre y transforme el mundo que lo rodea. Escribe sobre el amor, la esperanza y la fe, y nos brinda luz e inspiraci\u00f3n. Que sus poemas resuenen eternamente y traigan alegr\u00eda a todas las generaciones.\n    <\/pre>\n<\/p><\/div>\n<div class=\"poem\" data-poem=\"9\">\n<h2>Alegr\u00eda tranquila<\/h2>\n<pre class=\"poem-text\">\nEn un instante sencillo reside una alegr\u00eda serena, una sonrisa del sol, el susurro de las hojas. El don de apreciar la dulzura sin exigir nada a cambio, de encontrar nuestros sue\u00f1os en las peque\u00f1as cosas.\n    <\/pre>\n<\/p><\/div>\n<div class=\"poem\" data-poem=\"10\">\n<h2>Alas de los sue\u00f1os<\/h2>\n<pre class=\"poem-text\">\nUn sue\u00f1o son las alas que nos elevan por encima de la monoton\u00eda de la vida cotidiana, por encima del dolor y la maldad. Nos da esperanza e inspira, y nos llama a un hogar desconocido. Es un regalo de Dios, la capacidad de creer en lo mejor que nos espera. Que siempre nos acompa\u00f1e e ilumine nuestras vidas con m\u00e1s intensidad. No temas so\u00f1ar, no temas volar, porque en cada sue\u00f1o hay un pedazo de alma. Que tu sue\u00f1o resuene para siempre y transforme el mundo que te rodea.\n    <\/pre>\n<\/p><\/div>\n<div class=\"poem\" data-poem=\"11\">\n<h2>El don del perd\u00f3n<\/h2>\n<pre class=\"poem-text\">\nPerdonar una ofensa es un gran regalo, una liberaci\u00f3n de pesadas cadenas. Dejar atr\u00e1s el pasado, olvidar los gritos y seguir adelante sin dolor. Este es un don divino: la capacidad de la misericordia y el amor. Deja que habite en tu coraz\u00f3n y transformar\u00e1s el mundo que te rodea.\n    <\/pre>\n<\/p><\/div>\n<div class=\"poem\" data-poem=\"12\">\n<h2>La voz de la naturaleza<\/h2>\n<pre class=\"poem-text\">\nEn el susurro de las hojas, en el canto de los p\u00e1jaros, en el estruendo de la lluvia y el trueno, se escucha la voz de la naturaleza: sin l\u00edmites, llena de sabidur\u00eda y cantos ancestrales. Este es un regalo de la tierra, la capacidad de sentir su aliento. Deja que viva en tu coraz\u00f3n y transforme el mundo que te rodea. Nos ense\u00f1a armon\u00eda y amor, y nos recuerda el ciclo eterno. Que la voz de la naturaleza resuene para siempre y traiga alegr\u00eda a todas las generaciones.\n    <\/pre>\n<\/p><\/div>\n<div class=\"poem\" data-poem=\"13\">\n<h2>Bendita memoria<\/h2>\n<pre class=\"poem-text\">\nLa memoria es un tesoro que se nos ha dado, para preservar rostros, voces y palabras. Trae el pasado a la vida y reconforta el coraz\u00f3n como la primavera.\n    <\/pre>\n<\/p><\/div>\n<div class=\"poem\" data-poem=\"14\">\n<h2>El don de la compasi\u00f3n<\/h2>\n<pre class=\"poem-text\">\nLa compasi\u00f3n es un don divino, la capacidad de sentir el dolor ajeno. Nos brinda esperanza y consuelo, y nos ayuda a ser mejores. Es un don que Dios nos ha concedido, la capacidad de la misericordia y el amor. Que habite en tu coraz\u00f3n y transforme el mundo que te rodea. Nos ense\u00f1a a comprender, a perdonar y a ayudar a quienes nos necesitan. Que la compasi\u00f3n resuene eternamente y traiga alegr\u00eda a todas las generaciones.\n    <\/pre>\n<\/p><\/div>\n<div class=\"poem\" data-poem=\"15\">\n<h2>\u00c1ngel tranquilo<\/h2>\n<pre class=\"poem-text\">\nEn cada coraz\u00f3n habita un \u00e1ngel silencioso, guardi\u00e1n del alma, faro de esperanza. Nos da fuerza y luz, y nos ayuda a navegar en la oscuridad. Este es un don divino: la capacidad de creer en lo mejor que nos espera. Que siempre nos acompa\u00f1e e ilumine nuestras vidas con mayor intensidad.\n    <\/pre>\n<\/p><\/div>\n<\/div>","protected":false},"excerpt":{"rendered":"<p>Un don no siempre es una posesi\u00f3n material; puede ser un talento, una habilidad, una caracter\u00edstica que hace \u00fanica a una persona. Un don puede ser obvio y claro, o puede ser\u2026<\/p>","protected":false},"author":1,"featured_media":0,"comment_status":"open","ping_status":"open","sticky":false,"template":"","format":"standard","meta":{"footnotes":""},"categories":[59],"tags":[],"class_list":["post-134822","post","type-post","status-publish","format-standard","hentry","category-stihi"],"_links":{"self":[{"href":"https:\/\/imgist.ru\/es\/wp-json\/wp\/v2\/posts\/134822","targetHints":{"allow":["GET"]}}],"collection":[{"href":"https:\/\/imgist.ru\/es\/wp-json\/wp\/v2\/posts"}],"about":[{"href":"https:\/\/imgist.ru\/es\/wp-json\/wp\/v2\/types\/post"}],"author":[{"embeddable":true,"href":"https:\/\/imgist.ru\/es\/wp-json\/wp\/v2\/users\/1"}],"replies":[{"embeddable":true,"href":"https:\/\/imgist.ru\/es\/wp-json\/wp\/v2\/comments?post=134822"}],"version-history":[{"count":1,"href":"https:\/\/imgist.ru\/es\/wp-json\/wp\/v2\/posts\/134822\/revisions"}],"predecessor-version":[{"id":137462,"href":"https:\/\/imgist.ru\/es\/wp-json\/wp\/v2\/posts\/134822\/revisions\/137462"}],"wp:attachment":[{"href":"https:\/\/imgist.ru\/es\/wp-json\/wp\/v2\/media?parent=134822"}],"wp:term":[{"taxonomy":"category","embeddable":true,"href":"https:\/\/imgist.ru\/es\/wp-json\/wp\/v2\/categories?post=134822"},{"taxonomy":"post_tag","embeddable":true,"href":"https:\/\/imgist.ru\/es\/wp-json\/wp\/v2\/tags?post=134822"}],"curies":[{"name":"wp","href":"https:\/\/api.w.org\/{rel}","templated":true}]}}