{"id":135210,"date":"2026-02-03T03:30:22","date_gmt":"2026-02-03T01:30:22","guid":{"rendered":"http:\/\/aleksawn.bget.ru\/drugie\/ctihi-pro-babe-leto.html"},"modified":"2026-08-24T13:20:47","modified_gmt":"2026-08-24T10:20:47","slug":"ctihi-pro-babe-leto","status":"publish","type":"post","link":"https:\/\/imgist.ru\/es\/ctihi-pro-babe-leto\/","title":{"rendered":"Poemas sobre el veranillo de San Miguel: letras oto\u00f1ales sobre la tristeza y la belleza de la naturaleza."},"content":{"rendered":"<p>El veranillo de San Miguel es una \u00e9poca m\u00e1gica del a\u00f1o en la que el oto\u00f1o renace en la naturaleza y el calor del sol calienta el aire fr\u00edo. Estos breves d\u00edas de hojas doradas y telara\u00f1as entre los \u00e1rboles revelan una belleza especial que inspira a los poetas a crear obras llenas de nostalgia y encanto. Esta colecci\u00f3n de poemas est\u00e1 dedicada a esta \u00e9poca del a\u00f1o, fr\u00e1gil pero inolvidable.<\/p>\n<div class=\"poems\">\n<div class=\"poem\" data-poem=\"1\">\n<h2>D\u00edas dorados<\/h2>\n<pre class=\"poem-text\">\nEn septiembre, cuando, a pesar del fr\u00edo, un rayo de sol se abre paso por la ma\u00f1ana y el calor inunda el pueblo, donde florecen las fresas junto al estanque. Las telara\u00f1as brillan bajo los rayos de luz, el suelo se cubre de hojas doradas. Es un milagro, un m\u00e1gico veranillo de San Miguel, el \u00faltimo coletazo del oto\u00f1o.\n    <\/pre>\n<\/p><\/div>\n<div class=\"poem\" data-poem=\"2\">\n<h2>Las \u00faltimas flores<\/h2>\n<pre class=\"poem-text\">\nA\u00fan florecen flores en el prado, crisantemos de p\u00e9talos \u00e1mbar, los sue\u00f1os se hacen realidad en oto\u00f1o, un regalo de la naturaleza. Una abeja vuela hacia los \u00faltimos p\u00e9talos, apresur\u00e1ndose a absorber el n\u00e9ctar dulce, y parece que la alegre despedida de la vida fluye hacia arriba, no hacia abajo.\n    <\/pre>\n<\/p><\/div>\n<div class=\"poem\" data-poem=\"3\">\n<h2>Un milagro silencioso<\/h2>\n<pre class=\"poem-text\">\nCuando las preocupaciones del verano se desvanecen y el viento sopla con ternura en el alma, una m\u00e1gica desgracia llega a la tierra: el veranillo de San Miguel brilla con mayor serenidad. Perlas de roc\u00edo cuelgan de los \u00e1rboles, las telas tejen una historia de amor, y parece que no hay tristeza en el mundo cuando contemplo el oto\u00f1o una y otra vez.\n    <\/pre>\n<\/p><\/div>\n<div class=\"poem\" data-poem=\"4\">\n<h2>Oro oto\u00f1al de las hojas<\/h2>\n<pre class=\"poem-text\">\nLas hojas caen como lluvia dorada, sobre la hierba a\u00fan verde, y en el alma de cada poeta nace un nacimiento, de ideas a\u00fan no escritas fluye. Septiembre nos regala un segundo amanecer, donde el calor y el fr\u00edo danzan juntos, llamar\u00e1s a la luz veranillo de San Miguel, que, como los ni\u00f1os, nos regala a todos un milagro.\n    <\/pre>\n<\/p><\/div>\n<div class=\"poem\" data-poem=\"5\">\n<h2>Redes de felicidad<\/h2>\n<pre class=\"poem-text\">\nLas telara\u00f1as m\u00e1s finas vuelan, brillando al sol como plata, atrapan los \u00faltimos d\u00edas, los d\u00edas m\u00e1gicos del oto\u00f1o. El veranillo de San Miguel nos da valor, para apresurarnos por el camino desconocido, olvidando las penas y bendiciones del verano, para saborear el milagro del oto\u00f1o.\n    <\/pre>\n<\/p><\/div>\n<div class=\"poem\" data-poem=\"6\">\n<h2>Tristeza c\u00e1lida<\/h2>\n<pre class=\"poem-text\">\nSopla una brisa c\u00e1lida a esta hora, recuerdo el sol de los d\u00edas de verano, pero incluso aqu\u00ed, en este oto\u00f1o, siento alegr\u00eda y ligereza. El veranillo de San Miguel me trae alegr\u00eda, recuerdo los primeros encuentros, el primer paso hacia la adversidad, pero instant\u00e1neamente olvido toda la miseria, contemplando dulcemente los paisajes.\n    <\/pre>\n<\/p><\/div>\n<div class=\"poem\" data-poem=\"7\">\n<h2>Dolor dorado<\/h2>\n<pre class=\"poem-text\">\nEn el jard\u00edn, cantan los \u00faltimos, magos de pluma y voz, y sabios sagrados alzan la vista al cielo en este d\u00eda y a esta hora. El veranillo de San Miguel me ilumina desde la desgracia, hay momentos m\u00e1gicos en el mundo, cuando el destino nos concede todos sus privilegios, y la alegr\u00eda brilla en cada instrumento.\n    <\/pre>\n<\/p><\/div>\n<div class=\"poem\" data-poem=\"8\">\n<h2>El \u00faltimo d\u00eda de calor<\/h2>\n<pre class=\"poem-text\">\nElla me envolvi\u00f3 en la calidez de la tierra, la Hechicera de rostro \u00e1mbar brillante, veranillo de San Miguel, un milagro de la antig\u00fcedad que nos trae la paz de septiembre con prisa. Los problemas vuelan en alas de golondrina, pero el momento es brillante, m\u00e1gico y m\u00e1s m\u00e1gico, el veranillo de San Miguel me causa problemas, y la alegr\u00eda brilla en cada palabra, en cada acci\u00f3n.\n    <\/pre>\n<\/p><\/div>\n<div class=\"poem\" data-poem=\"9\">\n<h2>Sue\u00f1o de oto\u00f1o<\/h2>\n<pre class=\"poem-text\">\nCuando toda la naturaleza se duerme, cuando el triunfo del verano se ha ido, el mago del veranillo de San Miguel me canta, oh milagro, oh pluma m\u00e1gica. Y as\u00ed un cuento de hadas llega a mi hogar, el sue\u00f1o m\u00e1gico de un oto\u00f1o m\u00e1gico, y oigo en esa ola m\u00e1gica, amor, desgracia, la ley m\u00e1gica para m\u00ed.\n    <\/pre>\n<\/p><\/div>\n<div class=\"poem\" data-poem=\"10\">\n<h2>luz dorada<\/h2>\n<pre class=\"poem-text\">\nCuando la magia del veranillo de San Miguel brilla, envolviendo la tierra en oro, creo en los milagros, creo en el viento de verano, que derrama magia en mi coraz\u00f3n. Hay muchos d\u00edas m\u00e1gicos en el mundo, pero creo en el oto\u00f1o m\u00e1s que en nada, el veranillo de San Miguel me da \u00f3palo, y la alegr\u00eda brilla en cada uno para salvarme.\n    <\/pre>\n<\/p><\/div>\n<div class=\"poem\" data-poem=\"11\">\n<h2>Un momento m\u00e1gico<\/h2>\n<pre class=\"poem-text\">\nMomento m\u00e1gico, momento m\u00e1gico, date prisa, el veranillo de San Miguel me canta un milagro, hay caminos m\u00e1gicos en el mundo, donde el mago oto\u00f1o me llama. Y ahora el triunfo del verano se ha ido, y ahora el oto\u00f1o llega a mi hogar, el veranillo de San Miguel me da problemas, y la alegr\u00eda brilla conmigo en cada momento.\n    <\/pre>\n<\/p><\/div>\n<div class=\"poem\" data-poem=\"12\">\n<h2>El \u00faltimo rayo<\/h2>\n<pre class=\"poem-text\">\nEl \u00faltimo rayo de luz m\u00e1gica cay\u00f3 sobre una hoja a mi lado. El veranillo de San Miguel me trae problemas, y la alegr\u00eda brilla conmigo cada d\u00eda. Llega el m\u00e1gico momento del oto\u00f1o, cuando de repente una oleada de calidez me invade el alma, y cada d\u00eda, y cada lengua me canta sobre un milagro: oto\u00f1o y problemas.\n    <\/pre>\n<\/p><\/div>\n<\/div>","protected":false},"excerpt":{"rendered":"<p>El veranillo de San Miguel es una \u00e9poca m\u00e1gica del a\u00f1o en la que el oto\u00f1o rejuvenece a la naturaleza y el calor del sol calienta el aire fr\u00edo. Durante estos breves d\u00edas de hojas doradas\u2026<\/p>","protected":false},"author":1,"featured_media":0,"comment_status":"open","ping_status":"open","sticky":false,"template":"","format":"standard","meta":{"footnotes":""},"categories":[59],"tags":[],"class_list":["post-135210","post","type-post","status-publish","format-standard","hentry","category-stihi"],"_links":{"self":[{"href":"https:\/\/imgist.ru\/es\/wp-json\/wp\/v2\/posts\/135210","targetHints":{"allow":["GET"]}}],"collection":[{"href":"https:\/\/imgist.ru\/es\/wp-json\/wp\/v2\/posts"}],"about":[{"href":"https:\/\/imgist.ru\/es\/wp-json\/wp\/v2\/types\/post"}],"author":[{"embeddable":true,"href":"https:\/\/imgist.ru\/es\/wp-json\/wp\/v2\/users\/1"}],"replies":[{"embeddable":true,"href":"https:\/\/imgist.ru\/es\/wp-json\/wp\/v2\/comments?post=135210"}],"version-history":[{"count":1,"href":"https:\/\/imgist.ru\/es\/wp-json\/wp\/v2\/posts\/135210\/revisions"}],"predecessor-version":[{"id":137377,"href":"https:\/\/imgist.ru\/es\/wp-json\/wp\/v2\/posts\/135210\/revisions\/137377"}],"wp:attachment":[{"href":"https:\/\/imgist.ru\/es\/wp-json\/wp\/v2\/media?parent=135210"}],"wp:term":[{"taxonomy":"category","embeddable":true,"href":"https:\/\/imgist.ru\/es\/wp-json\/wp\/v2\/categories?post=135210"},{"taxonomy":"post_tag","embeddable":true,"href":"https:\/\/imgist.ru\/es\/wp-json\/wp\/v2\/tags?post=135210"}],"curies":[{"name":"wp","href":"https:\/\/api.w.org\/{rel}","templated":true}]}}