{"id":13539,"date":"2026-06-05T11:18:46","date_gmt":"2026-06-05T08:18:46","guid":{"rendered":"https:\/\/imgist.ru\/kara-delevin-raskryla-bolee-mrachnyj-kontekst-svoego-debyuta-v-victorias-secret\/"},"modified":"2026-08-29T12:12:15","modified_gmt":"2026-08-29T09:12:15","slug":"cara-delevingne-revelo-mas-detalles-sobre-el-oscuro-contexto-de-su-debut-en-victorias-secret","status":"publish","type":"post","link":"https:\/\/imgist.ru\/es\/kara-delevin-raskryla-bolee-mrachnyj-kontekst-svoego-debyuta-v-victorias-secret\/","title":{"rendered":"Cara Delevingne ha revelado el contexto &quot;oscuro&quot; que hay detr\u00e1s de su debut en Victoria&#039;s Secret."},"content":{"rendered":"<h2>Si tambi\u00e9n eras adolescente durante la \u00e9poca dorada de Victoria&#039;s Secret, no me cabe duda de que recuerdas muy bien el desfile de moda de VS de 2012. <\/h2>\n<p> Timothy A. Clary\/Getty Images<\/p>\n<h2> Como recordatorio, en 2012, Adriana Lima, Miranda Kerr, Candice Swanepoel, Doutzen Kroes y Behati Prinsloo desfilaron como &quot;\u00c1ngeles&quot;. Y entre los artistas que actuaron ese a\u00f1o se encontraban, \u00a1nada menos que!, Rihanna, Justin Bieber y Bruno Mars, lo que, francamente, suena a un cartel de festival al que pagar\u00eda millones de d\u00f3lares por asistir en 2026. <\/h2>\n<p> Kevin Mazur \/ Getty Images, Kevin Kane \/ Getty Images<\/p>\n<p> <strong>Ver tambi\u00e9n: &quot;Mi marido es un hombre adulto&quot;: 37 famosos que compartieron de forma sorprendentemente sincera su vida sexual con otras personas famosas.<\/strong><\/p>\n<h2> Pero a pesar del elenco repleto de estrellas, uno de los momentos m\u00e1s memorables del desfile de 2012 sigue siendo el debut en la pasarela de Victoria&#039;s Secret de la modelo brit\u00e1nica Cara Delevingne, de 20 a\u00f1os y cejas pobladas. <\/h2>\n<p> Jim Spellman \/ Getty Images<\/p>\n<h2> Para ponerlo en contexto, Cara ya gozaba de una considerable fama como modelo en aquel momento, pero creo que la mayor\u00eda estar\u00eda de acuerdo en que su actuaci\u00f3n al ritmo de &quot;Beauty and a Beat&quot; de Justin Bieber en el desfile de Victoria&#039;s Secret de 2012 la catapult\u00f3 a un nivel completamente nuevo de fama en internet. <\/h2>\n<p> Brian Bedder\/Getty Images<\/p>\n<h2> En 2012\/2013, era IMPOSIBLE eliminar esta foto en particular de Tumblr, te lo aseguro. <\/h2>\n<p> Antonio De Moraes Barros Filho\/Getty Images<\/p>\n<p> <strong>Ver tambi\u00e9n: 14 actores que dijeron &quot;No, no har\u00e9 eso&quot; sobre la trama de una pel\u00edcula.<\/strong><\/p>\n<h2> Y aunque desde fuera todo pudiera parecer ideal, result\u00f3 que el momento decisivo de Kara lleg\u00f3 durante un per\u00edodo bastante dif\u00edcil de su vida. <\/h2>\n<p> Dave M. Bennett\/Getty Images<\/p>\n<h2> En el episodio de esta semana de Call Her Daddy, el presentador Alex Cooper le mostr\u00f3 a Kara una de las fotos m\u00e1s ic\u00f3nicas de su debut en Victoria&#039;s Secret y le pidi\u00f3 que compartiera sus impresiones sobre esa \u00e9poca. Kara se sinti\u00f3 inmediatamente avergonzada e inc\u00f3moda. &quot;Fue divertido; era como disfrazarse&quot;, dijo. &quot;Pero tambi\u00e9n hab\u00eda algo m\u00e1s oscuro en todo aquello&quot;. <\/h2>\n<p> Ll\u00e1mala, pap\u00e1 \/ No me siento bien \/ V\u00eda YouTube<\/p>\n<p> <strong>Sobre el tema: \u00bfA cu\u00e1l de sus padres famosos se parece m\u00e1s este ni\u00f1o, nacido en una familia de personas que no se dedican al mundo del espect\u00e1culo?<\/strong><\/p>\n<h2> \u00ab&quot;Estaba borracha en esos desfiles. No quiero hablar por las dem\u00e1s chicas, pero para m\u00ed, personalmente, no era el ambiente m\u00e1s acogedor&quot;, explic\u00f3 Kara. &quot;Sin duda, mi carrera de modelo cambi\u00f3 mi imagen femenina y c\u00f3mo me perciben los dem\u00e1s. De peque\u00f1a llevaba el pelo corto. No me gustaba usar ropa de chica, de hecho, no me gustaba ser chica... As\u00ed que creo que el modelaje me oblig\u00f3 a convertirme en una chica que no era&quot;. <\/h2>\n<p> Emmanuel Dunant\/Getty Images<\/p>\n<h2> Kara, quien ahora se define como una &quot;lesbiana orgullosa&quot;, tambi\u00e9n revel\u00f3 que en 2012 ocultaba su sexualidad y se sent\u00eda como una &quot;lesbiana encubierta&quot;. &quot;Era lesbiana y pensaba: &#039;\u00bfSoy la \u00fanica lesbiana que ha tenido relaciones sexuales con Victoria&#039;s Secret?&#039;&quot;, dijo. &quot;Me divert\u00ed mucho, pero tambi\u00e9n estaba muy confundida&quot;. <\/h2>\n<p> Ll\u00e1mala pap\u00e1 \/ Malestar \/ Antonio De Moraes Barros Filho \/ Getty Images \/ Via YouTube<\/p>\n<h2> En 2012, Cara, ahora sobria, habl\u00f3 abiertamente sobre su relaci\u00f3n con las drogas y el alcohol. Afirm\u00f3 que no estaba nerviosa antes de desfilar para Victoria&#039;s Secret porque estaba bajo los efectos de sustancias psicoactivas. Recordando aquella \u00e9poca &quot;horrible&quot;, coment\u00f3: &quot;Me despert\u00e9, probablemente me tom\u00e9 un par de whiskies y un Xanax para poder terminar el desfile&quot;. <\/h2>\n<p> Jamie McCarthy \/ Getty Images<\/p>\n<p> <strong>Volviendo al tema: apostar\u00eda a que solo las personas mayores de 45 a\u00f1os podr\u00edan nombrar a estas estrellas de la televisi\u00f3n de los 80 que han ca\u00eddo en el olvido.<\/strong><\/p>\n<h2> Continu\u00f3: \u00abTodas las dem\u00e1s ten\u00edan figuras muy femeninas\u2026 y yo no tengo trasero. En ese momento pens\u00e9: \u00abNo soy un \u00e1ngel de Victoria&#039;s Secret, soy un demonio. \u00a1No tengo nada que ver con esto!\u00bb. Recuerdo que me propusieron serlo. Pens\u00e9: \u201cNo creo que pertenezca aqu\u00ed\u201d\u00bb. <\/h2>\n<p> Ll\u00e1mala, pap\u00e1 \/ No me siento bien \/ V\u00eda YouTube<\/p>\n<h2> Cara tambi\u00e9n desfil\u00f3 en el Victoria&#039;s Secret Fashion Show en 2013. Fue invitada a desfilar de nuevo en 2016, pero declin\u00f3 la invitaci\u00f3n. <\/h2>\n<p> Jamie McCarthy \/ Getty Images<\/p>\n<h2> \u00a1Sin duda, esto ayuda a poner las cosas en perspectiva! Puedes encontrar la entrevista completa de Kara con Call Her Daddy aqu\u00ed.<\/h2>\n<p> <strong>Tu entrenamiento cerebral diario: La mayor\u00eda de la gente no terminar\u00e1 la megacadena de palabras este fin de semana, \u00bfpodr\u00e1s t\u00fa?<\/strong><\/p>\n<p> <strong>Tambi\u00e9n en la secci\u00f3n de Celebridades: 21 veces que las celebridades ocultaron detalles reveladores o simplemente extravagantes en sus looks de alfombra roja.<\/strong><\/p>\n<p> <strong>Tambi\u00e9n en la secci\u00f3n de famosos: Despu\u00e9s de que Millie Bobby Brown adoptara un hijo a los 21 a\u00f1os, sali\u00f3 a la luz una reveladora entrevista que hizo que la gente sintiera verdadera l\u00e1stima por ella.<\/strong><\/p>\n<p> <strong>Puedes leer m\u00e1s sobre esto en BuzzFeed.com.<\/strong><\/p>","protected":false},"excerpt":{"rendered":"<p>Si eras adolescente durante la \u00e9poca de Victoria&#039;s Secret, no me cabe duda de que recuerdas muy bien el desfile de moda de VS de 2012. Timothy A\u2026.<\/p>","protected":false},"author":1,"featured_media":13540,"comment_status":"open","ping_status":"closed","sticky":false,"template":"","format":"standard","meta":{"footnotes":""},"categories":[5],"tags":[],"class_list":["post-13539","post","type-post","status-publish","format-standard","has-post-thumbnail","hentry","category-selebriti","hvn-theme-has-thumbnail"],"_links":{"self":[{"href":"https:\/\/imgist.ru\/es\/wp-json\/wp\/v2\/posts\/13539","targetHints":{"allow":["GET"]}}],"collection":[{"href":"https:\/\/imgist.ru\/es\/wp-json\/wp\/v2\/posts"}],"about":[{"href":"https:\/\/imgist.ru\/es\/wp-json\/wp\/v2\/types\/post"}],"author":[{"embeddable":true,"href":"https:\/\/imgist.ru\/es\/wp-json\/wp\/v2\/users\/1"}],"replies":[{"embeddable":true,"href":"https:\/\/imgist.ru\/es\/wp-json\/wp\/v2\/comments?post=13539"}],"version-history":[{"count":12,"href":"https:\/\/imgist.ru\/es\/wp-json\/wp\/v2\/posts\/13539\/revisions"}],"predecessor-version":[{"id":157032,"href":"https:\/\/imgist.ru\/es\/wp-json\/wp\/v2\/posts\/13539\/revisions\/157032"}],"wp:featuredmedia":[{"embeddable":true,"href":"https:\/\/imgist.ru\/es\/wp-json\/wp\/v2\/media\/13540"}],"wp:attachment":[{"href":"https:\/\/imgist.ru\/es\/wp-json\/wp\/v2\/media?parent=13539"}],"wp:term":[{"taxonomy":"category","embeddable":true,"href":"https:\/\/imgist.ru\/es\/wp-json\/wp\/v2\/categories?post=13539"},{"taxonomy":"post_tag","embeddable":true,"href":"https:\/\/imgist.ru\/es\/wp-json\/wp\/v2\/tags?post=13539"}],"curies":[{"name":"wp","href":"https:\/\/api.w.org\/{rel}","templated":true}]}}