{"id":13573,"date":"2026-06-05T12:04:54","date_gmt":"2026-06-05T09:04:54","guid":{"rendered":"https:\/\/imgist.ru\/vsyo-chto-vam-nuzhno-eto-oficzialnaya-data-obyavlen-pervyj-vsemirnyj-den-bitlz\/"},"modified":"2026-06-05T12:04:54","modified_gmt":"2026-06-05T09:04:54","slug":"solo-necesitas-datos-oficiales-se-ha-anunciado-el-primer-dia-mundial-de-los-beatles","status":"publish","type":"post","link":"https:\/\/imgist.ru\/es\/vsyo-chto-vam-nuzhno-eto-oficzialnaya-data-obyavlen-pervyj-vsemirnyj-den-bitlz\/","title":{"rendered":"Lo \u00fanico que falta\u2026 es una fecha oficial: Se ha declarado el primer D\u00eda Mundial de los Beatles."},"content":{"rendered":"<p>\u00bfQuieres celebrar todo lo relacionado con los Fab Four?<\/p>\n<p> T\u00e9cnicamente, esto puede (y debe) hacerse todos los d\u00edas, pero ahora los fans tienen una fecha oficial\u2026<\/p>\n<p> Los Beatles y Apple Corps Ltd, la compa\u00f1\u00eda multimedia brit\u00e1nica fundada por la banda en la d\u00e9cada de 1960, han anunciado un D\u00eda Mundial de los Beatles oficial.<\/p>\n<p> Esta fecha, el 25 de junio, fue elegida porque ese d\u00eda de 1967 John Lennon, Paul McCartney, George Harrison y Ringo Starr entraron al Estudio 1 de los estudios Abbey Road de Londres e interpretaron su aclamada canci\u00f3n &quot;All You Need Is Love&quot; en la primera transmisi\u00f3n internacional de televisi\u00f3n por sat\u00e9lite. Fue vista por aproximadamente 400 millones de personas en todo el mundo.<\/p>\n<p> Esta fecha se celebra de forma no oficial desde 2009 y fue propuesta por Faith Cohen, una fan de los Beatles de toda la vida. Pero ahora ha recibido reconocimiento oficial\u2026<\/p>\n<p> El director ejecutivo de Apple Corps, Tom Green, escribi\u00f3 una carta a Cohen elogiando la iniciativa impulsada por los fans que lo inici\u00f3 todo.<\/p>\n<p> \u00abAhora, m\u00e1s que nunca, el mensaje de The Beatles y &quot;All You Need Is Love&quot; habla de algo vital sobre la comunidad, la conexi\u00f3n y el poder de unir a las personas\u201e, escribi\u00f3. \u201cEso es lo que hace que el D\u00eda Mundial de los Beatles sea tan especial. Invita a la gente, dondequiera que est\u00e9, a detenerse, escuchar y compartir un poco de alegr\u00eda\u00bb.<\/p>\n<p> Conectado<\/p>\n<ul>\n<li>\n<p> Paul Mescal, Barry Keoghan, Joseph Quinn y Harris Dickinson protagonizar\u00e1n cuatro pel\u00edculas biogr\u00e1ficas sobre The Beatles.<\/p>\n<\/li>\n<li>\n<p> \u00abLos Beatles inaugurar\u00e1n una nueva experiencia interactiva para los fans en el emblem\u00e1tico lugar de su \u00faltima actuaci\u00f3n.<\/p>\n<\/li>\n<\/ul>\n<p> Este a\u00f1o, el primer D\u00eda Mundial de los Beatles se celebrar\u00e1 en l\u00ednea y de forma presencial en todo el mundo.<\/p>\n<p> M\u00e1s adelante se dar\u00e1n a conocer m\u00e1s detalles, pero sabemos que una versi\u00f3n a color de la interpretaci\u00f3n de &quot;All You Need Is Love&quot; por la banda en el programa &quot;Our World&quot; de la BBC se publicar\u00e1 gratuitamente en YouTube el 25 de junio. Esta ser\u00e1 la primera vez que esta ic\u00f3nica actuaci\u00f3n est\u00e9 disponible en l\u00ednea.<\/p>\n<p> Hacer clic <strong>Aqu\u00ed<\/strong> , Para inscribirse y participar en el D\u00eda Mundial de los Beatles.<\/p>\n<p> Conectado<\/p>\n<ul>\n<li>\n<p> Paul McCartney - The Boys of Dungeon Lane: Cr\u00edtica y veredicto Euronews Culture.<\/p>\n<\/li>\n<li>\n<p> Paul McCartney se despide de Stephen Colbert despu\u00e9s de que Donald Trump lanzara un ataque mordaz contra el presentador.<\/p>\n<\/li>\n<\/ul>\n<p> Mientras tanto, Paul McCartney lanz\u00f3 su nuevo \u00e1lbum el viernes pasado. <strong>\u00abLos chicos de Dungeon Lane\u00bb<\/strong> .<\/p>\n<p> El ex Beatle ha anunciado un concierto especial en Londres, en el Roundhouse de Camden Town, la pr\u00f3xima semana (10 de junio).<\/p>\n<p> \u00ab&quot;El p\u00fablico tendr\u00e1 una oportunidad \u00fanica de presenciar de primera mano la creaci\u00f3n de The Boys of Dungeon Lane y escuchar m\u00fasica nueva interpretada junto con las historias de Paul&quot;, se\u00f1alaba el comunicado de prensa.<\/p>\n<p> \u0412 <strong>Rese\u00f1as de Euronews Culture sobre el \u00e1lbum<\/strong> , En una canci\u00f3n en la que McCartney rememora sus d\u00edas previos a los Beatles, escribimos: &quot;The Boys of Dungeon Lane es una escucha profundamente satisfactoria. Quiz\u00e1s sea porque, consciente o inconscientemente, anhelamos consuelo en tiempos turbulentos; pero es innegable que el octogenario no ha perdido su talento para crear melod\u00edas pop impresionantes, y su vulnerabilidad te\u00f1ida de nostalgia resulta conmovedora&quot;.<\/p>\n<p> A\u00f1adimos: \u00abQuiz\u00e1s no sea una obra maestra de su \u00faltima etapa, pero McCartney logra lo que se propuso: abrazar el pasado sin complejos, recorrer su largo y sinuoso camino y deleitarse con los recuerdos. Y todo ello sin caer en el sentimentalismo\u00bb.<\/p>\n<p> <strong>La rese\u00f1a completa se puede leer aqu\u00ed.<\/strong> .<\/p>\n<p> <strong>El D\u00eda Mundial de los Beatles se celebrar\u00e1 el 25 de junio de 2026.<\/strong><\/p>","protected":false},"excerpt":{"rendered":"<p>\u00bfQuieres celebrar todo lo relacionado con los Fab Four? T\u00e9cnicamente, puedes (y deber\u00edas) hacerlo todos los d\u00edas, pero ahora los fans tienen una fecha oficial\u2026 El\u2026<\/p>","protected":false},"author":1,"featured_media":13574,"comment_status":"open","ping_status":"closed","sticky":false,"template":"","format":"standard","meta":{"footnotes":""},"categories":[7],"tags":[],"class_list":["post-13573","post","type-post","status-publish","format-standard","has-post-thumbnail","hentry","category-muzyka","hvn-theme-has-thumbnail"],"_links":{"self":[{"href":"https:\/\/imgist.ru\/es\/wp-json\/wp\/v2\/posts\/13573","targetHints":{"allow":["GET"]}}],"collection":[{"href":"https:\/\/imgist.ru\/es\/wp-json\/wp\/v2\/posts"}],"about":[{"href":"https:\/\/imgist.ru\/es\/wp-json\/wp\/v2\/types\/post"}],"author":[{"embeddable":true,"href":"https:\/\/imgist.ru\/es\/wp-json\/wp\/v2\/users\/1"}],"replies":[{"embeddable":true,"href":"https:\/\/imgist.ru\/es\/wp-json\/wp\/v2\/comments?post=13573"}],"version-history":[{"count":0,"href":"https:\/\/imgist.ru\/es\/wp-json\/wp\/v2\/posts\/13573\/revisions"}],"wp:featuredmedia":[{"embeddable":true,"href":"https:\/\/imgist.ru\/es\/wp-json\/wp\/v2\/media\/13574"}],"wp:attachment":[{"href":"https:\/\/imgist.ru\/es\/wp-json\/wp\/v2\/media?parent=13573"}],"wp:term":[{"taxonomy":"category","embeddable":true,"href":"https:\/\/imgist.ru\/es\/wp-json\/wp\/v2\/categories?post=13573"},{"taxonomy":"post_tag","embeddable":true,"href":"https:\/\/imgist.ru\/es\/wp-json\/wp\/v2\/tags?post=13573"}],"curies":[{"name":"wp","href":"https:\/\/api.w.org\/{rel}","templated":true}]}}