{"id":13826,"date":"2026-06-05T15:18:50","date_gmt":"2026-06-05T12:18:50","guid":{"rendered":"https:\/\/imgist.ru\/geri-kuper-i-veronika-balf-prekrasno-spravlyalis-s-vzletami-i-padeniyami-v-lichnoj-zhizni-rasskazala-ih-doch\/"},"modified":"2026-06-05T15:18:50","modified_gmt":"2026-06-05T12:18:50","slug":"geri-cooper-y-veronica-balf-han-sabido-sobrellevar-bien-los-altibajos-de-sus-vidas-personales-segun-contaron-sus-hijas","status":"publish","type":"post","link":"https:\/\/imgist.ru\/es\/geri-kuper-i-veronika-balf-prekrasno-spravlyalis-s-vzletami-i-padeniyami-v-lichnoj-zhizni-rasskazala-ih-doch\/","title":{"rendered":"Gary Cooper y Veronica Balfe han sabido sobrellevar bien los altibajos de sus vidas personales, seg\u00fan declar\u00f3 su hija."},"content":{"rendered":"<p>Cuando las hijas <strong>Gary Cooper<\/strong> , <strong>De Mar\u00eda<\/strong> , Ten\u00eda 12 a\u00f1os y quer\u00eda lo mismo que todas sus amigas en Hollywood: un caballo. \u00c9l la rechaz\u00f3. \u00bfPor qu\u00e9? &quot;Me dijo: &#039;Es importante tener paciencia. Si a los 14 a\u00f1os sigues queriendo un caballo, ya hablaremos&#039;&quot;, cont\u00f3 Mar\u00eda, de 88 a\u00f1os, a la publicaci\u00f3n. <em>\u00cdntimamente<\/em> . &quot;Por supuesto, a los 14 a\u00f1os ya no me importaba si ten\u00eda un caballo o no. Esta lecci\u00f3n me ha ayudado mucho en la vida.&quot;.<\/p>\n<p> El actor imperturbable no tuvo que esforzarse mucho para interpretar a hombres virtuosos en pel\u00edculas cl\u00e1sicas como <em>\u00abSargento York\u00bb<\/em> , <em>\u00abEl orgullo de los Yankees\u00bb<\/em> \u0438 <em>\u00abMediod\u00eda\u00bb<\/em> . \u00abPara caerle bien a la gente, cre\u00eda que ten\u00eda que ser una especie de ideal\u00bb, dijo. Mar\u00eda a\u00f1ade: \u00abQuer\u00eda mostrar lo mejor que un hombre pod\u00eda ser. Estas cualidades se reflejaban en sus relaciones con su familia y amigos\u00bb. <\/p>\n<p><img alt='&lt;span class=&quot;wp-caption-text&quot;&gt;Im&aacute;genes de Getty&lt;\/span&gt;&lsquo;&amp;#039;src=&raquo;https:\/\/s.yimg.com\/ny\/api\/res\/1.2\/7PPMlQrqUUUkmdia6uj5rw&mdash;\/YXBwaWQ9aGlnaGxhbmRlcjt3PTk2MDtoPTcxM DtjZj13ZWJw\/https:\/\/media.zenfs.com\/en\/closer_weekly_articles_556\/8aa419ca4829a8dda759c9de9d97b7bd&amp;quot;&amp;gt; Getty Images&lt;\/p&gt;&lt;p&gt; Gary se adapt&oacute; f&aacute;cilmente al papel de vaquero, ya que creci&oacute; en un rancho de Montana con sus padres inmigrantes ingleses. Durante una visita a Hollywood, encontr&oacute; trabajo como doble de acci&oacute;n en pel&iacute;culas del Oeste y r&aacute;pidamente consigui&oacute; un papel protagonista. &amp;quot;Era alto, ten&iacute;a unos preciosos ojos azules y un rostro cincelado&amp;quot;, explica Closer. &lt;strong&gt;Glenn Frankel&lt;\/strong&gt; , autor del libro &lt;em&gt;&laquo;Solo ante el peligro: La lista negra de Hollywood y la creaci&oacute;n de un cl&aacute;sico estadounidense.&raquo;&lt;\/em&gt; . Cuando el cine mudo dio paso al sonoro, tambi&eacute;n ayud&oacute; que Gary &amp;quot;tuviera una voz muy agradable&amp;quot;, a&ntilde;ade Frankel.&lt;\/p&gt;&lt;p&gt; En 1933 se cas&oacute; con una debutante. &lt;strong&gt;Ver&oacute;nica Balfe&lt;\/strong&gt; , Y cuatro a&ntilde;os despu&eacute;s naci&oacute; Mar&iacute;a. Su matrimonio tuvo momentos dif&iacute;ciles: Gary tuvo aventuras con sus compa&ntilde;eras de reparto. &lt;strong&gt;Ingrid Bergman&lt;\/strong&gt; \u0438 &lt;strong&gt;Patricia Neel&lt;\/strong&gt; , La pareja se separ&oacute; durante tres a&ntilde;os en la d&eacute;cada de 1950. Pero se reconciliaron y su relaci&oacute;n se fortaleci&oacute; a&uacute;n m&aacute;s. &laquo;Se quer&iacute;an y se respetaban a&uacute;n m&aacute;s&raquo;, dice Mar&iacute;a. &laquo;Y me trataron de maravilla&raquo;. &lt;\/p&gt;&lt;p&gt;&amp;lt;img alt='<span class=\"wp-caption-text\">Maria Cooper Janice\/Facebook<\/span>\u2018Maria Cooper Janice\/Facebook<\/p>\n<p> Conocido en la pantalla como un personaje fuerte y taciturno, Gary no era diferente como padre. &quot;Me ense\u00f1\u00f3 m\u00e1s con el ejemplo que con las palabras&quot;, dice Mar\u00eda. &quot;Era un padre maravilloso. Practic\u00e1bamos muchos deportes en familia&quot;.<\/p>\n<p> El mundo se conmocion\u00f3 cuando le diagnosticaron c\u00e1ncer de pr\u00f3stata a principios de la d\u00e9cada de 1960. &quot;Su actitud era: &#039;Oremos por un milagro&#039;&quot;, recuerda Mar\u00eda. Cuando el milagro no lleg\u00f3, &quot;nunca lo o\u00ed quejarse, pero un d\u00eda dijo: &#039;\u00a1Maldita sea, justo cuando empezaba a comprender de qu\u00e9 se trataba la actuaci\u00f3n!&#039;&quot;.<\/p>\n<p> Falleci\u00f3 a los 60 a\u00f1os en 1961, pero su legado \u2014su compromiso con hacer lo correcto tanto dentro como fuera de la pantalla\u2014 perdura. \u00abLa forma en que se le recuerda le llenar\u00eda de gratitud y felicidad\u00bb, dice Mar\u00eda. \u00abLogr\u00f3 much\u00edsimo en la vida y aport\u00f3 much\u00edsimo a ella\u00bb.<\/p>\n<p> Lee m\u00e1s art\u00edculos de Closer Weekly.<\/p>\n<ul>\n<li>\n<p> D\u00e9cadas despu\u00e9s, los fans a\u00fan no pueden olvidar al villano de televisi\u00f3n al que secretamente amaban.<\/p>\n<\/li>\n<li>\n<p> Se han producido algunos cambios importantes entre bastidores en Days of Our Lives, con la marcha de un guionista muy querido por los fans de General Hospital.<\/p>\n<\/li>\n<li>\n<p> El final de Los Walton no estaba pensado originalmente para ser el final, y los fans siguen debatiendo sobre ello.<\/p>\n<\/li>\n<\/ul>\n<p> Este art\u00edculo, &quot;Gary Cooper y Veronica Balfe manejaron bien los altibajos de su relaci\u00f3n&quot;, revela su hija, apareci\u00f3 originalmente en Closer Weekly. Suscr\u00edbase a <strong>Closer Weekly<\/strong> \u0432 <strong>Yahoo<\/strong> , para no perderse las pr\u00f3ximas publicaciones.<\/p>","protected":false},"excerpt":{"rendered":"<p>Cuando Maria, la hija de Gary Cooper, ten\u00eda 12 a\u00f1os, quer\u00eda lo mismo que todas sus amigas en Hollywood: un caballo. \u00c9l se neg\u00f3\u2026.<\/p>","protected":false},"author":1,"featured_media":13827,"comment_status":"open","ping_status":"closed","sticky":false,"template":"","format":"standard","meta":{"footnotes":""},"categories":[5],"tags":[],"class_list":["post-13826","post","type-post","status-publish","format-standard","has-post-thumbnail","hentry","category-selebriti","hvn-theme-has-thumbnail"],"_links":{"self":[{"href":"https:\/\/imgist.ru\/es\/wp-json\/wp\/v2\/posts\/13826","targetHints":{"allow":["GET"]}}],"collection":[{"href":"https:\/\/imgist.ru\/es\/wp-json\/wp\/v2\/posts"}],"about":[{"href":"https:\/\/imgist.ru\/es\/wp-json\/wp\/v2\/types\/post"}],"author":[{"embeddable":true,"href":"https:\/\/imgist.ru\/es\/wp-json\/wp\/v2\/users\/1"}],"replies":[{"embeddable":true,"href":"https:\/\/imgist.ru\/es\/wp-json\/wp\/v2\/comments?post=13826"}],"version-history":[{"count":0,"href":"https:\/\/imgist.ru\/es\/wp-json\/wp\/v2\/posts\/13826\/revisions"}],"wp:featuredmedia":[{"embeddable":true,"href":"https:\/\/imgist.ru\/es\/wp-json\/wp\/v2\/media\/13827"}],"wp:attachment":[{"href":"https:\/\/imgist.ru\/es\/wp-json\/wp\/v2\/media?parent=13826"}],"wp:term":[{"taxonomy":"category","embeddable":true,"href":"https:\/\/imgist.ru\/es\/wp-json\/wp\/v2\/categories?post=13826"},{"taxonomy":"post_tag","embeddable":true,"href":"https:\/\/imgist.ru\/es\/wp-json\/wp\/v2\/tags?post=13826"}],"curies":[{"name":"wp","href":"https:\/\/api.w.org\/{rel}","templated":true}]}}