{"id":14457,"date":"2026-06-05T20:14:09","date_gmt":"2026-06-05T17:14:09","guid":{"rendered":"https:\/\/imgist.ru\/stiv-dildarian-ispolnitel-roli-desyatiletnego-toma-zapuskaet-novyj-animaczionnyj-serial-u-freda-problemy\/"},"modified":"2026-08-29T12:13:25","modified_gmt":"2026-08-29T09:13:25","slug":"steve-dildarian-el-actor-que-interpreta-al-volumen-10-esta-lanzando-una-nueva-serie-animada-con-los-problemas-de-fred","status":"publish","type":"post","link":"https:\/\/imgist.ru\/es\/stiv-dildarian-ispolnitel-roli-desyatiletnego-toma-zapuskaet-novyj-animaczionnyj-serial-u-freda-problemy\/","title":{"rendered":"\u00ab&quot;Steve Dildarian, quien interpreta a Tom, de diez a\u00f1os, estrena una nueva serie animada, &#039;Fred Has Issues&#039;.&quot;."},"content":{"rendered":"<p><strong>EXCLUSIVO:<\/strong> Steve Dildarian, creador de la serie &quot;\u00ab <em>La vida y la \u00e9poca de Tim\u00bb<\/em> (HBO) y &quot;\u00ab <em>Tom, de diez a\u00f1os<\/em> \u00bb&quot; (HBO Max), produjo por su cuenta su siguiente serie animada. <em>\u00abFred est\u00e1 en problemas\u00bb<\/em> , que se estrenar\u00e1 en YouTube el 1 de julio con dos episodios, seguidos de un nuevo episodio cada mes. Tambi\u00e9n se podr\u00e1 acceder a \u00e9l anticipadamente en Patreon.<\/p>\n<p> La nueva novela de Dildarian se centra en un hombre optimista llamado Fred, que intenta adaptarse a los tiempos haciendo lo correcto, pero se enfrenta constantemente a serios desaf\u00edos. Ya sea al intentar votar, reciclar o ayudar a encontrar un perro perdido, termina pareciendo la peor persona del mundo.<\/p>\n<p> <strong>M\u00e1s noticias de Deadline<\/strong><\/p>\n<ul>\n<li>\n<p> Calendario de la temporada de premios 2026-2027: Premios Oscar, Emmy, Grammy, Tony, Premios de los Gremios y m\u00e1s.<\/p>\n<\/li>\n<li>\n<p> Prime Video ha encargado tres series de animaci\u00f3n con tecnolog\u00eda de inteligencia artificial al nuevo fondo MGM Studios-AWS Creators&#039; Fund de Amazon.<\/p>\n<\/li>\n<li>\n<p> Comedy Central ha anunciado la fecha de estreno de la temporada 29 de South Park. <\/p>\n<\/li>\n<\/ul>\n<p> \u00abFred est\u00e1 en problemas\u00bb<\/p>\n<p> \u00abSent\u00ed que ahora era el momento perfecto para producir la serie yo mismo y estrenarla directamente para los fans\u00bb, declar\u00f3 Dildarian a Deadline. \u00abFue muy emocionante crear una serie sin plazos de entrega ni limitaciones creativas y simplemente disfrutar del proceso en cada etapa. Adem\u00e1s, me atra\u00eda la idea de que nadie m\u00e1s que yo pudiera cancelarla\u00bb.<\/p>\n<p> Dildarian presta su voz al personaje principal en <em>Dibujos animados &quot;Fred tiene problemas&quot;\u00ab<\/em> , en el que tambi\u00e9n participaron sus colaboradores habituales Edi Patterson, Rob Hubel, Andre Hyland, Mitra Jouhari, Paul Rust, Eric Griffin, Missi Pyle, Peter Giles y Eugene Cordero, entre muchos otros.<\/p>\n<p> Dildarian y Peter Principato, de Artists First, son los productores ejecutivos del programa, que est\u00e1 siendo producido por la compa\u00f1\u00eda de Dildarian, Insane Loon Productions, Inc.<\/p>\n<p> Dildarian, un reconocido artista de animaci\u00f3n conocido por su estilo minimalista e inexpresivo en 2D, complet\u00f3 recientemente un trabajo en <em>\u00ab&quot;Tom, de diez a\u00f1os&quot;\u00bb<\/em> , una comedia de situaci\u00f3n animada para adultos sobre un ni\u00f1o que aprende a lidiar con todas las influencias negativas y los adultos que lo rodean. La serie se emiti\u00f3 en HBO Max durante dos temporadas. Antes de eso, cre\u00f3 <em>\u00abLa vida y la \u00e9poca de Tim\u00bb<\/em> , que se emiti\u00f3 en HBO durante tres temporadas.<\/p>\n<p> Dildarian comenz\u00f3 su carrera en la animaci\u00f3n tras trabajar en publicidad. Entre sus otros proyectos anteriores se incluyen dos episodios piloto: <em>\u00ab&quot;Dan el meteor\u00f3logo&quot;\u00bb<\/em> , dirigida por Seth Gordon y protagonizada por Thomas Lennon, y una serie animada <em>\u00abNuevos VIP\u00bb<\/em> para Amazon.<\/p>\n<p> Dildarian est\u00e1 representado por Artists First y Ziffren Brittenham LLP.<\/p>\n<p> <strong>Lo mejor de Deadline<\/strong><\/p>\n<ul>\n<li>\n<p> Fechas de estreno de series nuevas y de regreso en canales de televisi\u00f3n abierta, plataformas de streaming y televisi\u00f3n por cable en 2026.<\/p>\n<\/li>\n<li>\n<p> Las 25 pel\u00edculas de animaci\u00f3n m\u00e1s taquilleras de todos los tiempos en la taquilla mundial.<\/p>\n<\/li>\n<li>\n<p> Todo lo que sabemos hasta ahora sobre la nueva versi\u00f3n de La casa de la pradera de Netflix.<\/p>\n<\/li>\n<\/ul>\n<p> Suscr\u00edbete al bolet\u00edn de noticias de Deadline. Para estar al d\u00eda de las \u00faltimas novedades, s\u00edguenos en Facebook, Twitter e Instagram.<\/p>","protected":false},"excerpt":{"rendered":"<p>EXCLUSIVA: Steve Dildarian, creador de The Life and Times of Tim (HBO) y Ten-Year-Old Tom (HBO Max), ha autoproducido su pr\u00f3xima serie animada, The\u2026<\/p>","protected":false},"author":1,"featured_media":0,"comment_status":"open","ping_status":"closed","sticky":false,"template":"","format":"standard","meta":{"footnotes":""},"categories":[6],"tags":[],"class_list":["post-14457","post","type-post","status-publish","format-standard","hentry","category-kinoindustriya"],"_links":{"self":[{"href":"https:\/\/imgist.ru\/es\/wp-json\/wp\/v2\/posts\/14457","targetHints":{"allow":["GET"]}}],"collection":[{"href":"https:\/\/imgist.ru\/es\/wp-json\/wp\/v2\/posts"}],"about":[{"href":"https:\/\/imgist.ru\/es\/wp-json\/wp\/v2\/types\/post"}],"author":[{"embeddable":true,"href":"https:\/\/imgist.ru\/es\/wp-json\/wp\/v2\/users\/1"}],"replies":[{"embeddable":true,"href":"https:\/\/imgist.ru\/es\/wp-json\/wp\/v2\/comments?post=14457"}],"version-history":[{"count":1,"href":"https:\/\/imgist.ru\/es\/wp-json\/wp\/v2\/posts\/14457\/revisions"}],"predecessor-version":[{"id":157656,"href":"https:\/\/imgist.ru\/es\/wp-json\/wp\/v2\/posts\/14457\/revisions\/157656"}],"wp:attachment":[{"href":"https:\/\/imgist.ru\/es\/wp-json\/wp\/v2\/media?parent=14457"}],"wp:term":[{"taxonomy":"category","embeddable":true,"href":"https:\/\/imgist.ru\/es\/wp-json\/wp\/v2\/categories?post=14457"},{"taxonomy":"post_tag","embeddable":true,"href":"https:\/\/imgist.ru\/es\/wp-json\/wp\/v2\/tags?post=14457"}],"curies":[{"name":"wp","href":"https:\/\/api.w.org\/{rel}","templated":true}]}}