{"id":14785,"date":"2026-06-05T22:58:41","date_gmt":"2026-06-05T19:58:41","guid":{"rendered":"https:\/\/imgist.ru\/astronavty-gotovyatsya-k-evakuaczii-s-mks-esli-eta-problema-usugubitsya\/"},"modified":"2026-08-29T12:14:23","modified_gmt":"2026-08-29T09:14:23","slug":"los-astronautas-se-estan-preparando-para-evacuar-la-estacion-espacial-internacional-si-este-problema-empeora","status":"publish","type":"post","link":"https:\/\/imgist.ru\/es\/astronavty-gotovyatsya-k-evakuaczii-s-mks-esli-eta-problema-usugubitsya\/","title":{"rendered":"Los astronautas se est\u00e1n preparando para evacuar la Estaci\u00f3n Espacial Internacional si este problema empeora."},"content":{"rendered":"<p>La Estaci\u00f3n Espacial Internacional sufre una fuga de aire desde al menos 2020. La fuga, detectada inicialmente en el t\u00fanel de transferencia del M\u00f3dulo de Servicio Zvezda, contin\u00faa empeorando. Sin embargo, la NASA afirm\u00f3 previamente que la fuga no representaba ninguna amenaza para los astronautas a bordo de la estaci\u00f3n. No obstante, la situaci\u00f3n parece haber cambiado recientemente: la agencia espacial ha implementado el confinamiento para los astronautas de la NASA en la ISS mientras contin\u00faa intentando sellar la fuga.<\/p>\n<p> La directiva de refugio seguro entr\u00f3 en vigor el viernes 5 de junio de 2026 y, seg\u00fan se inform\u00f3, se implement\u00f3 \u00fanicamente por &quot;precauci\u00f3n&quot;. Sin embargo, apenas unas horas despu\u00e9s, la NASA revoc\u00f3 la orden, y Bethany Stevens, portavoz de la NASA, inform\u00f3 a X que se les orden\u00f3 a los astronautas de la NASA y SpaceX que volvieran a las operaciones normales a bordo de la ISS, mientras que la NASA y Roscosmos (la agencia espacial rusa) contin\u00faan recopilando datos adicionales sobre la fuga y su causa.<\/p>\n<p> Seg\u00fan TASS, Roscosmos descubri\u00f3 dos fugas en el t\u00fanel Zvezda. Una fue reparada de inmediato, pero la segunda result\u00f3 m\u00e1s dif\u00edcil de sellar, ya que se encuentra en la secci\u00f3n c\u00f3nica de la estaci\u00f3n. Esta noticia ha generado nuevas preocupaciones sobre la fuga en s\u00ed y sobre si requerir\u00e1 la evacuaci\u00f3n de los siete tripulantes de la ISS en el futuro.<\/p>\n<p> Lea tambi\u00e9n: 5 actividades prohibidas en la Estaci\u00f3n Espacial Internacional<\/p>\n<h2> Una lista cada vez mayor de problemas <\/h2>\n<p> La ISS permanece suspendida en el espacio sobre la Tierra \u2014 Dima_zel\/Getty Images<\/p>\n<p> A lo largo de los a\u00f1os, la Estaci\u00f3n Espacial Internacional ha afrontado numerosos desaf\u00edos. A pesar de haber evitado con \u00e9xito la basura espacial y de haber reparado las fugas de refrigerante causadas por el impacto de micrometeoritos en las naves acopladas, esta emblem\u00e1tica estaci\u00f3n espacial ha sido un componente clave de la investigaci\u00f3n cient\u00edfica y de nuestra comprensi\u00f3n del espacio desde su primera ocupaci\u00f3n en el a\u00f1o 2000. Sin embargo, a medida que la fuga de aire en el t\u00fanel de servicio Zvezda sigue empeorando, parece que incluso la NASA est\u00e1 cada vez m\u00e1s preocupada por la longevidad de la ISS y por si sobrevivir\u00e1 hasta su desmantelamiento previsto para la d\u00e9cada de 2030.<\/p>\n<p> Bethany Stevens tuite\u00f3 que la NASA y Roscosmos continuar\u00e1n investigando la fuga en el t\u00fanel de Zvezda. Al parecer, ambas agencias discrepan sobre la causa de la fuga, pero a\u00fan no se ha encontrado una soluci\u00f3n clara. En cualquier caso, es evidente que estas fugas se han convertido en un problema lo suficientemente grave como para preocupar a otras agencias. La fuga en el t\u00fanel de Zvezda retras\u00f3 la misi\u00f3n hasta 2025, antes de que los primeros astronautas de Hungr\u00eda y Polonia visitaran finalmente la estaci\u00f3n.<\/p>\n<p> Dados los acontecimientos del \u00faltimo a\u00f1o relacionados con la ISS, como el varamiento de dos astronautas durante varios meses en 2024 y 2025, as\u00ed como la importancia de la ISS para la investigaci\u00f3n de la NASA, evacuar la estaci\u00f3n no es la opci\u00f3n m\u00e1s \u00f3ptima. Afortunadamente, hay una nave espacial acoplada a la estaci\u00f3n, que los astronautas de la NASA pueden utilizar si fuera necesario.<\/p>\n<p> \u00bfTe gust\u00f3 este art\u00edculo? Suscr\u00edbete al bolet\u00edn gratuito de BGR y a\u00f1\u00e1denos a tu lista de fuentes preferidas para estar al d\u00eda de las \u00faltimas noticias sobre tecnolog\u00eda y entretenimiento, adem\u00e1s de obtener consejos y recomendaciones \u00fatiles.<\/p>\n<p> Lea el art\u00edculo original en BGR.<\/p>","protected":false},"excerpt":{"rendered":"<p>La Estaci\u00f3n Espacial Internacional sufre una fuga de aire desde al menos 2020. La fuga, detectada inicialmente en el t\u00fanel de transferencia del m\u00f3dulo de servicio Zvezda, contin\u00faa empeorando. Sin embargo, anteriormente\u2026<\/p>","protected":false},"author":1,"featured_media":14786,"comment_status":"open","ping_status":"closed","sticky":false,"template":"","format":"standard","meta":{"footnotes":""},"categories":[2],"tags":[],"class_list":["post-14785","post","type-post","status-publish","format-standard","has-post-thumbnail","hentry","category-news","hvn-theme-has-thumbnail"],"_links":{"self":[{"href":"https:\/\/imgist.ru\/es\/wp-json\/wp\/v2\/posts\/14785","targetHints":{"allow":["GET"]}}],"collection":[{"href":"https:\/\/imgist.ru\/es\/wp-json\/wp\/v2\/posts"}],"about":[{"href":"https:\/\/imgist.ru\/es\/wp-json\/wp\/v2\/types\/post"}],"author":[{"embeddable":true,"href":"https:\/\/imgist.ru\/es\/wp-json\/wp\/v2\/users\/1"}],"replies":[{"embeddable":true,"href":"https:\/\/imgist.ru\/es\/wp-json\/wp\/v2\/comments?post=14785"}],"version-history":[{"count":1,"href":"https:\/\/imgist.ru\/es\/wp-json\/wp\/v2\/posts\/14785\/revisions"}],"predecessor-version":[{"id":158120,"href":"https:\/\/imgist.ru\/es\/wp-json\/wp\/v2\/posts\/14785\/revisions\/158120"}],"wp:featuredmedia":[{"embeddable":true,"href":"https:\/\/imgist.ru\/es\/wp-json\/wp\/v2\/media\/14786"}],"wp:attachment":[{"href":"https:\/\/imgist.ru\/es\/wp-json\/wp\/v2\/media?parent=14785"}],"wp:term":[{"taxonomy":"category","embeddable":true,"href":"https:\/\/imgist.ru\/es\/wp-json\/wp\/v2\/categories?post=14785"},{"taxonomy":"post_tag","embeddable":true,"href":"https:\/\/imgist.ru\/es\/wp-json\/wp\/v2\/tags?post=14785"}],"curies":[{"name":"wp","href":"https:\/\/api.w.org\/{rel}","templated":true}]}}