{"id":15130,"date":"2026-06-06T01:20:34","date_gmt":"2026-06-05T22:20:34","guid":{"rendered":"https:\/\/imgist.ru\/kristina-agilera-v-smelom-atlasnom-plate-s-glubokim-dekolte-do-samyh-reber\/"},"modified":"2026-08-29T12:15:16","modified_gmt":"2026-08-29T09:15:16","slug":"kristina-agilera-con-un-atrevido-vestido-de-saten-con-un-escote-pronunciado-que-llega-hasta-las-costillas","status":"publish","type":"post","link":"https:\/\/imgist.ru\/es\/kristina-agilera-v-smelom-atlasnom-plate-s-glubokim-dekolte-do-samyh-reber\/","title":{"rendered":"Christina Aguilera con un atrevido vestido de sat\u00e9n con un escote pronunciado que llega hasta las costillas."},"content":{"rendered":"<h3>La esencia<\/h3>\n<ul>\n<li>\n<p> Christina Aguilera asisti\u00f3 a un evento en Los \u00c1ngeles el 4 de junio.<\/p>\n<\/li>\n<li>\n<p> Eligi\u00f3 un vestido de Tom Ford con un escote pronunciado y una abertura hasta el muslo.<\/p>\n<\/li>\n<li>\n<p> Aguilera cont\u00f3 con la ayuda de su estilista de toda la vida, Chris Horan.<\/p>\n<\/li>\n<\/ul>\n<p> Dos aberturas son mejor que una; preg\u00fantenle a Christina Aguilera. El 4 de junio, la cantante apareci\u00f3 en Los \u00c1ngeles con un vestido de sat\u00e9n con un escote pronunciado que tambi\u00e9n dejaba ver bastante pierna.<\/p>\n<p> En un video publicado en las historias de Instagram de su estilista Chris Horan, Aguilera luci\u00f3 un vestido ajustado de Tom Ford dise\u00f1ado por el nuevo director creativo de la marca, Haider Ackermann. El vestido de manga larga ten\u00eda un escote que llegaba hasta las costillas de Aguilera y una abertura por encima de la rodilla. Complet\u00f3 el look con tacones de aguja metalizados. <\/p>\n<p> Christina Aguilera el 4 de junio de 2026. Foto: Chris Horan\/Instagram<\/p>\n<p> La cantante de &quot;Beautiful&quot; luc\u00eda su cabello rubio platino en ondas que le llegaban hasta la cintura y su maquillaje consist\u00eda en sombra de ojos lila y rubor rosa.<\/p>\n<p> Aguilera asisti\u00f3 a un evento organizado por la marca de cuidado capilar Nexxus. En abril, se convirti\u00f3 en la imagen de su l\u00ednea Keraphix, que trata los da\u00f1os causados por la coloraci\u00f3n, el encrespamiento y las puntas abiertas. <\/p>\n<p> Christina Aguilera el 18 de abril de 2026. Foto: Jesse Grant\/Getty Images<\/p>\n<p> En una entrevista con la publicaci\u00f3n <em>WWD<\/em> Aguilera, morena natural, explic\u00f3 por qu\u00e9 prefiere el pelo rubio.<\/p>\n<p> \u00ab&quot;Desde mi adolescencia, me he sentido m\u00e1s segura y natural siendo rubia. Me sienta bien. Cuando me ti\u00f1o de un color muy oscuro, no me gusta mi tez&quot;, dijo. &quot;Sin duda me gusta el cambio, como habr\u00e1n visto a lo largo de los a\u00f1os en diferentes proyectos, v\u00eddeos, etc., pero el rubio es mi color cl\u00e1sico&quot;. <\/p>\n<p> Christina Aguilera el 21 de julio de 2025. Foto: Getty<\/p>\n<p> Dicho esto, Aguilera comprende la importancia de mantener su cabello decolorado en buen estado, especialmente teniendo en cuenta su apretada agenda.<\/p>\n<p> \u00ab&quot;Las chicas necesitamos productos que ayuden a combatir la rotura y el da\u00f1o&quot;, a\u00f1adi\u00f3. &quot;Mi cabello se reseca mucho por los viajes constantes, los vuelos, los hoteles y la calidad del aire variable en todo el mundo. Necesito hidrataci\u00f3n. Necesito productos que ayuden a retener la humedad y que dejen mi cabello suave al tacto&quot;.<\/p>\n<p> Lee el art\u00edculo original en InStyle.<\/p>","protected":false},"excerpt":{"rendered":"<p>Christina Aguilera asisti\u00f3 a un evento en Los \u00c1ngeles el 4 de junio. Eligi\u00f3 un vestido de Tom Ford con un escote pronunciado y una abertura hasta el muslo. Aguilera fue asistida por\u2026<\/p>","protected":false},"author":1,"featured_media":15131,"comment_status":"open","ping_status":"closed","sticky":false,"template":"","format":"standard","meta":{"footnotes":""},"categories":[5],"tags":[],"class_list":["post-15130","post","type-post","status-publish","format-standard","has-post-thumbnail","hentry","category-selebriti","hvn-theme-has-thumbnail"],"_links":{"self":[{"href":"https:\/\/imgist.ru\/es\/wp-json\/wp\/v2\/posts\/15130","targetHints":{"allow":["GET"]}}],"collection":[{"href":"https:\/\/imgist.ru\/es\/wp-json\/wp\/v2\/posts"}],"about":[{"href":"https:\/\/imgist.ru\/es\/wp-json\/wp\/v2\/types\/post"}],"author":[{"embeddable":true,"href":"https:\/\/imgist.ru\/es\/wp-json\/wp\/v2\/users\/1"}],"replies":[{"embeddable":true,"href":"https:\/\/imgist.ru\/es\/wp-json\/wp\/v2\/comments?post=15130"}],"version-history":[{"count":3,"href":"https:\/\/imgist.ru\/es\/wp-json\/wp\/v2\/posts\/15130\/revisions"}],"predecessor-version":[{"id":158584,"href":"https:\/\/imgist.ru\/es\/wp-json\/wp\/v2\/posts\/15130\/revisions\/158584"}],"wp:featuredmedia":[{"embeddable":true,"href":"https:\/\/imgist.ru\/es\/wp-json\/wp\/v2\/media\/15131"}],"wp:attachment":[{"href":"https:\/\/imgist.ru\/es\/wp-json\/wp\/v2\/media?parent=15130"}],"wp:term":[{"taxonomy":"category","embeddable":true,"href":"https:\/\/imgist.ru\/es\/wp-json\/wp\/v2\/categories?post=15130"},{"taxonomy":"post_tag","embeddable":true,"href":"https:\/\/imgist.ru\/es\/wp-json\/wp\/v2\/tags?post=15130"}],"curies":[{"name":"wp","href":"https:\/\/api.w.org\/{rel}","templated":true}]}}