{"id":15346,"date":"2026-06-06T04:13:36","date_gmt":"2026-06-06T01:13:36","guid":{"rendered":"https:\/\/imgist.ru\/raspisanie-vyhoda-seriala-mys-straha-novye-serii-filma-budut-vyhodit-do-iyulya\/"},"modified":"2026-06-06T04:13:36","modified_gmt":"2026-06-06T01:13:36","slug":"calendario-de-estrenos-de-la-serie-mys-straha-se-estrenaran-nuevos-episodios-hasta-julio","status":"publish","type":"post","link":"https:\/\/imgist.ru\/es\/raspisanie-vyhoda-seriala-mys-straha-novye-serii-filma-budut-vyhodit-do-iyulya\/","title":{"rendered":"Calendario de estrenos de Cape Fear: se emitir\u00e1n nuevos episodios hasta julio."},"content":{"rendered":"<p>Thriller psicol\u00f3gico <em>\u00abCabo de Miedo\u00bb<\/em> Regresa, esta vez como una serie para plataformas de streaming, protagonizada por Amy Adams, Javier Bardem y Patrick Wilson.<\/p>\n<p> La serie Cape Fear, basada en la novela de 1957 de John D. MacDonald. <em>\u00abLos verdugos\u00bb<\/em> y escenarios para la versi\u00f3n &quot;\u00ab <em>Cabo del Miedo&quot;\u00bb<\/em> 1962 (protagonizada por Robert Mitchum, Gregory Peck y Polly Bergen) y su remake de 1991 (protagonizada por Robert De Niro, Nick Nolte y Jessica Lange) <em>principal<\/em> El elenco), se estren\u00f3 en Apple TV el viernes.<\/p>\n<p> FORBES | Tim Lammers: Se prev\u00e9 que la taquilla de &#039;Behind the Scenes&#039; caiga 67% en su segundo fin de semana.<\/p>\n<p> En la serie, el pasado vuelve para atormentar a los abogados Tom y Anna Bowden (Wilson y Adams) cuando Max Cady (Bardem), el violento psic\u00f3pata al que ayudaron a encarcelar hace 17 a\u00f1os, logra escapar. Cuando Cady encuentra a los Bowden, comienza a aterrorizar a la pareja y a sus dos hijos, pero lo hace de una manera que le permite evadir a la ley en todo momento.<\/p>\n<p> En la primera temporada de la serie <em>\u00abCabo de Miedo\u00bb<\/em> Tambi\u00e9n participan Lily Colias y Joe Anders como los hijos de Bowden, Natalie y Zach, y C.C. Pounder como el compa\u00f1ero de trabajo de Anna, Noah Toussaint.<\/p>\n<p> En una entrevista con la publicaci\u00f3n <em>USA Today,<\/em> Al hablar sobre su papel como Cady en la saga cinematogr\u00e1fica de Cape Fear, Bardem admiti\u00f3 que inicialmente dud\u00f3 antes de aceptar el papel, que Robert Mitchum populariz\u00f3 por primera vez en 1962 y que De Niro llev\u00f3 a nuevas cotas tres d\u00e9cadas despu\u00e9s.<\/p>\n<p> FORBES | Tim Lammers: Por qu\u00e9 la historia de He-Man no ayudar\u00e1 al fin de semana de estreno de Masters of the Universe<\/p>\n<p> \u00abAl principio pens\u00e9: \u201eNi siquiera voy a tocar esto\u201c\u201d, declar\u00f3 Bardem a la publicaci\u00f3n. <em>USA Today<\/em> . &quot;Es un look ic\u00f3nico y atemporal.&quot;.<\/p>\n<p> Sin embargo, despu\u00e9s de ver el documental <em>\u00abLa creaci\u00f3n de Cabo de Miedo\u00bb<\/em> , Al hablar de la versi\u00f3n de 1991 de la pel\u00edcula dirigida por Martin Scorsese, Bardem se tom\u00f3 en serio las palabras del legendario cineasta. &quot;Dijo: &#039;Cada 30 a\u00f1os, esta historia necesita ser rehecha para una nueva generaci\u00f3n&#039;&quot;, recuerda Bardem en una entrevista. <em>USA Today<\/em> . &quot;Y pens\u00e9: &#039;Vaya, han pasado exactamente 30 a\u00f1os. Esta es una versi\u00f3n completamente nueva&#039;. As\u00ed que acept\u00e9.&quot;.<\/p>\n<h2> La serie &quot;Cape Fear&quot; se estrena con el lanzamiento de dos episodios.<\/h2>\n<p> Serie <em>\u00abCabo de Miedo,<\/em> Creada por Nick Antosca y producida por Martin Scorsese y Steven Spielberg, la serie estrenar\u00e1 sus dos primeros episodios (de un total de 10) el viernes en Apple TV.<\/p>\n<p> Los nuevos episodios se estrenar\u00e1n semanalmente los viernes hasta el 31 de julio. Incluyendo los estrenos de los viernes, aqu\u00ed est\u00e1 el calendario de lanzamiento de episodios. <em>serie &quot;Cabo de Miedo&quot;\u00ab<\/em> :<\/p>\n<ul>\n<li>\n<p> Episodio 1: <em>Dedos de las manos y de los pies<\/em> - 5 de junio<\/p>\n<\/li>\n<li>\n<p> Episodio 2: <em>\u00bfPor qu\u00e9 deber\u00eda hacerte da\u00f1o?<\/em> - 5 de junio<\/p>\n<\/li>\n<li>\n<p> Episodio 3 <em>Sensaciones fantasmales<\/em> - 12 de junio<\/p>\n<\/li>\n<li>\n<p> Episodio 4: T\u00edtulo por anunciar - 19 de junio<\/p>\n<\/li>\n<li>\n<p> Episodio 5: T\u00edtulo por anunciar - 26 de junio<\/p>\n<\/li>\n<\/ul>\n<p> FORBES | Tim Lammers: La fecha de estreno en streaming de Whiplash se ha descartado en favor de un per\u00edodo m\u00e1s largo entre el estreno en cines y el lanzamiento bajo demanda (PVOD).<\/p>\n<ul>\n<li>\n<p> Episodio 6: T\u00edtulo por anunciar m\u00e1s adelante \u2013 3 de julio<\/p>\n<\/li>\n<li>\n<p> Episodio 7: T\u00edtulo por anunciar - 10 de julio<\/p>\n<\/li>\n<li>\n<p> Episodio 8: T\u00edtulo por anunciar m\u00e1s adelante \u2013 17 de julio<\/p>\n<\/li>\n<li>\n<p> Episodio 9: T\u00edtulo por anunciar - 24 de julio<\/p>\n<\/li>\n<li>\n<p> Episodio 10: T\u00edtulo por anunciar - 31 de julio<\/p>\n<\/li>\n<\/ul>\n<p> Nuevos episodios de la primera temporada de la serie. <em>\u00abCabo de Miedo\u00bb<\/em> Se emitir\u00e1 todos los viernes a las 3:00 AM ET \/ 5:00 PM PT.<\/p>\n<p> FORBES | Tim Lammers | &quot;Entre bastidores: El streaming. Por qu\u00e9 las grandes recaudaciones de taquilla probablemente cambiar\u00e1n la estrategia de PVOD de A24.&quot;.<\/p>\n<p> <em>Este art\u00edculo se public\u00f3 originalmente en Forbes.com.<\/em><\/p>","protected":false},"excerpt":{"rendered":"<p>El thriller psicol\u00f3gico Cape Fear regresa, esta vez como una serie para plataformas de streaming, protagonizada por Amy Adams, Javier Bardem y Patrick Wilson.<\/p>","protected":false},"author":1,"featured_media":15347,"comment_status":"open","ping_status":"closed","sticky":false,"template":"","format":"standard","meta":{"footnotes":""},"categories":[6],"tags":[],"class_list":["post-15346","post","type-post","status-publish","format-standard","has-post-thumbnail","hentry","category-kinoindustriya","hvn-theme-has-thumbnail"],"_links":{"self":[{"href":"https:\/\/imgist.ru\/es\/wp-json\/wp\/v2\/posts\/15346","targetHints":{"allow":["GET"]}}],"collection":[{"href":"https:\/\/imgist.ru\/es\/wp-json\/wp\/v2\/posts"}],"about":[{"href":"https:\/\/imgist.ru\/es\/wp-json\/wp\/v2\/types\/post"}],"author":[{"embeddable":true,"href":"https:\/\/imgist.ru\/es\/wp-json\/wp\/v2\/users\/1"}],"replies":[{"embeddable":true,"href":"https:\/\/imgist.ru\/es\/wp-json\/wp\/v2\/comments?post=15346"}],"version-history":[{"count":0,"href":"https:\/\/imgist.ru\/es\/wp-json\/wp\/v2\/posts\/15346\/revisions"}],"wp:featuredmedia":[{"embeddable":true,"href":"https:\/\/imgist.ru\/es\/wp-json\/wp\/v2\/media\/15347"}],"wp:attachment":[{"href":"https:\/\/imgist.ru\/es\/wp-json\/wp\/v2\/media?parent=15346"}],"wp:term":[{"taxonomy":"category","embeddable":true,"href":"https:\/\/imgist.ru\/es\/wp-json\/wp\/v2\/categories?post=15346"},{"taxonomy":"post_tag","embeddable":true,"href":"https:\/\/imgist.ru\/es\/wp-json\/wp\/v2\/tags?post=15346"}],"curies":[{"name":"wp","href":"https:\/\/api.w.org\/{rel}","templated":true}]}}