{"id":15576,"date":"2026-06-06T11:19:30","date_gmt":"2026-06-06T08:19:30","guid":{"rendered":"https:\/\/imgist.ru\/shon-penn-rasskazal-pochemu-propuskaet-czeremonii-nagrazhdeniya-i-nazval-selfi-pozhiratelem-dushi\/"},"modified":"2026-06-06T11:19:30","modified_gmt":"2026-06-06T08:19:30","slug":"sean-penn-explico-por-que-se-salta-las-ceremonias-de-premios-y-se-autodenomina-un-devorador-de-almas","status":"publish","type":"post","link":"https:\/\/imgist.ru\/es\/shon-penn-rasskazal-pochemu-propuskaet-czeremonii-nagrazhdeniya-i-nazval-selfi-pozhiratelem-dushi\/","title":{"rendered":"Sean Penn explic\u00f3 por qu\u00e9 no asiste a las ceremonias de premios y calific\u00f3 a las selfies como un &quot;devorador de almas&quot;."},"content":{"rendered":"<p>No esperes ver <strong>Sean Penn<\/strong> Pronto en la alfombra roja.<\/p>\n<p> El actor concedi\u00f3 recientemente una entrevista. <strong>Kaitlan Collins<\/strong> En el Festival de Cine de Tribeca en Nueva York, explic\u00f3 por qu\u00e9 estuvo ausente de la ceremonia de los \u00d3scar en marzo.<\/p>\n<p> Penn afirm\u00f3 que los grandes eventos como las ceremonias de entrega de premios &quot;solo generan ansiedad y miedo&quot;.<\/p>\n<p> \u00abNo se trata solo de que sea una ceremonia de premios\u00bb, dijo sobre su ausencia en los \u00d3scar. \u00abSer\u00eda lo mismo si este grupo fuera a una fiesta despu\u00e9s de la ceremonia y alguien se colara. Para m\u00ed, eso siempre ha significado incomodidad social; demasiada gente. Ahora he decidido firmemente que nunca ir\u00e9 a ning\u00fan sitio donde haya m\u00e1s de ocho personas\u00bb.<\/p>\n<p> Explic\u00f3 que un grupo de ocho personas es ideal porque &quot;si se reservan dos horas por la noche, a todos les quedan 15 minutos&quot;.<\/p>\n<p> Estrella de la pel\u00edcula &quot;\u00ab <em>Tiempos de locura en Ridgemont High\u00bb<\/em> No le gusta pasar tiempo entre multitudes, especialmente cuando los fans le piden hacerse selfis con \u00e9l.<\/p>\n<p> \u00abLa gente nunca deber\u00eda tomarse selfies con nadie. Es malo para uno mismo; es malo para todos. Es algo que te consume el alma\u00bb, dijo. \u00ab\u00bfPero una sobreviviente del Holocausto y su hijo discapacitado de seis a\u00f1os, tra\u00eddo en silla de ruedas? \u00a1Por supuesto que no!\u00bb.<\/p>\n<p> Penn fue nominado y gan\u00f3 el premio al Mejor Actor de Reparto. <em>pel\u00edcula &quot;Una batalla tras otra&quot;\u00ab<\/em> . Antes de los \u00d3scar, habl\u00f3 con sus compa\u00f1eros y les dijo que ser\u00eda &quot;mejor para mi salud mental&quot; evitar asistir a la ceremonia.<\/p>\n<p> El actor de 65 a\u00f1os es ganador de dos premios Oscar anteriores por <em>Pel\u00edculas de Mystic River\u00ab<\/em> (2003) y <em>\u00abLeche\u00bb<\/em> (2008).<\/p>\n<p> \u00ab&quot;Las dos veces que me present\u00e9, sent\u00ed alivio al ganar porque mucha gente trabaj\u00f3 muy duro para conseguirlo&quot;, dijo. &quot;Tambi\u00e9n hay un trasfondo pol\u00edtico&quot;.<\/p>\n<p> Para recibir su tercer \u00d3scar, Penn se salt\u00f3 la ceremonia y vol\u00f3 a Ucrania para reunirse con Volodymyr Zelenskyy. Durante su estancia en el extranjero, vio la retransmisi\u00f3n, que comenz\u00f3 a las 2 de la madrugada y termin\u00f3 a las 5, y, seg\u00fan Penn, &quot;por primera vez, disfrut\u00e9 de verdad de la ceremonia de los \u00d3scar&quot;. &quot;Fue genial&quot;.<\/p>\n<p> Este art\u00edculo fue publicado originalmente por Parade el 6 de junio de 2026 en la secci\u00f3n de Noticias. A\u00f1ade Parade a tu lista de fuentes recomendadas haciendo clic aqu\u00ed.<\/p>","protected":false},"excerpt":{"rendered":"<p>No esperen ver a Sean Penn en la alfombra roja pr\u00f3ximamente. El actor concedi\u00f3 recientemente una entrevista a Kaitlan Collins en el Festival de Cine de Tribeca en Nueva York. Revel\u00f3\u2026<\/p>","protected":false},"author":1,"featured_media":15577,"comment_status":"open","ping_status":"closed","sticky":false,"template":"","format":"standard","meta":{"footnotes":""},"categories":[5],"tags":[],"class_list":["post-15576","post","type-post","status-publish","format-standard","has-post-thumbnail","hentry","category-selebriti","hvn-theme-has-thumbnail"],"_links":{"self":[{"href":"https:\/\/imgist.ru\/es\/wp-json\/wp\/v2\/posts\/15576","targetHints":{"allow":["GET"]}}],"collection":[{"href":"https:\/\/imgist.ru\/es\/wp-json\/wp\/v2\/posts"}],"about":[{"href":"https:\/\/imgist.ru\/es\/wp-json\/wp\/v2\/types\/post"}],"author":[{"embeddable":true,"href":"https:\/\/imgist.ru\/es\/wp-json\/wp\/v2\/users\/1"}],"replies":[{"embeddable":true,"href":"https:\/\/imgist.ru\/es\/wp-json\/wp\/v2\/comments?post=15576"}],"version-history":[{"count":0,"href":"https:\/\/imgist.ru\/es\/wp-json\/wp\/v2\/posts\/15576\/revisions"}],"wp:featuredmedia":[{"embeddable":true,"href":"https:\/\/imgist.ru\/es\/wp-json\/wp\/v2\/media\/15577"}],"wp:attachment":[{"href":"https:\/\/imgist.ru\/es\/wp-json\/wp\/v2\/media?parent=15576"}],"wp:term":[{"taxonomy":"category","embeddable":true,"href":"https:\/\/imgist.ru\/es\/wp-json\/wp\/v2\/categories?post=15576"},{"taxonomy":"post_tag","embeddable":true,"href":"https:\/\/imgist.ru\/es\/wp-json\/wp\/v2\/tags?post=15576"}],"curies":[{"name":"wp","href":"https:\/\/api.w.org\/{rel}","templated":true}]}}