{"id":163196,"date":"2026-09-01T10:59:01","date_gmt":"2026-09-01T07:59:01","guid":{"rendered":"https:\/\/imgist.ru\/24-fakta-o-nelsone-mandele\/"},"modified":"2026-09-01T10:59:02","modified_gmt":"2026-09-01T07:59:02","slug":"24-datos-sobre-nelson-mandela","status":"publish","type":"post","link":"https:\/\/imgist.ru\/es\/24-fakta-o-nelsone-mandele\/","title":{"rendered":"24 datos sobre Nelson Mandela"},"content":{"rendered":"<p><img loading=\"lazy\" decoding=\"async\" width=\"1600\" height=\"900\" src=\"https:\/\/imgist.ru\/wp-content\/uploads\/2026\/09\/24-fakta-o-nelsone-mandele_6a9685c5dcce1-rotated.jpeg\" alt=\"24 datos sobre Nelson Mandela\"> Fuente: CNN.com<\/p>\n<p> Nelson Mandela, cuyo nombre est\u00e1 asociado con el coraje y la fortaleza, es un s\u00edmbolo de libertad y justicia. <strong>\u00bfQui\u00e9n fue Nelson Mandela?<\/strong> Fue un revolucionario sudafricano que luch\u00f3 contra el apartheid y se convirti\u00f3 en el primer presidente negro del pa\u00eds, cargo que ocup\u00f3 de 1994 a 1999. La trayectoria de Mandela, desde prisionero hasta presidente, atestigua su firme compromiso con la igualdad y los derechos humanos. Nacido el 18 de julio de 1918 en Mvezo, Sud\u00e1frica, pas\u00f3 27 a\u00f1os en prisi\u00f3n, pero sali\u00f3 con un mensaje de perd\u00f3n y reconciliaci\u00f3n. Su liderazgo y visi\u00f3n contribuyeron a desmantelar el apartheid, un sistema de segregaci\u00f3n y discriminaci\u00f3n racial. El legado de Mandela sigue inspirando a personas de todo el mundo, record\u00e1ndonos el poder de la perseverancia y la importancia de defender la justicia. Descubre m\u00e1s sobre su extraordinaria vida y su perdurable influencia explorando estos 24 datos fascinantes sobre Nelson Mandela.<\/p>\n<p> \u00cdndice 01 Primeros a\u00f1os y educaci\u00f3n 02 Despertar pol\u00edtico 03 Encarcelamiento y resistencia 04 Liberaci\u00f3n y presidencia 05 Legado e influencia 06 Vida personal 07 Influencia cultural 08 \u00daltimos a\u00f1os y muerte 09 El legado de Mandela perdura<\/p>\n<h2> Primeros a\u00f1os y educaci\u00f3n<\/h2>\n<p> La trayectoria de Nelson Mandela comenz\u00f3 en un peque\u00f1o pueblo de Sud\u00e1frica. Sus primeros a\u00f1os estuvieron marcados por acontecimientos que forjaron su futuro como l\u00edder y activista.<\/p>\n<ol>\n<li>\n<p> <strong>Nombre de nacimiento<\/strong> Nelson Mandela naci\u00f3 el 18 de julio de 1918 en la aldea de Mvezo, Transkei, con el nombre de Rolihlahla Mandela. &quot;Rolihlahla&quot; significa &quot;arrancador de ramas de \u00e1rboles&quot; o &quot;alborotador&quot; en xhosa.<\/p>\n<\/li>\n<li>\n<p> <strong>Origen real<\/strong> Naci\u00f3 en el seno de la familia real Thembu. Su padre, Gadla Henry Mphakanisiwa, era jefe y consejero del rey Thembu.<\/p>\n<\/li>\n<li>\n<p> <strong>El primero de la familia<\/strong> Mandela fue el primero de su familia en ir a la escuela. Su maestro le dio el nombre ingl\u00e9s &quot;Nelson&quot;, que era com\u00fan en aquella \u00e9poca.<\/p>\n<\/li>\n<li>\n<p> <strong>Educaci\u00f3n superior<\/strong> Estudi\u00f3 en la Universidad de Fort Hare, la \u00fanica instituci\u00f3n de educaci\u00f3n superior para negros de estilo occidental en Sud\u00e1frica en aquel entonces. Sin embargo, fue expulsado por participar en una protesta estudiantil.<\/p>\n<\/li>\n<\/ol>\n<h2> despertar pol\u00edtico<\/h2>\n<p> La trayectoria pol\u00edtica de Mandela estuvo marcada por acontecimientos significativos que impulsaron su b\u00fasqueda de justicia e igualdad.<\/p>\n<ol>\n<li>\n<p> <strong>Unirse al ANC<\/strong> En 1944, Mandela se uni\u00f3 al Congreso Nacional Africano (ANC), un punto de inflexi\u00f3n en su vida. Se convirti\u00f3 en uno de los fundadores de la Liga Juvenil del ANC para luchar contra la segregaci\u00f3n racial.<\/p>\n<\/li>\n<li>\n<p> <strong>Campa\u00f1a de desaf\u00edo<\/strong> Mandela desempe\u00f1\u00f3 un papel fundamental en la Campa\u00f1a de Desobediencia Civil de 1952 contra las leyes del apartheid. Esta fue la primera movilizaci\u00f3n pol\u00edtica multirracial a gran escala contra el apartheid.<\/p>\n<\/li>\n<li>\n<p> <strong>El juicio de Mandela por traici\u00f3n<\/strong> En 1956, Mandela fue arrestado junto con otros 155 activistas y acusado de traici\u00f3n. El juicio se prolong\u00f3 hasta 1961 y todos los acusados fueron absueltos.<\/p>\n<\/li>\n<\/ol>\n<h2> Encarcelamiento y resistencia<\/h2>\n<p> El encarcelamiento de Mandela se convirti\u00f3 en un s\u00edmbolo de la lucha contra el apartheid, inspirando a personas de todo el mundo.<\/p>\n<ol>\n<li>\n<p> <strong>Ensayo de Rivonia<\/strong> En 1962, Mandela fue arrestado nuevamente, y en 1964, fue condenado a cadena perpetua en los Juicios de Rivonia. En este juicio, pronunci\u00f3 su famoso discurso &quot;Estoy preparado para morir&quot;.<\/p>\n<\/li>\n<li>\n<p> <strong>Isla Robben<\/strong> Mandela pas\u00f3 18 de sus 27 a\u00f1os de prisi\u00f3n en Robben Island. A pesar de las duras condiciones, sigui\u00f3 inspirando a otros presos y al movimiento antiapartheid.<\/p>\n<\/li>\n<li>\n<p> <strong>Negociaciones secretas<\/strong> Durante su estancia en prisi\u00f3n, Mandela inici\u00f3 conversaciones secretas con el gobierno del apartheid, sentando las bases para futuras negociaciones.<\/p>\n<\/li>\n<\/ol>\n<h2> Liberaci\u00f3n y presidencia<\/h2>\n<p> La liberaci\u00f3n de Mandela marc\u00f3 un nuevo cap\u00edtulo en la historia de Sud\u00e1frica, poniendo fin al apartheid y a su presidencia.<\/p>\n<ol>\n<li>\n<p> <strong>Liberaci\u00f3n de prisi\u00f3n<\/strong> El 11 de febrero de 1990, Mandela fue liberado de la prisi\u00f3n de Victor Verster tras 27 a\u00f1os de encarcelamiento. Su liberaci\u00f3n fue transmitida en directo a todo el mundo.<\/p>\n<\/li>\n<li>\n<p> <strong>Premio Nobel de la Paz<\/strong> En 1993, Mandela y el entonces presidente F.W. de Klerk recibieron conjuntamente el Premio Nobel de la Paz por sus esfuerzos para acabar con el apartheid.<\/p>\n<\/li>\n<li>\n<p> <strong>El primer presidente negro<\/strong> En 1994, Mandela se convirti\u00f3 en el primer presidente negro de Sud\u00e1frica tras las primeras elecciones multirraciales del pa\u00eds. Su presidencia se centr\u00f3 en la reconciliaci\u00f3n y la construcci\u00f3n de la naci\u00f3n.<\/p>\n<\/li>\n<\/ol>\n<h2> Legado e influencia<\/h2>\n<p> El legado de Mandela sigue inspirando a generaciones y dejando una huella imborrable en el mundo.<\/p>\n<ol>\n<li>\n<p> <strong>Comisi\u00f3n de la Verdad y la Reconciliaci\u00f3n<\/strong> Mandela cre\u00f3 la Comisi\u00f3n de la Verdad y la Reconciliaci\u00f3n para investigar las atrocidades cometidas durante el apartheid y promover la sanaci\u00f3n y el perd\u00f3n.<\/p>\n<\/li>\n<li>\n<p> <strong>D\u00eda de Mandela<\/strong> El 18 de julio se celebra en todo el mundo el D\u00eda de Mandela, y se anima a la gente a dedicar 67 minutos al servicio comunitario para simbolizar los 67 a\u00f1os que dedic\u00f3 a luchar por la justicia social.<\/p>\n<\/li>\n<li>\n<p> <strong>Icono mundial<\/strong> Mandela es venerado en todo el mundo como s\u00edmbolo de paz, resiliencia y perd\u00f3n. Su vida y obra siguen inspirando movimientos por la justicia y la igualdad.<\/p>\n<\/li>\n<\/ol>\n<h2> Vida personal<\/h2>\n<p> M\u00e1s all\u00e1 de sus logros pol\u00edticos, la vida personal de Mandela estuvo llena de desaf\u00edos y triunfos.<\/p>\n<ol>\n<li>\n<p> <strong>matrimonios<\/strong> Mandela se cas\u00f3 tres veces. Su primer matrimonio, con Evelyn Ntoko Mase, termin\u00f3 en divorcio. Posteriormente se cas\u00f3 con Winnie Madikizela, con quien tuvo dos hijas, y finalmente, con Gra\u00e7a Machel.<\/p>\n<\/li>\n<li>\n<p> <strong>Tragedias familiares<\/strong> Mandela sufri\u00f3 tragedias personales, entre ellas la p\u00e9rdida de su hijo Thembekile en un accidente de coche en 1969 mientras estaba en prisi\u00f3n.<\/p>\n<\/li>\n<li>\n<p> <strong>Amor por los ni\u00f1os<\/strong> A pesar de sus convicciones pol\u00edticas, Mandela sent\u00eda un profundo amor por los ni\u00f1os. En 1995, fund\u00f3 el Fondo Infantil Nelson Mandela para mejorar la vida de los ni\u00f1os sudafricanos.<\/p>\n<\/li>\n<\/ol>\n<h2> Influencia cultural<\/h2>\n<p> La influencia de Mandela se extendi\u00f3 m\u00e1s all\u00e1 de la pol\u00edtica, influyendo en la cultura y los medios de comunicaci\u00f3n de todo el mundo.<\/p>\n<ol>\n<li>\n<p> <strong>Libros y pel\u00edculas<\/strong> Mandela es autor de varios libros, entre ellos su autobiograf\u00eda El largo camino hacia la libertad. Su vida ha sido retratada en numerosas pel\u00edculas y documentales.<\/p>\n<\/li>\n<li>\n<p> <strong>dedicatorias musicales<\/strong> Muchos m\u00fasicos, entre ellos Stevie Wonder y U2, han rendido homenaje a Mandela en canciones que celebran su legado e influencia.<\/p>\n<\/li>\n<li>\n<p> <strong>Estatuas y monumentos<\/strong> Estatuas y monumentos en honor a Mandela se pueden encontrar en todo el mundo, desde Sud\u00e1frica hasta el Reino Unido, simbolizando su influencia global.<\/p>\n<\/li>\n<\/ol>\n<h2> \u00daltimos a\u00f1os y muerte<\/h2>\n<p> Los \u00faltimos a\u00f1os de Mandela estuvieron marcados por un activismo constante en defensa de los derechos humanos y por la reflexi\u00f3n sobre la obra de su vida.<\/p>\n<ol>\n<li>\n<p> <strong>Cuidado<\/strong> Desde que asumi\u00f3 la presidencia en 1999, Mandela continu\u00f3 trabajando en diversos proyectos humanitarios, entre ellos la sensibilizaci\u00f3n sobre el VIH\/SIDA.<\/p>\n<\/li>\n<li>\n<p> <strong>Muerte<\/strong> Nelson Mandela falleci\u00f3 el 5 de diciembre de 2013, a la edad de 95 a\u00f1os. Su muerte fue lamentada en todo el mundo, y l\u00edderes y ciudadanos de todo el planeta expresaron sus condolencias.<\/p>\n<\/li>\n<\/ol>\n<h2> El legado de Mandela perdura.<\/h2>\n<p> La vida de Nelson Mandela es un testimonio de resiliencia, valent\u00eda y el poder del perd\u00f3n. Su trayectoria desde una peque\u00f1a aldea en Sud\u00e1frica hasta convertirse en un \u00edcono mundial. <strong>paz<\/strong> \u0438 <strong>justicia,<\/strong> Verdaderamente inspirador. El compromiso inquebrantable de Mandela para acabar con todo. <strong>segregaci\u00f3n racial<\/strong> y promoci\u00f3n <strong>igualdad racial<\/strong> Cambi\u00f3 el curso de la historia. Demostr\u00f3 al mundo que, incluso ante la adversidad, una sola persona puede marcar la diferencia. El legado de Mandela sigue inspirando. <strong>activistas<\/strong> , <strong>l\u00edderes<\/strong> y gente com\u00fan que lucha por un mundo mejor. Su historia nos recuerda que <strong>libertad<\/strong> \u0438 <strong>igualdad<\/strong> Merece la pena luchar por ello. Al reflexionar sobre su vida, continuemos con su mensaje. <strong>esperanzas<\/strong> \u0438 <strong>unidad<\/strong> . La influencia de Mandela perdurar\u00e1 para siempre en los corazones de quienes creen en una sociedad justa e inclusiva. Su legado es un faro de esperanza para las generaciones futuras.<\/p>\n<h3> \u00bfTe ha resultado \u00fatil esta p\u00e1gina?<\/h3>\n<p> Nuestro trabajo se basa en el compromiso de ofrecer contenido fiable y atractivo. Cada dato de nuestro sitio web proviene de usuarios reales como t\u00fa, lo que proporciona una experiencia e informaci\u00f3n ricas y variadas. Para garantizar los m\u00e1s altos est\u00e1ndares de precisi\u00f3n y fiabilidad, nuestros editores expertos revisan cuidadosamente cada contribuci\u00f3n. Este proceso asegura que la informaci\u00f3n que compartimos no solo sea interesante, sino tambi\u00e9n fidedigna. Conf\u00eda en nuestro compromiso con la calidad y la autenticidad mientras exploras y aprendes con nosotros.<\/p>\n<p> Comparte este dato:<\/p>","protected":false},"excerpt":{"rendered":"<p>Fuente: Cnn.com Nelson Mandela, cuyo nombre se asocia con el coraje y la fortaleza, es un s\u00edmbolo de libertad y justicia. \u00bfQui\u00e9n fue Nelson Mandela? Fue un revolucionario sudafricano que luch\u00f3\u2026<\/p>","protected":false},"author":1,"featured_media":163197,"comment_status":"open","ping_status":"closed","sticky":false,"template":"","format":"standard","meta":{"footnotes":""},"categories":[5],"tags":[],"class_list":["post-163196","post","type-post","status-publish","format-standard","has-post-thumbnail","hentry","category-selebriti","hvn-theme-has-thumbnail"],"_links":{"self":[{"href":"https:\/\/imgist.ru\/es\/wp-json\/wp\/v2\/posts\/163196","targetHints":{"allow":["GET"]}}],"collection":[{"href":"https:\/\/imgist.ru\/es\/wp-json\/wp\/v2\/posts"}],"about":[{"href":"https:\/\/imgist.ru\/es\/wp-json\/wp\/v2\/types\/post"}],"author":[{"embeddable":true,"href":"https:\/\/imgist.ru\/es\/wp-json\/wp\/v2\/users\/1"}],"replies":[{"embeddable":true,"href":"https:\/\/imgist.ru\/es\/wp-json\/wp\/v2\/comments?post=163196"}],"version-history":[{"count":1,"href":"https:\/\/imgist.ru\/es\/wp-json\/wp\/v2\/posts\/163196\/revisions"}],"predecessor-version":[{"id":163198,"href":"https:\/\/imgist.ru\/es\/wp-json\/wp\/v2\/posts\/163196\/revisions\/163198"}],"wp:featuredmedia":[{"embeddable":true,"href":"https:\/\/imgist.ru\/es\/wp-json\/wp\/v2\/media\/163197"}],"wp:attachment":[{"href":"https:\/\/imgist.ru\/es\/wp-json\/wp\/v2\/media?parent=163196"}],"wp:term":[{"taxonomy":"category","embeddable":true,"href":"https:\/\/imgist.ru\/es\/wp-json\/wp\/v2\/categories?post=163196"},{"taxonomy":"post_tag","embeddable":true,"href":"https:\/\/imgist.ru\/es\/wp-json\/wp\/v2\/tags?post=163196"}],"curies":[{"name":"wp","href":"https:\/\/api.w.org\/{rel}","templated":true}]}}