{"id":16522,"date":"2026-06-07T03:11:46","date_gmt":"2026-06-07T00:11:46","guid":{"rendered":"https:\/\/imgist.ru\/segodnya-ispolnyaetsya-50-let-so-dnya-premery-filma-omen-v-kinoteatrah-velikobritanii\/"},"modified":"2026-06-07T03:11:46","modified_gmt":"2026-06-07T00:11:46","slug":"hoy-se-cumplen-50-anos-del-estreno-de-la-pelicula-la-profecia-en-los-cines-del-reino-unido","status":"publish","type":"post","link":"https:\/\/imgist.ru\/es\/segodnya-ispolnyaetsya-50-let-so-dnya-premery-filma-omen-v-kinoteatrah-velikobritanii\/","title":{"rendered":"Hoy se cumplen 50 a\u00f1os del estreno de La Profec\u00eda en los cines del Reino Unido."},"content":{"rendered":"<p>El g\u00e9nero de terror ha experimentado un resurgimiento en la taquilla en los \u00faltimos a\u00f1os. El \u00e9xito de recientes mega\u00e9xitos como <em>\u00abEntre bastidores\u00bb<\/em> de A24 y <em>\u00ab&quot;Obsesi\u00f3n<\/em> \u00bb&quot;De Focus Features, es un claro recordatorio de que el p\u00fablico est\u00e1 \u00e1vido de historias de calidad en este g\u00e9nero a menudo subestimado.<\/p>\n<p> Tal d\u00eda como hoy, hace 50 a\u00f1os, se estren\u00f3 otra pel\u00edcula de terror que m\u00e1s tarde se convertir\u00eda en un \u00e9xito de taquilla: <em>\u00abLa Profec\u00eda\u00bb<\/em> . Esta pel\u00edcula cl\u00e1sica de terror sobrenatural se estren\u00f3 en el Reino Unido el 6 de junio de 1976. Protagonizada por <strong>Harvey Spencer Stevens<\/strong> (este fue su debut cinematogr\u00e1fico), quien interpret\u00f3 a Damien Thorn, cuyo padre, Robert Thorn ( <strong>Gregory Peck<\/strong> ), lo reemplaz\u00f3 al nacer sin el conocimiento de su madre, Katherine Thorne ( <strong>Lee Remick<\/strong> ), tras la muerte de su beb\u00e9.<\/p>\n<p> Lo que sigue es una serie de eventos inexplicables y muertes violentas cuando la familia descubre que Damien es el Anticristo y el hijo del diablo. Tambi\u00e9n protagonizada por <strong>David Warner<\/strong> como Jennings, <strong>Billie Whitelaw<\/strong> como la Sra. Baylock, <strong>Patrick Troughton<\/strong> como el Padre Brennan, <strong>Mart\u00edn Benson<\/strong> como el padre de Spiletto y <strong>Leo McKern<\/strong> como Karl Bugenhagen. Dirigido por <strong>Richard Donner,<\/strong> escribi\u00f3 el guion <strong>David Seltzer<\/strong> .<\/p>\n<p> La pel\u00edcula se estren\u00f3 en Estados Unidos el 25 de junio de 1976. Con un presupuesto de 2,8 millones de d\u00f3lares, recaud\u00f3 la impresionante cifra de 60.922.980 d\u00f3lares en todo el mundo. Alcanz\u00f3 el n\u00famero uno en taquilla y se convirti\u00f3 en una de las pel\u00edculas m\u00e1s taquilleras de 1976.<\/p>\n<p> En ese momento, las cr\u00edticas fueron mixtas; un cr\u00edtico, <strong>Gene Shalit<\/strong> , lo llam\u00f3 &quot;un pedazo de basura&quot; y <em>El New York Times<\/em> anunciado <em>\u00abPresagio<\/em> \u00bb&quot;Una pel\u00edcula terriblemente est\u00fapida&quot;, al tiempo que elogiaba el ritmo narrativo. <em>Variedad<\/em> Elogi\u00f3 la direcci\u00f3n de Donner y se\u00f1al\u00f3 que el guion era &quot;demasiado predecible&quot; y &quot;artificial&quot;. En Rotten Tomatoes, la pel\u00edcula de terror tiene una puntuaci\u00f3n de 82% en el Tomatometer y 81% en el Popcornmeter.<\/p>\n<p> Se presentan revisiones retrospectivas <em>\u00abLa Profec\u00eda\u00bb<\/em> En un tono m\u00e1s favorable: la Asociaci\u00f3n de Cr\u00edticos de Cine de Chicago la clasific\u00f3 en el puesto 31 de su lista de &quot;pel\u00edculas m\u00e1s aterradoras&quot;. Filmsite.org tambi\u00e9n incluy\u00f3 este cl\u00e1sico en su lista de &quot;Las mejores pel\u00edculas de 1976&quot;.<\/p>\n<p> <em>La Profec\u00eda\u00ab<\/em> dio origen a una franquicia, que a su vez gener\u00f3 una secuela. <em>\u00ab&quot;Damien - La Profec\u00eda II&quot;\u00bb<\/em> (1978), <em>\u00abEl conflicto final\u00bb<\/em> (1981), <em>\u00abLa Profec\u00eda IV: El Despertar\u00bb<\/em> (1991), <em>\u00abPresagio: 666\u00bb<\/em> (2006) y precuela <em>\u00abPrimer presagio\u00bb<\/em> (2024). Serie de terror <em>\u00abDamien\u00bb<\/em> , basada en las pel\u00edculas, se estren\u00f3 en A&amp;E en 2016 y dur\u00f3 una temporada. El papel principal fue interpretado por <strong>Bradley James<\/strong> .<\/p>\n<p> Este art\u00edculo se public\u00f3 originalmente en Men&#039;s Journal el 6 de junio de 2026, en la secci\u00f3n de Noticias. A\u00f1ade Men&#039;s Journal a tu lista de fuentes preferidas haciendo clic aqu\u00ed.<\/p>","protected":false},"excerpt":{"rendered":"<p>El g\u00e9nero de terror ha experimentado un resurgimiento en taquilla en los \u00faltimos a\u00f1os. El \u00e9xito de recientes mega\u00e9xitos como &quot;Behind the Scenes&quot; de A24 y &quot;Obsession&quot; de Focus Features es\u2026<\/p>","protected":false},"author":1,"featured_media":16523,"comment_status":"open","ping_status":"closed","sticky":false,"template":"","format":"standard","meta":{"footnotes":""},"categories":[6],"tags":[],"class_list":["post-16522","post","type-post","status-publish","format-standard","has-post-thumbnail","hentry","category-kinoindustriya","hvn-theme-has-thumbnail"],"_links":{"self":[{"href":"https:\/\/imgist.ru\/es\/wp-json\/wp\/v2\/posts\/16522","targetHints":{"allow":["GET"]}}],"collection":[{"href":"https:\/\/imgist.ru\/es\/wp-json\/wp\/v2\/posts"}],"about":[{"href":"https:\/\/imgist.ru\/es\/wp-json\/wp\/v2\/types\/post"}],"author":[{"embeddable":true,"href":"https:\/\/imgist.ru\/es\/wp-json\/wp\/v2\/users\/1"}],"replies":[{"embeddable":true,"href":"https:\/\/imgist.ru\/es\/wp-json\/wp\/v2\/comments?post=16522"}],"version-history":[{"count":0,"href":"https:\/\/imgist.ru\/es\/wp-json\/wp\/v2\/posts\/16522\/revisions"}],"wp:featuredmedia":[{"embeddable":true,"href":"https:\/\/imgist.ru\/es\/wp-json\/wp\/v2\/media\/16523"}],"wp:attachment":[{"href":"https:\/\/imgist.ru\/es\/wp-json\/wp\/v2\/media?parent=16522"}],"wp:term":[{"taxonomy":"category","embeddable":true,"href":"https:\/\/imgist.ru\/es\/wp-json\/wp\/v2\/categories?post=16522"},{"taxonomy":"post_tag","embeddable":true,"href":"https:\/\/imgist.ru\/es\/wp-json\/wp\/v2\/tags?post=16522"}],"curies":[{"name":"wp","href":"https:\/\/api.w.org\/{rel}","templated":true}]}}