{"id":165323,"date":"2026-09-02T12:43:21","date_gmt":"2026-09-02T09:43:21","guid":{"rendered":"https:\/\/imgist.ru\/10-faktov-kotorye-zvuchat-neverno-no-na-samom-dele-verny\/"},"modified":"2026-09-02T12:43:27","modified_gmt":"2026-09-02T09:43:27","slug":"10-datos-que-suenan-extranos-pero-que-en-realidad-son-ciertos","status":"publish","type":"post","link":"https:\/\/imgist.ru\/es\/10-faktov-kotorye-zvuchat-neverno-no-na-samom-dele-verny\/","title":{"rendered":"10 datos que parecen incorrectos pero que en realidad son ciertos."},"content":{"rendered":"<p>En el mundo actual, internet ha puesto todo el conocimiento al alcance de nuestra mano. Hoy en d\u00eda, pr\u00e1cticamente nada es desconocido ni imposible. Adem\u00e1s, la ciencia y la tecnolog\u00eda est\u00e1n convirtiendo lo casi imposible en posible, por lo que pocas cosas nos sorprenden. Sin embargo, aqu\u00ed presentamos 10 datos que parecen inveros\u00edmiles, pero que son ciertos.<\/p>\n<h4> <strong>1. Martin Luther King y Ana Frank nacieron en el mismo a\u00f1o, pero representan dos \u00e9pocas diferentes de la historia porque Ana Frank nunca creci\u00f3.<\/strong><\/h4>\n<figure><img loading=\"lazy\" decoding=\"async\" title=\"Martin Luther King Jr., Ana Frank\" src=\"https:\/\/imgist.ru\/wp-content\/uploads\/2026\/09\/10-faktov-kotorye-zvuchat-neverno-no-na-samom-dele-verny_6a97efbb13bed.jpeg\" alt=\"Martin Luther King Jr., Ana Frank\" width=\"750\" height=\"396\"><figcaption> Imagen cortes\u00eda de Fundaci\u00f3n Nobel\/Wikimedia, Anne Frank Stichting Collective Amsterdam\/Wikimedia<\/figcaption><\/figure>\n<p> Puede parecer incre\u00edble a primera vista, pero Martin Luther King era solo cinco meses mayor que Ana Frank. Martin Luther King naci\u00f3 el 15 de enero de 1929, y Ana Frank naci\u00f3 el 12 de junio de 1929.<\/p>\n<p> Ana Frank es conocida mundialmente por su diario, en el que document\u00f3 su vida entre 1942 y 1944, durante la ocupaci\u00f3n alemana de los Pa\u00edses Bajos en la Segunda Guerra Mundial. En 1942, al intensificarse la persecuci\u00f3n contra la poblaci\u00f3n jud\u00eda, Ana y su familia se escondieron. En 1944, fueron arrestados y enviados a campos de concentraci\u00f3n, donde Ana falleci\u00f3. El diario de Ana Frank se public\u00f3 p\u00f3stumamente. Tras su publicaci\u00f3n, la ni\u00f1a y su diario se convirtieron en un s\u00edmbolo que representa el rostro m\u00e1s atroz del fascismo.<\/p>\n<p> Martin Luther King, Jr., es conocido por su lucha por los derechos humanos y la igualdad de los afroamericanos a trav\u00e9s de protestas pac\u00edficas. Se convirti\u00f3 en el l\u00edder m\u00e1s destacado del movimiento por los derechos civiles en Estados Unidos desde mediados de la d\u00e9cada de 1950 hasta su asesinato en 1968. <em>(1,2)<\/em><\/p>\n<h4> <strong>2. Australia perdi\u00f3 literalmente a un primer ministro. Harold Holt se fue a nadar en 1967 y nunca m\u00e1s se le volvi\u00f3 a ver.<\/strong><\/h4>\n<figure><img loading=\"lazy\" decoding=\"async\" title=\"Desaparici\u00f3n de Harold Holt: Los equipos de b\u00fasqueda rastrean la playa de Cheviot tras la desaparici\u00f3n de Holt.\" src=\"https:\/\/imgist.ru\/wp-content\/uploads\/2026\/09\/10-faktov-kotorye-zvuchat-neverno-no-na-samom-dele-verny_6a97efbbddaa4.jpeg\" alt=\"Harold Holt, Desaparici\u00f3n de Harold Holt - Equipos de b\u00fasqueda rastrean la playa de Cheviot tras la desaparici\u00f3n de Holt.\" width=\"750\" height=\"396\"><figcaption> Fuente de la imagen: Oficina de Noticias e Informaci\u00f3n de Australia, v\u00eda Archivos Nacionales de Australia\/Wikimedia Commons, Archivos Nacionales de Australia\/Wikimedia Commons<\/figcaption><\/figure>\n<p> En la tarde del 17 de diciembre de 1967, el decimos\u00e9ptimo primer ministro de Australia, Harold Holt, lleg\u00f3 a la playa de Cheviot, en Victoria, acompa\u00f1ado de otras cuatro personas. Holt decidi\u00f3 nadar, a pesar de la marea alta y el fuerte oleaje, con corrientes y remolinos visibles. Mientras que los dem\u00e1s se abstuvieron de nadar, considerando que el agua era peligrosa, Holt continu\u00f3 nadando y finalmente lleg\u00f3 a aguas profundas. La corriente lo arrastr\u00f3 mar adentro y pronto desapareci\u00f3 de la vista.<\/p>\n<p> Dado que el acompa\u00f1ante de Holt ya no pod\u00eda verlo, se inici\u00f3 una b\u00fasqueda de inmediato. Se solicit\u00f3 la intervenci\u00f3n de buzos, pero las fuertes corrientes y resacas dificultaron la visibilidad bajo el agua. En menos de una hora, cuatro helic\u00f3pteros comenzaron a sobrevolar la zona. Alrededor de 200 personas llegaron al lugar, incluyendo rescatistas del Ej\u00e9rcito, la Armada, la Guardia Costera, la Autoridad Mar\u00edtima de Victoria y el Departamento de Aviaci\u00f3n de Australia, pero no se encontr\u00f3 rastro del Primer Ministro Harold Holt. Dos d\u00edas despu\u00e9s, fue declarado oficialmente muerto. <em>(1,2)<\/em><\/p>\n<h4> <strong>3. La sangre se forma en los huesos.<\/strong><\/h4>\n<figure><img loading=\"lazy\" decoding=\"async\" title=\"Secci\u00f3n transversal del hueso\" src=\"https:\/\/imgist.ru\/wp-content\/uploads\/2026\/09\/10-faktov-kotorye-zvuchat-neverno-no-na-samom-dele-verny_6a97efbcbb01b.jpeg\" alt=\"Secci\u00f3n transversal del hueso\" width=\"750\" height=\"396\"><figcaption> Fuente de la imagen: Pbroks13\/Wikimedia<\/figcaption><\/figure>\n<p> Nuestra sangre se compone de cuatro elementos principales: plasma, gl\u00f3bulos rojos, gl\u00f3bulos blancos y plaquetas. El plasma es la parte l\u00edquida de la sangre que transporta los gl\u00f3bulos rojos, los gl\u00f3bulos blancos y las plaquetas. Los gl\u00f3bulos rojos, los gl\u00f3bulos blancos y las plaquetas se producen en la m\u00e9dula \u00f3sea, ubicada en los huesos, mediante un proceso llamado hematopoyesis.<\/p>\n<p> En los beb\u00e9s, la hematopoyesis se produce en el centro de todos los huesos. Sin embargo, a medida que la persona madura, la hematopoyesis se produce \u00fanicamente en los huesos que rodean la pelvis, las costillas y el estern\u00f3n. <em>(1,2)<\/em><\/p>\n<h4> <strong>4. Google rastrea tu ubicaci\u00f3n incluso si desactivas el Historial de ubicaciones.<\/strong><\/h4>\n<figure><img decoding=\"async\" loading=\"lazy\" title=\"Logotipo de Google Maps, seguimiento de ubicaci\u00f3n en el tel\u00e9fono\" src=\"https:\/\/imgist.ru\/wp-content\/uploads\/2026\/09\/10-faktov-kotorye-zvuchat-neverno-no-na-samom-dele-verny_6a97efbd904e2.jpeg\" alt=\"Logotipo de Google Maps, Localizaci\u00f3n en el tel\u00e9fono\" width=\"750\" height=\"396\"><figcaption> Imagen cortes\u00eda de Google Inc. \u2013 SVG por CMetalCore\/Wikimedia, www.maxpixel.net<\/figcaption><\/figure>\n<p> Hoy en d\u00eda, casi todos los usuarios de smartphones han utilizado la navegaci\u00f3n GPS al menos una vez. \u00bfQu\u00e9 hacemos entonces cuando no la necesitamos? A veces desactivamos la geolocalizaci\u00f3n, pensando que as\u00ed nadie podr\u00e1 rastrearnos. Pero la verdad es que, si tu tel\u00e9fono usa Android, todos tus movimientos se registran y se env\u00edan a Google.<\/p>\n<p> Desde 2017, los tel\u00e9fonos Android rastrean a sus usuarios recopilando las direcciones de las antenas de telefon\u00eda m\u00f3vil cercanas, incluso si el usuario ha desactivado los servicios de ubicaci\u00f3n. Adem\u00e1s, algunas aplicaciones de Google almacenan datos de ubicaci\u00f3n con una marca de tiempo sin solicitar el permiso del usuario. <em>(1,2,3)<\/em><\/p>\n<h4> <strong>5. M\u00e1s de 901.300 ni\u00f1os sordos nacen en familias con padres oyentes.<\/strong><\/h4>\n<figure><img decoding=\"async\" loading=\"lazy\" title=\"El ni\u00f1o est\u00e1 tratando de escuchar\" src=\"https:\/\/imgist.ru\/wp-content\/uploads\/2026\/09\/10-faktov-kotorye-zvuchat-neverno-no-na-samom-dele-verny_6a97efbe5f1bc.jpeg\" alt=\"Ni\u00f1o intentando o\u00edr\" width=\"750\" height=\"396\"><figcaption> Fuente de la imagen: pxhere.com<\/figcaption><\/figure>\n<p> Seg\u00fan las estad\u00edsticas del Instituto Nacional de la Sordera y Otros Trastornos de la Comunicaci\u00f3n (NIDCD, por sus siglas en ingl\u00e9s), m\u00e1s de 901.000 ni\u00f1os sordos tienen padres oyentes.<\/p>\n<p> Los padres experimentan una gran angustia cuando nace un ni\u00f1o sordo en un mundo dominado por personas oyentes. Se ha informado ampliamente que estos padres suelen experimentar sentimientos de p\u00e9rdida, estr\u00e9s, ira o tristeza. Antes del nacimiento de un ni\u00f1o sordo, la mayor\u00eda de los padres oyentes no tienen experiencia interactuando con ni\u00f1os sordos. Por lo tanto, cuando nace un ni\u00f1o sordo, deben tomar decisiones importantes en \u00e1reas como el lenguaje, la educaci\u00f3n, la identidad y la tecnolog\u00eda. <em>(1,2,3)<\/em><\/p><\/p>","protected":false},"excerpt":{"rendered":"<p>En el mundo actual, internet ha puesto literalmente todo el conocimiento posible al alcance de nuestra mano. Hoy en d\u00eda, pr\u00e1cticamente nada es desconocido o imposible. Adem\u00e1s, la ciencia\u2026<\/p>","protected":false},"author":1,"featured_media":165324,"comment_status":"open","ping_status":"closed","sticky":false,"template":"","format":"standard","meta":{"footnotes":""},"categories":[20],"tags":[62],"class_list":["post-165323","post","type-post","status-publish","format-standard","has-post-thumbnail","hentry","category-interesnye-fakty","tag-katalog-faktov","hvn-theme-has-thumbnail"],"_links":{"self":[{"href":"https:\/\/imgist.ru\/es\/wp-json\/wp\/v2\/posts\/165323","targetHints":{"allow":["GET"]}}],"collection":[{"href":"https:\/\/imgist.ru\/es\/wp-json\/wp\/v2\/posts"}],"about":[{"href":"https:\/\/imgist.ru\/es\/wp-json\/wp\/v2\/types\/post"}],"author":[{"embeddable":true,"href":"https:\/\/imgist.ru\/es\/wp-json\/wp\/v2\/users\/1"}],"replies":[{"embeddable":true,"href":"https:\/\/imgist.ru\/es\/wp-json\/wp\/v2\/comments?post=165323"}],"version-history":[{"count":1,"href":"https:\/\/imgist.ru\/es\/wp-json\/wp\/v2\/posts\/165323\/revisions"}],"predecessor-version":[{"id":165330,"href":"https:\/\/imgist.ru\/es\/wp-json\/wp\/v2\/posts\/165323\/revisions\/165330"}],"wp:featuredmedia":[{"embeddable":true,"href":"https:\/\/imgist.ru\/es\/wp-json\/wp\/v2\/media\/165324"}],"wp:attachment":[{"href":"https:\/\/imgist.ru\/es\/wp-json\/wp\/v2\/media?parent=165323"}],"wp:term":[{"taxonomy":"category","embeddable":true,"href":"https:\/\/imgist.ru\/es\/wp-json\/wp\/v2\/categories?post=165323"},{"taxonomy":"post_tag","embeddable":true,"href":"https:\/\/imgist.ru\/es\/wp-json\/wp\/v2\/tags?post=165323"}],"curies":[{"name":"wp","href":"https:\/\/api.w.org\/{rel}","templated":true}]}}