{"id":17046,"date":"2026-06-07T20:10:43","date_gmt":"2026-06-07T17:10:43","guid":{"rendered":"https:\/\/imgist.ru\/v-vyrezannoj-sczene-iz-vtoroj-fazy-kinovselennoj-marvel-poyavilsya-geroj-kotoryj-do-sih-por-ne-debyutiroval-v-mcu\/"},"modified":"2026-08-29T12:18:59","modified_gmt":"2026-08-29T09:18:59","slug":"una-escena-eliminada-de-la-fase-2-del-universo-cinematografico-de-marvel-presentaba-a-un-heroe-que-nunca-habia-debutado-en-el-ucm","status":"publish","type":"post","link":"https:\/\/imgist.ru\/es\/v-vyrezannoj-sczene-iz-vtoroj-fazy-kinovselennoj-marvel-poyavilsya-geroj-kotoryj-do-sih-por-ne-debyutiroval-v-mcu\/","title":{"rendered":"Una escena eliminada de la Fase 2 del Universo Cinematogr\u00e1fico de Marvel presentaba a un personaje que a\u00fan no ha hecho su debut en el UCM."},"content":{"rendered":"<p>Los inicios del Universo Cinematogr\u00e1fico de Marvel fueron una \u00e9poca turbulenta. Las dos primeras pel\u00edculas de la franquicia, Iron Man de Jon Favreau y El Incre\u00edble Hulk de Louis Leterrier (ambas de 2008), fueron estrenadas por Paramount y Universal, respectivamente. Disney adquiri\u00f3 Marvel reci\u00e9n en 2009, tras lo cual se desarroll\u00f3 un plan claro para un Universo Cinematogr\u00e1fico de Marvel interconectado.<\/p>\n<p> Tras la secuela de Favreau de 2010, Iron Man 2, la primera prueba real de la viabilidad del Universo Cinematogr\u00e1fico de Marvel lleg\u00f3 con la pel\u00edcula Thor de Kenneth Branagh de 2011, una pel\u00edcula extra\u00f1a, muy extra\u00f1a, ambientada en un planeta distante que se asemeja al m\u00e1s all\u00e1 n\u00f3rdico de Asgard. Thor (Chris Hemsworth) es un alien\u00edgena poderoso y m\u00e1gico que luce y act\u00faa como el dios n\u00f3rdico del trueno. En realidad, existe una explicaci\u00f3n clara de por qu\u00e9 estos alien\u00edgenas act\u00faan como deidades n\u00f3rdicas, pero es un concepto bizarro que recuerda a los c\u00f3mics de Marvel de la d\u00e9cada de 1960.<\/p>\n<p> El hermano adoptivo de Thor, Loki (Tom Hiddleston), el dios de las travesuras, siembra el caos en la vida de Thor, codiciando desde hace tiempo el trono que antes ocupaba su padre, el poderoso Od\u00edn (Anthony Hopkins). La pel\u00edcula de Branagh fue un gran \u00e9xito, por lo que el Universo Cinematogr\u00e1fico de Marvel continu\u00f3 seg\u00fan lo previsto, con Alan Taylor dirigiendo la secuela en 2013, Thor: El Mundo Oscuro. La compleja relaci\u00f3n entre Thor y Loki es una parte crucial de la pel\u00edcula, y quiz\u00e1s por eso tanta gente se identifica con un personaje tan singular como Thor.<\/p>\n<p> Pero estos lazos familiares eran a\u00fan m\u00e1s complejos. Charlie Wen, antiguo jefe de desarrollo visual de Marvel, public\u00f3 en Instagram sus bocetos de Balder el Valiente., <em>otro<\/em> El hermano de Thor, en The Dark World antes de que el personaje fuera descartado. Curiosamente, Balder a\u00fan no ha debutado en el Universo Cinematogr\u00e1fico de Marvel.<\/p>\n<p> Lea tambi\u00e9n: A David Lynch le llev\u00f3 50 a\u00f1os crear su obra maestra m\u00e1s extra\u00f1a.<\/p>\n<h2> El otro hermano de Thor, Balder el Valiente, a\u00fan no se ha unido al Universo Cinematogr\u00e1fico de Marvel. <\/h2>\n<p> Balder el Valiente, que lleva un parche en el ojo y un abrigo de piel, aparece en los c\u00f3mics de Marvel.<\/p>\n<p> La versi\u00f3n de Thor de Marvel apareci\u00f3 por primera vez en Journey into Mystery #83 en 1962, ya empu\u00f1ando su poderoso martillo. Los c\u00f3mics de Thor se inspiraron en gran medida en la mitolog\u00eda n\u00f3rdica, conservando muchos de los nombres y relaciones entre las deidades, aunque adaptando a la mayor\u00eda de los personajes para historias de superh\u00e9roes m\u00e1s sencillas. Lo m\u00e1s importante es que esto les dio a los directivos de Marvel, Stan Lee y Jack Kirby, acceso a cualquier personaje n\u00f3rdico que desearan.<\/p>\n<p> As\u00ed, dos n\u00fameros despu\u00e9s, Lee y Kirby presentaron a Balder el Valiente, el hermanastro de Thor. Balder nunca ha sido m\u00e1s que un personaje secundario en los c\u00f3mics de Thor, y la mayor\u00eda de sus historias suelen involucrar personajes de Asgard u otras deidades del universo Marvel. Al mismo tiempo, Balder interact\u00faa ocasionalmente con personajes de Marvel como el Capit\u00e1n Am\u00e9rica e incluso tuvo su propia miniserie de cuatro n\u00fameros en 1986.<\/p>\n<p> Baldr se basa en Balder, el dios n\u00f3rdico de la luz y la tragedia. Seg\u00fan los mitos antiguos, Baldr hizo honor a su nombre y fue asesinado indirectamente por su odiado hermano Loki. Su muerte fue la que desencaden\u00f3 el Ragnarok y la ca\u00edda de los dioses.<\/p>\n<p> Charlie Wen, adem\u00e1s de publicar el boceto en su Instagram, tambi\u00e9n comparti\u00f3 otro en LinkedIn, donde se aprecia con mayor claridad el rostro de Balder. Como indica el pie de foto del artista, estos bocetos estaban destinados a Thor: El Mundo Oscuro. Sin embargo, Balder no aparece en la pel\u00edcula y, de nuevo, a\u00fan no hay informaci\u00f3n sobre si aparecer\u00e1 en el Universo Cinematogr\u00e1fico de Marvel. Sin duda, la presencia de Balder habr\u00eda complicado a\u00fan m\u00e1s la relaci\u00f3n entre Thor y Loki en esa pel\u00edcula, al ser m\u00e1s joven que Thor pero mayor que Loki.<\/p>\n<h2> Balder ha aparecido en pel\u00edculas de Marvel fuera del Universo Cinematogr\u00e1fico de Marvel. <\/h2>\n<p> Balder el Valiente con su casco en MODOK \u2014 Marvel Studios<\/p>\n<p> Por supuesto, Marvel cuenta con un extenso elenco de personajes, y probablemente sea solo cuesti\u00f3n de tiempo antes de que los veamos a todos en pantalla de una forma u otra. De hecho, si bien Balder no apareci\u00f3 en Thor: El Mundo Oscuro, s\u00ed apareci\u00f3 anteriormente en la aclamada serie animada de Marvel, Modok, que t\u00e9cnicamente no forma parte del Universo Cinematogr\u00e1fico de Marvel.<\/p>\n<p> \u00abMODOK es una serie de comedia que reinventa a uno de los personajes m\u00e1s extravagantes de Marvel \u2014MODOK, una cabeza gigante y malvada con extremidades diminutas\u2014 como un padre c\u00ednico de una sitcom. Creada por Patton Oswalt, quien tambi\u00e9n la protagoniza, la serie explora qu\u00e9 le suceder\u00eda a un personaje extra\u00f1o y malvado como MODOK si lo despidieran de su empresa en la mediana edad, se quedara sin dinero y tuviera que luchar para recuperar el respeto de su familia. Oswalt quer\u00eda incluir algunos cameos divertidos de los c\u00f3mics de Marvel, y Balder aparece en el sexto episodio, titulado &quot;\u00a1Cuentos de la Gran Guerra del Bar Mitzvah!&quot;. Su voz la interpreta el veterano actor de doblaje Trevor Devall, quien tambi\u00e9n ha dado voz a personajes en Spider-Man and His Amazing Friends, varios proyectos de LEGO Marvel e incluso Crazy Madness, una de las series cada vez m\u00e1s populares sobre los objetos favoritos de la Generaci\u00f3n Alfa. La carrera de Devall es extensa y llena de acontecimientos.<\/p>\n<p> En cuanto al Universo Cinematogr\u00e1fico de Marvel, la franquicia ya no tiene el impacto cultural que ten\u00eda hace siete u ocho a\u00f1os, por lo que su futuro sigue siendo incierto. Por lo tanto, cabe preguntarse si un personaje tan poco conocido como Balder el Valiente llegar\u00e1 a formar parte de su historia. El tiempo lo dir\u00e1.<\/p>\n<p> Si buscas la forma m\u00e1s sencilla de estar al d\u00eda de las \u00faltimas noticias de cine y televisi\u00f3n, suscr\u00edbete a nuestro bolet\u00edn gratuito. Tambi\u00e9n puedes a\u00f1adirnos a tu lista de fuentes de b\u00fasqueda preferidas en Google.<\/p>\n<p> Lee el art\u00edculo original en SlashFilm.<\/p>","protected":false},"excerpt":{"rendered":"<p>Los inicios del Universo Cinematogr\u00e1fico de Marvel fueron complicados. Las dos primeras pel\u00edculas de la franquicia, Iron Man de Jon Favreau y El incre\u00edble Hulk de Louis Leterrier (ambas de 2008),\u2026<\/p>","protected":false},"author":1,"featured_media":17047,"comment_status":"open","ping_status":"closed","sticky":false,"template":"","format":"standard","meta":{"footnotes":""},"categories":[6],"tags":[],"class_list":["post-17046","post","type-post","status-publish","format-standard","has-post-thumbnail","hentry","category-kinoindustriya","hvn-theme-has-thumbnail"],"_links":{"self":[{"href":"https:\/\/imgist.ru\/es\/wp-json\/wp\/v2\/posts\/17046","targetHints":{"allow":["GET"]}}],"collection":[{"href":"https:\/\/imgist.ru\/es\/wp-json\/wp\/v2\/posts"}],"about":[{"href":"https:\/\/imgist.ru\/es\/wp-json\/wp\/v2\/types\/post"}],"author":[{"embeddable":true,"href":"https:\/\/imgist.ru\/es\/wp-json\/wp\/v2\/users\/1"}],"replies":[{"embeddable":true,"href":"https:\/\/imgist.ru\/es\/wp-json\/wp\/v2\/comments?post=17046"}],"version-history":[{"count":2,"href":"https:\/\/imgist.ru\/es\/wp-json\/wp\/v2\/posts\/17046\/revisions"}],"predecessor-version":[{"id":160517,"href":"https:\/\/imgist.ru\/es\/wp-json\/wp\/v2\/posts\/17046\/revisions\/160517"}],"wp:featuredmedia":[{"embeddable":true,"href":"https:\/\/imgist.ru\/es\/wp-json\/wp\/v2\/media\/17047"}],"wp:attachment":[{"href":"https:\/\/imgist.ru\/es\/wp-json\/wp\/v2\/media?parent=17046"}],"wp:term":[{"taxonomy":"category","embeddable":true,"href":"https:\/\/imgist.ru\/es\/wp-json\/wp\/v2\/categories?post=17046"},{"taxonomy":"post_tag","embeddable":true,"href":"https:\/\/imgist.ru\/es\/wp-json\/wp\/v2\/tags?post=17046"}],"curies":[{"name":"wp","href":"https:\/\/api.w.org\/{rel}","templated":true}]}}