{"id":17306,"date":"2026-06-08T00:21:26","date_gmt":"2026-06-07T21:21:26","guid":{"rendered":"https:\/\/imgist.ru\/pricheska-mirandy-kerr-na-met-gala-byla-vypolnena-s-ispolzovaniem-glyanczevogo-bleska\/"},"modified":"2026-08-29T12:19:46","modified_gmt":"2026-08-29T09:19:46","slug":"el-peinado-de-miranda-kerr-en-la-gala-del-met-lucia-un-brillo-intenso","status":"publish","type":"post","link":"https:\/\/imgist.ru\/es\/pricheska-mirandy-kerr-na-met-gala-byla-vypolnena-s-ispolzovaniem-glyanczevogo-bleska\/","title":{"rendered":"El peinado de Miranda Kerr en la Gala del Met ten\u00eda un acabado brillante."},"content":{"rendered":"<p>El look de Miranda Kerr en la Gala del Met fue obra de la estilista de celebridades Erica Verrett, quien cre\u00f3 un peinado radiante con raya al medio, inspirado en la frescura de la primavera y la delicada belleza de los lirios del valle. El vestido blanco de Dior de Miranda caus\u00f3 sensaci\u00f3n, mientras que su peinado cre\u00f3 un contraste m\u00e1s sutil. <\/p>\n<p> Miranda Kerr en la Gala Met 2026 con un vestido blanco y un peinado semirecogido brillante, estilizado con productos Glaze.<\/p>\n<p> <em>\u00abLa inspiraci\u00f3n fue la frescura de la primavera, como la de los lirios del valle: ligeros, et\u00e9reos y ligeramente despreocupados, con un movimiento natural que parece tan espont\u00e1neo como el primer d\u00eda c\u00e1lido de la estaci\u00f3n\u00bb.<\/em> Erica explic\u00f3.<\/p>\n<p> La base de este look fue Glaze Supergloss en tono Sheer Glow. Aplicado sobre el cabello limpio y h\u00famedo y dejado actuar durante 10 minutos, cre\u00f3 ese brillo radiante t\u00edpico de los tratamientos de sal\u00f3n. Adem\u00e1s de brillo, su f\u00f3rmula ayuda a intensificar el color, mejorar la suavidad e hidratar el cabello, dej\u00e1ndolo m\u00e1s sano y suave al tacto hasta por 10 lavados.<\/p>\n<p> Tras enjuagar, Erica aplic\u00f3 el spray Glaze MirrorGlaze Super Sleek Shine en medios y puntas, y luego sec\u00f3 el cabello con un cepillo redondo. Este paso est\u00e1 dise\u00f1ado para realzar el brillo, controlar el encrespamiento y proteger el cabello del calor de las herramientas de peinado. Su f\u00f3rmula tambi\u00e9n ayuda a protegerlo de la humedad, lo que resulta especialmente \u00fatil para mantenerlo impecable durante un evento prolongado.<\/p>\n<p> Tras secarse el cabello, Erica le dio forma con una plancha y un cepillo redondo, logrando suavidad y movimiento sin perder brillo. Finalmente, se le pein\u00f3 el cabello en una media coleta suelta, dejando las puntas cayendo libremente sobre los hombros de Miranda.<\/p>\n<p> En una noche en la que las declaraciones de belleza audaces suelen dominar la conversaci\u00f3n, el enfoque de Miranda demostr\u00f3 que un brillo excepcional puede ser igual de impresionante.<\/p>","protected":false},"excerpt":{"rendered":"<p>El look de Miranda Kerr en la Gala del Met fue ideado por la estilista de celebridades Erica Verrett, quien cre\u00f3 un radiante recogido parcial inspirado en la frescura de la primavera y\u2026<\/p>","protected":false},"author":1,"featured_media":17307,"comment_status":"open","ping_status":"closed","sticky":false,"template":"","format":"standard","meta":{"footnotes":""},"categories":[5],"tags":[],"class_list":["post-17306","post","type-post","status-publish","format-standard","has-post-thumbnail","hentry","category-selebriti","hvn-theme-has-thumbnail"],"_links":{"self":[{"href":"https:\/\/imgist.ru\/es\/wp-json\/wp\/v2\/posts\/17306","targetHints":{"allow":["GET"]}}],"collection":[{"href":"https:\/\/imgist.ru\/es\/wp-json\/wp\/v2\/posts"}],"about":[{"href":"https:\/\/imgist.ru\/es\/wp-json\/wp\/v2\/types\/post"}],"author":[{"embeddable":true,"href":"https:\/\/imgist.ru\/es\/wp-json\/wp\/v2\/users\/1"}],"replies":[{"embeddable":true,"href":"https:\/\/imgist.ru\/es\/wp-json\/wp\/v2\/comments?post=17306"}],"version-history":[{"count":1,"href":"https:\/\/imgist.ru\/es\/wp-json\/wp\/v2\/posts\/17306\/revisions"}],"predecessor-version":[{"id":160818,"href":"https:\/\/imgist.ru\/es\/wp-json\/wp\/v2\/posts\/17306\/revisions\/160818"}],"wp:featuredmedia":[{"embeddable":true,"href":"https:\/\/imgist.ru\/es\/wp-json\/wp\/v2\/media\/17307"}],"wp:attachment":[{"href":"https:\/\/imgist.ru\/es\/wp-json\/wp\/v2\/media?parent=17306"}],"wp:term":[{"taxonomy":"category","embeddable":true,"href":"https:\/\/imgist.ru\/es\/wp-json\/wp\/v2\/categories?post=17306"},{"taxonomy":"post_tag","embeddable":true,"href":"https:\/\/imgist.ru\/es\/wp-json\/wp\/v2\/tags?post=17306"}],"curies":[{"name":"wp","href":"https:\/\/api.w.org\/{rel}","templated":true}]}}