{"id":18134,"date":"2026-06-11T22:34:16","date_gmt":"2026-06-11T19:34:16","guid":{"rendered":"http:\/\/imgist.ru\/studiya-marvel-oficzialno-proignoriruet-kanon-kinovselennoj-marvel-v-svoem-sleduyushhem-seriale-dlya-disney\/"},"modified":"2026-08-24T13:56:43","modified_gmt":"2026-08-24T10:56:43","slug":"marvel-studios-ignorara-oficialmente-el-canon-del-universo-cinematografico-de-marvel-en-su-proxima-serie-de-disney","status":"publish","type":"post","link":"https:\/\/imgist.ru\/es\/studiya-marvel-oficzialno-proignoriruet-kanon-kinovselennoj-marvel-v-svoem-sleduyushhem-seriale-dlya-disney\/","title":{"rendered":"Marvel Studios ignorar\u00e1 oficialmente el canon del Universo Cinematogr\u00e1fico de Marvel en su pr\u00f3xima serie de Disney+."},"content":{"rendered":"<p>El tr\u00e1iler de la pr\u00f3xima serie de Marvel Studios para Disney+ confirm\u00f3 que seguir\u00e1 siendo independiente del Universo Cinematogr\u00e1fico de Marvel y que, una vez m\u00e1s, seguir\u00e1 su propio camino. La mayor\u00eda de las series del UCM en Disney+ se han ambientado en la Tierra-616, presentando personajes ya conocidos o con potencial para aparecer en el universo m\u00e1s amplio. Sin embargo, ha habido excepciones a esta regla, como las series animadas de Marvel, que han explorado otros rincones del Multiverso, sin estar sujetas al canon del UCM.<\/p>\n<p> Marvel Studios y Disney+ lanzaron recientemente el primer tr\u00e1iler de la segunda temporada de X-Men &#039;97 de Marvel Animation, confirmando que ser\u00e1 la pr\u00f3xima serie de Marvel Studios, que se estrenar\u00e1 el mi\u00e9rcoles 1 de julio, y que una vez m\u00e1s estar\u00e1 ambientada fuera del canon del Universo Cinematogr\u00e1fico de Marvel (MCU).<\/p>\n<figure><figcaption> Marvel Animation<\/figcaption><\/figure>\n<p> A pesar de los sucesos del final de la primera temporada, que dispersaron a los X-Men a trav\u00e9s del tiempo, parece que permanecieron en su Tierra. As\u00ed que, aunque X-Men &#039;97 regresa como parte de la Fase Seis y de camino a Avengers: Judgment Day, los fans no deber\u00edan esperar ninguna &quot;Invasi\u00f3n&quot; ni crossovers multiversales.<\/p>\n<p> Aunque X-Men &#039;97 no forma parte del canon del UCM, este a\u00f1o cobra m\u00e1s relevancia que nunca, ya que Marvel Studios est\u00e1 centrando su atenci\u00f3n en los mutantes. Adem\u00e1s de una serie animada independiente, Spider-Man: New Day podr\u00eda incluir a Jean Grey, Avengers: Doomsday traer\u00e1 de vuelta a los X-Men de Fox, y se est\u00e1 trabajando tras bambalinas en un nuevo reinicio dirigido por Jake Schreier.<\/p>\n<h2> Explicaci\u00f3n del canon y el no canon de las pr\u00f3ximas series de Marvel en Disney+.<\/h2>\n<h3> Quinta temporada de la serie animada de Marvel Spider-Man y sus incre\u00edbles amigos.\u00ab<\/h3>\n<figure><figcaption> Disney Jr.<\/figcaption><\/figure>\n<p> La quinta temporada de la serie animada &quot;Spider-Man y sus incre\u00edbles amigos&quot; est\u00e1 a la vuelta de la esquina: se estrena el 13 de julio en Disney Jr. y al d\u00eda siguiente en Disney+. Como de costumbre, esta serie preescolar es completamente independiente del Universo Cinematogr\u00e1fico de Marvel, manteniendo la trama original y sin presentar a sus personajes de forma demasiado similar a los de otras series.<\/p>\n<p> La quinta temporada, como de costumbre, trae nuevos personajes conocidos al divertido y amigable mundo de Marvel, incluyendo una versi\u00f3n joven de Mister Fantastic y los \u00edconos de Guardianes de la Galaxia, Rocket y Groot.<\/p>\n<p> Dado que Reed Richards, interpretado por Pedro Pascal, tendr\u00e1 un papel importante en Avengers: Doomsday y Secret Wars, pel\u00edculas que tambi\u00e9n contar\u00e1n con varias versiones de Spider-Man, es posible que esta no sea la \u00faltima vez que el superh\u00e9roe se encuentre con los Cuatro Fant\u00e1sticos en un futuro pr\u00f3ximo.<\/p>\n<h3> Tu amigable vecino Spider-Man, temporada 2<\/h3>\n<figure><figcaption> Marvel Animation<\/figcaption><\/figure>\n<p> Hubo un tiempo en que Your Friendly Neighborhood Spider-Man se desarroll\u00f3 como parte integral del Universo Cinematogr\u00e1fico de Marvel y como una precuela de Capit\u00e1n Am\u00e9rica: Civil War de Marvel Studios, que se supon\u00eda que contar\u00eda los or\u00edgenes y la juventud de Peter Parker, interpretado por Tom Holland.<\/p>\n<p> Sin embargo, los planes cambiaron y la primera temporada del a\u00f1o pasado se traslad\u00f3 a un universo alternativo, similar pero no id\u00e9ntico al Universo Cinematogr\u00e1fico de Marvel. Por ejemplo, la batalla del aeropuerto de Capit\u00e1n Am\u00e9rica: Civil War se emiti\u00f3 por televisi\u00f3n, pero sin Spider-Man.<\/p>\n<p> Si &quot;Tu vecino Spider-Man&quot; contin\u00faa por este camino, las pr\u00f3ximas temporadas ofrecer\u00e1n nuevas perspectivas sobre Thanos y el Chasquido. En la segunda temporada, los fans podr\u00e1n ver m\u00e1s de Daredevil, interpretado por Charlie Cox, y conocer a villanos que aparecer\u00e1n en &quot;Spider-Man: Un nuevo d\u00eda&quot;, como Scorpion y Tombstone.<\/p>\n<h3> VisionQuest<\/h3>\n<figure><figcaption> Marvel Television<\/figcaption><\/figure>\n<p> Si bien gran parte del contenido que Marvel Studios lanzar\u00e1 pr\u00f3ximamente en Disney+ no es can\u00f3nico, o al menos es opcional, VisionQuest tiene todos los ingredientes para ser una parte importante de la historia del Universo Cinematogr\u00e1fico de Marvel en la antesala de Doomsday y Secret Wars.<\/p>\n<p> VisionQuest no solo es una secuela directa de dos series anteriores de Disney+ \u2014WandaVision y Agatha All Along\u2014, sino que tambi\u00e9n contin\u00faa la saga del veterano superh\u00e9roe del Universo Cinematogr\u00e1fico de Marvel, Visi\u00f3n, interpretado por Paul Bettany. Si bien este Vengador sint\u00e9tico a\u00fan no forma parte del elenco de Doomsday ni de Secret Wars, sus hijos podr\u00edan tener un papel importante.<\/p>\n<p> Seg\u00fan los informes, el equipo de los J\u00f3venes Vengadores tendr\u00e1 un papel clave en la conclusi\u00f3n de la saga del Multiverso, probablemente junto con Wiccan, interpretado por Joe Locke, y Speed, interpretado por Ruaridh Mollica. Dada la participaci\u00f3n confirmada de Mollica y los rumores de que Locke aparecer\u00e1 en VisionQuest, esta serie podr\u00eda preparar indirectamente el terreno para las pr\u00f3ximas pel\u00edculas de los Vengadores de Marvel Studios (o al menos para Secret Wars), que se estrenar\u00e1n el 14 de octubre.<\/p>\n<h3> Daredevil: Renacimiento, Temporada 3<\/h3>\n<figure><figcaption> Marvel Television<\/figcaption><\/figure>\n<p> Si bien la canonicidad de la saga original de los Defenders de Netflix era cuestionable, Daredevil: Rebirth dej\u00f3 claro que toda la mitolog\u00eda de las pandillas callejeras de Nueva York es y siempre ha sido parte del Universo Cinematogr\u00e1fico de Marvel.<\/p>\n<p> Sin embargo, el reinicio de Disney+ a\u00fan no se ha vinculado mucho m\u00e1s al Universo Cinematogr\u00e1fico de Marvel que la serie de Netflix. El showrunner Dario Scardapane explic\u00f3 que &quot;Born Again&quot; tiene entidad propia. <strong>\u00ab&quot;universo&quot;\u00bb<\/strong> El Universo Cinematogr\u00e1fico de Marvel, aunque sus h\u00e9roes y villanos pueden <strong>\u00ab&quot;descansar&quot;\u00bb<\/strong> y participar en otros proyectos.<\/p>\n<p> La tercera temporada de Born Again, cuyo estreno est\u00e1 previsto para marzo de 2027, se enfrentar\u00e1 a importantes limitaciones de tiempo, ya que se emitir\u00e1 entre las pr\u00f3ximas pel\u00edculas de los Vengadores de Marvel Studios. Sin embargo, es probable que ignore el caos multiversal de Doomsday para centrarse en sus propios acontecimientos, aunque es posible que incluya algunas referencias a Spider-Man: New Day o Punisher: The Last Kill.<\/p>\n<h3> Marvel Zombies, Temporada 2<\/h3>\n<figure><figcaption> Marvel Animation<\/figcaption><\/figure>\n<p> Aunque Marvel Zombies comenz\u00f3 en un mundo no muy diferente al de la Tierra-616, el apocalipsis zombi dej\u00f3 tras de s\u00ed una realidad muy distinta, en la que muchos personajes favoritos de los fans ya han perecido. La pr\u00f3xima segunda temporada sin duda seguir\u00e1 explorando el mundo de los supervivientes e introducir\u00e1 nuevas versiones de los queridos personajes del Universo Cinematogr\u00e1fico de Marvel.<\/p>\n<p> Curiosamente, la primera temporada de &quot;Marvel Zombies&quot; termin\u00f3 con un gui\u00f1o a la trilog\u00eda de &quot;WandaVision&quot;, ya que la Reina de los Muertos, interpretada por Elizabeth Olsen, atrap\u00f3 a los supervivientes del apocalipsis en una versi\u00f3n completamente nueva de &quot;El Conjuro&quot;. Muchos especulan que estos mismos actores pronto formar\u00e1n parte del plan del Doctor Doom para crear un Battleworld dentro de Doomsday.<\/p>\n<p> Tras su primera temporada, Marvel Zombies tambi\u00e9n present\u00f3 a j\u00f3venes hero\u00ednas como Kamala Khan como salvadoras del mundo, un tema que, como ya se ha comentado, podr\u00eda integrarse en el canon principal del UCM con el estreno de Secret Wars. As\u00ed pues, aunque esta \u00e9pica historia de zombis se desarrolla por su cuenta, parece compartir similitudes tem\u00e1ticas con lo que est\u00e1 por venir.<\/p>\n<h3> \u00abMiracle Man, Temporada 2<\/h3>\n<figure><figcaption> Marvel Television<\/figcaption><\/figure>\n<p> Al igual que Daredevil: Rebirth, la segunda temporada de Wonder Man permanece firmemente arraigada en la venerada l\u00ednea temporal del Universo Cinematogr\u00e1fico de Marvel, aunque algo desconectada. El equipo de Wonder Man ha prometido que la segunda temporada no ser\u00e1... <strong>\u00ab&quot;Una serie completamente diferente.&quot;.<\/strong><strong> <\/strong>Y la atenci\u00f3n sigue centrada en la amistad entre los dos actores.<\/p>\n<p> Esto demuestra claramente que los fans no deber\u00edan esperar que Simon Williams, interpretado por Yahya Abdul-Mateen II, se transforme repentinamente en su contraparte en la pantalla, Wonder Man, y se convierta en un superh\u00e9roe digno de unirse a los Vengadores en los pr\u00f3ximos dos a\u00f1os.<\/p>\n<p> Existe la oportunidad de integrar a\u00fan m\u00e1s a Wonder Man al Universo Cinematogr\u00e1fico de Marvel, tal vez invitando a William Metzger, interpretado por Tramell Tillman, de Spider-Man: New Day de Marvel Studios, a unirse a Damage Control. Si los rumores son ciertos y Damage Control caza mutantes, es posible que el propio Williams posea el gen X.<\/p>","protected":false},"excerpt":{"rendered":"<p>El tr\u00e1iler de la pr\u00f3xima serie de Marvel Studios para Disney+ confirm\u00f3 que sigue sin ser can\u00f3nica dentro del Universo Cinematogr\u00e1fico de Marvel y que, una vez m\u00e1s, seguir\u00e1 su propio camino. En su mayor parte\u2026<\/p>","protected":false},"author":1,"featured_media":18135,"comment_status":"open","ping_status":"closed","sticky":false,"template":"","format":"standard","meta":{"footnotes":""},"categories":[6],"tags":[],"class_list":["post-18134","post","type-post","status-publish","format-standard","has-post-thumbnail","hentry","category-kinoindustriya","hvn-theme-has-thumbnail"],"_links":{"self":[{"href":"https:\/\/imgist.ru\/es\/wp-json\/wp\/v2\/posts\/18134","targetHints":{"allow":["GET"]}}],"collection":[{"href":"https:\/\/imgist.ru\/es\/wp-json\/wp\/v2\/posts"}],"about":[{"href":"https:\/\/imgist.ru\/es\/wp-json\/wp\/v2\/types\/post"}],"author":[{"embeddable":true,"href":"https:\/\/imgist.ru\/es\/wp-json\/wp\/v2\/users\/1"}],"replies":[{"embeddable":true,"href":"https:\/\/imgist.ru\/es\/wp-json\/wp\/v2\/comments?post=18134"}],"version-history":[{"count":7,"href":"https:\/\/imgist.ru\/es\/wp-json\/wp\/v2\/posts\/18134\/revisions"}],"predecessor-version":[{"id":139305,"href":"https:\/\/imgist.ru\/es\/wp-json\/wp\/v2\/posts\/18134\/revisions\/139305"}],"wp:featuredmedia":[{"embeddable":true,"href":"https:\/\/imgist.ru\/es\/wp-json\/wp\/v2\/media\/18135"}],"wp:attachment":[{"href":"https:\/\/imgist.ru\/es\/wp-json\/wp\/v2\/media?parent=18134"}],"wp:term":[{"taxonomy":"category","embeddable":true,"href":"https:\/\/imgist.ru\/es\/wp-json\/wp\/v2\/categories?post=18134"},{"taxonomy":"post_tag","embeddable":true,"href":"https:\/\/imgist.ru\/es\/wp-json\/wp\/v2\/tags?post=18134"}],"curies":[{"name":"wp","href":"https:\/\/api.w.org\/{rel}","templated":true}]}}