{"id":18225,"date":"2026-06-12T14:41:44","date_gmt":"2026-06-12T11:41:44","guid":{"rendered":"https:\/\/imgist.ru\/zhizel-byundhen-govorit-chto-otkaz-povliyal-na-ee-samooczenku-i-kareru-modeli\/"},"modified":"2026-08-25T12:05:39","modified_gmt":"2026-08-25T09:05:39","slug":"giselle-bundhen-afirma-que-el-rechazo-afecto-su-autoestima-y-su-carrera-como-modelo","status":"publish","type":"post","link":"https:\/\/imgist.ru\/es\/zhizel-byundhen-govorit-chto-otkaz-povliyal-na-ee-samooczenku-i-kareru-modeli\/","title":{"rendered":"Gisele B\u00fcndchen afirma que el &quot;rechazo&quot; afect\u00f3 a su autoestima y a su carrera como modelo."},"content":{"rendered":"<p>Supermodelo <strong>Gisele B\u00fcndchen<\/strong> \u00a1Reflexiona sobre su ascenso a la fama!<\/p>\n<p> La personalidad medi\u00e1tica, que ha dominado el mundo de la moda durante m\u00e1s de una d\u00e9cada, repas\u00f3 recientemente su brillante carrera y c\u00f3mo el rechazo jug\u00f3 un papel clave en su \u00e9xito.<\/p>\n<p> Adem\u00e1s de su carrera como modelo, Gisele B\u00fcndchen se ha hecho famosa como activista y ha protagonizado pel\u00edculas como Taxi, de 2004.<\/p>\n<p> <strong>Gisele B\u00fcndchen comparte su historia de \u00e9xito, que comenz\u00f3 desde la pobreza.<\/strong> <\/p>\n<figure><figcaption> MEGA<\/figcaption><\/figure>\n<p> En una entrevista publicada el 10 de junio, B\u00fcndchen habl\u00f3 con franqueza sobre c\u00f3mo su camino a la fama no fue tan f\u00e1cil como muchos cre\u00edan. La belleza brasile\u00f1a, como la mayor\u00eda de las personas, se enfrent\u00f3 al rechazo, pero utiliz\u00f3 estos contratiempos como motivaci\u00f3n, no como fuente de desesperaci\u00f3n. Esto fue lo que escribi\u00f3:<\/p>\n<blockquote>\n<blockquote>\n<p> \u00ab&quot;El rechazo me ense\u00f1\u00f3 resiliencia y que no debes basar tu autoestima en lo que piensen los dem\u00e1s.&quot;.<\/p>\n<\/blockquote>\n<\/blockquote>\n<p> \u00abUn d\u00eda, iba constantemente a audiciones y me rechazaban una y otra vez, y de repente empec\u00e9 a trabajar sin parar\u00bb, cont\u00f3 B\u00fcndchen a la revista W. Al principio, cre\u00eda que la eleg\u00edan para los papeles por su f\u00edsico, pero despu\u00e9s se dio cuenta de que su personalidad tambi\u00e9n influy\u00f3 en su \u00e9xito.<\/p>\n<h2> <strong>La carrera de la supermodelo comenz\u00f3 con el eslogan &quot;El regreso de la modelo sexy&quot;.<\/strong><\/h2>\n<figure><figcaption> MEGA<\/figcaption><\/figure>\n<p> En cuanto a lo que transform\u00f3 el rechazo en aceptaci\u00f3n para B\u00fcndchen, ella afirm\u00f3 que ocurri\u00f3 cuando la gente comenz\u00f3 a asociarla con &quot;revivir la imagen de modelo sexy&quot;. Sin embargo, sostuvo que nunca intent\u00f3 crear una imagen sexy para llamar la atenci\u00f3n.<\/p>\n<p> \u00abLa confianza y la salud pueden percibirse naturalmente como sensualidad... Yo simplemente era yo misma\u00bb, dijo B\u00fcndchen sobre su ascenso a la fama. Aunque nunca esper\u00f3 ser considerada el nuevo est\u00e1ndar de sexualidad, B\u00fcndchen disfrut\u00f3 cada minuto bajo los reflectores, diciendo:<\/p>\n<blockquote>\n<blockquote>\n<p> \u00ab&quot;Estaba llena de vida y feliz de estar all\u00ed. La moda estaba cambiando en ese momento, y quiz\u00e1s yo representaba un esp\u00edritu m\u00e1s sano y en\u00e9rgico. Sigue siendo una de mis portadas favoritas de la revista W porque me retrat\u00f3 de una manera natural, relajada y muy honesta.&quot;.<\/p>\n<\/blockquote>\n<\/blockquote>\n<h2> <strong>La belleza brasile\u00f1a gan\u00f3 a\u00fan m\u00e1s fama gracias a su &quot;paso de caballo&quot;.<\/strong><\/h2>\n<figure><figcaption> MEGA<\/figcaption><\/figure>\n<p> Otro motivo de la gran fama de B\u00fcndchen fue su peculiar &quot;paso de caballo&quot;, que consist\u00eda en zapatear con energ\u00eda, llegando incluso a romperle los tacones en la pasarela. Cuando le preguntaron c\u00f3mo hab\u00eda desarrollado esta singular forma de andar, B\u00fcndchen respondi\u00f3 que le hab\u00eda surgido de forma natural.<\/p>\n<p> La modelo afirma que su infancia en Brasil gir\u00f3 en torno al deporte y a su figura, lo que probablemente influy\u00f3 en sus movimientos en la pasarela. Explic\u00f3 que, al calzar un n\u00famero 38 y medir 178 cm, ten\u00eda que caminar con una postura erguida para mantener el equilibrio con tacones altos.<\/p>\n<p> \u00abCreo que el paso de caballo se populariz\u00f3 porque me dio confianza. Para m\u00ed, desfilar nunca fue solo cuesti\u00f3n de ropa, sino de confianza\u00bb, dijo B\u00fcndchen. De manera similar, reflexion\u00f3 sobre su ascenso a la fama en una emotiva publicaci\u00f3n en redes sociales, compartiendo lecciones de vida.<\/p>\n<h2> <strong>Esta personalidad de los medios es una pionera en el mundo del modelaje.<\/strong><\/h2>\n<blockquote><p> Una publicaci\u00f3n compartida por Gisele B\u00fcndchen (@gisele)<\/p><\/blockquote>\n<p> B\u00fcndchen comparti\u00f3 en Instagram su \u00faltima portada de la revista W, junto con todas las portadas en las que ha aparecido para la publicaci\u00f3n. En el pie de foto, reflexion\u00f3 sobre su trayectoria en la revista y anunci\u00f3 un logro reciente.<\/p>\n<p> B\u00fcndchen afirma ser la primera modelo en aparecer en la portada de la revista W m\u00e1s veces que nadie. Se\u00f1al\u00f3 que los recuerdos de todas las veces que pos\u00f3 para la revista le traen emociones agradables y le recuerdan todo lo que sucedi\u00f3 entretanto.<\/p>\n<p> B\u00fcndchen expres\u00f3 su inmensa gratitud por su \u00e9xito, escribiendo: &quot;Cuando hice mi primera portada en 1999, era solo una jovencita persiguiendo un sue\u00f1o&quot;. Comparti\u00f3 sus reflexiones sobre las &quot;experiencias, lecciones y personas que la ayudaron a formarse&quot; a lo largo del camino y les agradeci\u00f3 su apoyo.<\/p>\n<h2> <strong>Gisele B\u00fcndchen anunci\u00f3 su retirada de las pasarelas en 2015.<\/strong><\/h2>\n<blockquote><p> Una publicaci\u00f3n compartida por Gisele B\u00fcndchen (@gisele)<\/p><\/blockquote>\n<p> B\u00fcndchen no tiene reparos en reflexionar sobre su brillante carrera, y en abril de 2015 hizo una reflexi\u00f3n sobre sus \u00e9xitos. Comparti\u00f3 una foto antigua en Instagram, acompa\u00f1ada de un extenso mensaje en el que anunciaba su retirada de las pasarelas.<\/p>\n<p> Como siempre, B\u00fcndchen expres\u00f3 su gratitud por sus logros, explicando que su trayectoria como modelo comenz\u00f3 a la temprana edad de 14 a\u00f1os. Tras 20 a\u00f1os de influyente trabajo en las pasarelas, B\u00fcndchen anunci\u00f3 que era hora de retirarse y centrarse en &quot;otros aspectos del negocio&quot;.<\/p>\n<p> Como informa TODAY, B\u00fcndchen desfil\u00f3 por \u00faltima vez en la Semana de la Moda de S\u00e3o Paulo en 2015. En una entrevista, explic\u00f3 que se dio cuenta de que era hora de dejar de depender de las se\u00f1ales de su cuerpo y opt\u00f3 por respetarlas en lugar de poner a prueba sus l\u00edmites.<\/p>\n<p> \u00bfQu\u00e9 m\u00e1s compartir\u00e1 Gisele B\u00fcndchen?<\/p>\n<p> <strong>Lea tambi\u00e9n:<\/strong> Gisele B\u00fcndchen revela su sorprendente cura para la ansiedad.<\/p>","protected":false},"excerpt":{"rendered":"<p>\u00a1La supermodelo Gisele B\u00fcndchen reflexiona sobre su ascenso a la fama! La personalidad medi\u00e1tica, que ha dominado el mundo de la moda durante m\u00e1s de una d\u00e9cada, repas\u00f3 recientemente su brillante carrera\u2026<\/p>","protected":false},"author":1,"featured_media":18226,"comment_status":"open","ping_status":"closed","sticky":false,"template":"","format":"standard","meta":{"footnotes":""},"categories":[5],"tags":[],"class_list":["post-18225","post","type-post","status-publish","format-standard","has-post-thumbnail","hentry","category-selebriti","hvn-theme-has-thumbnail"],"_links":{"self":[{"href":"https:\/\/imgist.ru\/es\/wp-json\/wp\/v2\/posts\/18225","targetHints":{"allow":["GET"]}}],"collection":[{"href":"https:\/\/imgist.ru\/es\/wp-json\/wp\/v2\/posts"}],"about":[{"href":"https:\/\/imgist.ru\/es\/wp-json\/wp\/v2\/types\/post"}],"author":[{"embeddable":true,"href":"https:\/\/imgist.ru\/es\/wp-json\/wp\/v2\/users\/1"}],"replies":[{"embeddable":true,"href":"https:\/\/imgist.ru\/es\/wp-json\/wp\/v2\/comments?post=18225"}],"version-history":[{"count":3,"href":"https:\/\/imgist.ru\/es\/wp-json\/wp\/v2\/posts\/18225\/revisions"}],"predecessor-version":[{"id":142445,"href":"https:\/\/imgist.ru\/es\/wp-json\/wp\/v2\/posts\/18225\/revisions\/142445"}],"wp:featuredmedia":[{"embeddable":true,"href":"https:\/\/imgist.ru\/es\/wp-json\/wp\/v2\/media\/18226"}],"wp:attachment":[{"href":"https:\/\/imgist.ru\/es\/wp-json\/wp\/v2\/media?parent=18225"}],"wp:term":[{"taxonomy":"category","embeddable":true,"href":"https:\/\/imgist.ru\/es\/wp-json\/wp\/v2\/categories?post=18225"},{"taxonomy":"post_tag","embeddable":true,"href":"https:\/\/imgist.ru\/es\/wp-json\/wp\/v2\/tags?post=18225"}],"curies":[{"name":"wp","href":"https:\/\/api.w.org\/{rel}","templated":true}]}}