{"id":19314,"date":"2026-06-25T22:34:59","date_gmt":"2026-06-25T19:34:59","guid":{"rendered":"https:\/\/imgist.ru\/studiya-dc-predstavila-vtoroj-v-istorii-kostyum-flesha\/"},"modified":"2026-08-24T14:00:24","modified_gmt":"2026-08-24T11:00:24","slug":"dc-studios-presento-el-segundo-traje-de-carne-de-la-historia","status":"publish","type":"post","link":"https:\/\/imgist.ru\/es\/studiya-dc-predstavila-vtoroj-v-istorii-kostyum-flesha\/","title":{"rendered":"DC Studios ha presentado el segundo traje de Flash."},"content":{"rendered":"<p>El primer dise\u00f1o de Flash de DC Studios finalmente ha sido revelado en medio de la continua ausencia del Velocista Escarlata del Universo DC. Tras concluir su participaci\u00f3n de nueve temporadas en Arrow de The CW en 2023, seguida de la serie The Flash en el Universo Cinematogr\u00e1fico de DC, el querido velocista de la Liga de la Justicia enfrenta un momento dif\u00edcil antes de su debut en el Universo DC. Desafortunadamente, Flash fue omitido del plan original para el primer cap\u00edtulo del Universo DC y permanece fuera de \u00e9l a\u00f1os despu\u00e9s, lo que ha generado controversia entre algunos fan\u00e1ticos, especialmente con proyectos m\u00e1s extravagantes como Clayface en desarrollo.<\/p>\n<p> Warner Bros. Animation y DC Studios est\u00e1n causando sensaci\u00f3n en el Festival de Cine de Annecy con un nuevo banner dedicado a sus pr\u00f3ximos proyectos (seg\u00fan Discussing Film). Cabe destacar que este tr\u00e1iler animado incluye una escena con Jesse Quick, una versi\u00f3n de Flash, luciendo su traje de superhero\u00edna en una futura serie de televisi\u00f3n.<\/p>\n<figure><figcaption> Estudios DC<\/figcaption><\/figure>\n<p> Una versi\u00f3n femenina de Flash ser\u00e1 un personaje principal en DC Super Powers, una serie infantil de Elseworlds en la que ella y otros j\u00f3venes h\u00e9roes asisten a la Escuela de la Alianza para H\u00e9roes bajo la tutela del director Martian Manhunter. Las ilustraciones del festival de Annecy tambi\u00e9n muestran por primera vez a sus compa\u00f1eros de clase, Black Lightning y Plastic Man, a quienes se unir\u00e1n Terra, Aquagirl y Guy Gardner\/Green Lantern.<\/p>\n<figure><figcaption> Estudios DC<\/figcaption><\/figure>\n<p> Por supuesto, el Flash del universo de DC Super Powers no es Barry Allen ni Wally West; es Jesse Chambers, tambi\u00e9n conocida como Jesse Quick, la hija del velocista de la Edad de Oro que, a una edad temprana, aprendi\u00f3 la ecuaci\u00f3n de su padre que le permiti\u00f3 acceder a la Fuerza de la Velocidad.<\/p>\n<figure><figcaption> Estudios DC \/ DC Comics<\/figcaption><\/figure>\n<p> En el Arrowverso de The CW, Violett Beane interpret\u00f3 a Jessie Quick, la hija de Harrison Wells de Tierra-2, y obtuvo sus poderes en la tercera temporada de The Flash como resultado de recrear la explosi\u00f3n del acelerador de part\u00edculas que dio origen a los metahumanos en toda Central City.<\/p>\n<figure><figcaption> DC Studios \/ The CW<\/figcaption><\/figure>\n<p> La novena temporada de The Flash concluy\u00f3 en mayo de 2023, y apenas un mes despu\u00e9s, en junio de 2023, se estren\u00f3 la pel\u00edcula del DCEU del mismo nombre protagonizada por Ezra Miller, que fracas\u00f3 en taquilla antes del reinicio del DCCU de James Gunn y provoc\u00f3 que el personaje estuviera ausente de los proyectos de DC Studios hasta el d\u00eda de hoy.<\/p>\n<figure><figcaption> Estudios DC<\/figcaption><\/figure>\n<p> DC Studios revel\u00f3 brevemente el primer traje de Flash en el episodio &quot;Creature Commando&quot;, mostrando una visi\u00f3n de un futuro potencial concebido por Circe, la villana de Wonder Woman. El fallecido Scarlet Speeder del Universo DC, de pie sobre una estaca, es Wally West, a quien muchos consideran el Flash del futuro en la l\u00ednea temporal principal, en lugar de Barry Allen.<\/p>\n<figure><figcaption> Estudios DC<\/figcaption><\/figure>\n<p> A\u00fan no se conocen los detalles sobre la fecha de estreno de la pel\u00edcula DC Super Powers, pero es posible que en los pr\u00f3ximos d\u00edas surjan noticias y actualizaciones del Festival de Cine de Annecy, incluyendo informaci\u00f3n sobre qui\u00e9n interpretar\u00e1 al primer Flash en las pel\u00edculas de DC Studios.<\/p>\n<h2> \u00bfPor qu\u00e9 James Gunn est\u00e1 retrasando el debut de Flash en el DCEU?<\/h2>\n<p> La decisi\u00f3n de DC Studios de usar a Jesse Quick, en lugar de Barry Allen o Wally West, en la serie infantil Superpowers resulta bastante extra\u00f1a. Sin embargo, tambi\u00e9n podr\u00eda ser una forma inteligente de diferenciar la serie Elseworlds de los errores anteriores de Flash \u2014tanto en el DCEU como en las \u00faltimas temporadas de The CW\u2014 y de lo que est\u00e1 por venir en el Universo DC principal.<\/p>\n<p> Aunque Superman ya tendr\u00e1 una secuela, Man of Tomorrow, y Batman y Wonder Woman est\u00e1n en desarrollo, a\u00fan no hay noticias sobre la aparici\u00f3n de otros superh\u00e9roes clave de la Liga de la Justicia. El codirector ejecutivo de DC Studios, James Gunn, confirm\u00f3 el verano pasado que Flash no aparecer\u00eda. <strong>\u00ab&quot;en los pr\u00f3ximos dos a\u00f1os&quot;,<\/strong> Su debut probablemente tendr\u00e1 lugar en 2028 o incluso m\u00e1s tarde.<\/p>\n<p> Aunque Gunn no ha hecho p\u00fablicos sus planes para presentar a Flash fuera de sus proyectos de Elseworlds, recientemente se anunci\u00f3 en HBO Max la serie perfecta para su debut en el Universo DC. El estudio est\u00e1 trabajando a toda m\u00e1quina en una serie basada en hechos reales, en la que Jimmy Olsen (interpretado por Skyler Gisondo) investiga al villano de Flash, Gorilla Grodd, por lo que la inclusi\u00f3n del velocista de la Liga de la Justicia encaja a la perfecci\u00f3n.<\/p>\n<p> Esto podr\u00eda resultar complicado, ya que la serie (que se rumorea que se titular\u00e1 &quot;American Villain&quot;) comenzar\u00e1 a filmarse pronto, y el Universo DC a\u00fan no tiene un actor para interpretar a Flash, aunque Wally West surgi\u00f3 recientemente como un claro candidato. En cualquier caso, ser\u00eda un error construir una serie en torno a Grodd sin insinuar la existencia de su n\u00e9mesis, as\u00ed que quiz\u00e1s mostrar al borr\u00f3n rojo sin rostro luchando contra el malvado simio de DC podr\u00eda usarse para dar pistas sobre la existencia de Flash.<\/p>\n<p> Tras los nueve minutos que dur\u00f3 The Flash en The CW, ha pasado muy poco tiempo para una serie de televisi\u00f3n del Universo DC, y al mismo tiempo, tras el fracaso financiero de la superproducci\u00f3n del DCEU, no hay tiempo suficiente para considerar un nuevo largometraje. Esto significa que el Corredor Escarlata debutar\u00e1 en una serie animada, aparecer\u00e1 como personaje secundario en la historia de otro h\u00e9roe o permanecer\u00e1 en el olvido de los estudios DC durante al menos varios a\u00f1os.<\/p>","protected":false},"excerpt":{"rendered":"<p>Finalmente se ha revelado el primer dise\u00f1o de DC Studios para Flash, en medio de la continua ausencia del Velocista Escarlata del Universo DC. Tras concluir su emisi\u00f3n de nueve temporadas en Arrow,...<\/p>","protected":false},"author":1,"featured_media":19315,"comment_status":"open","ping_status":"closed","sticky":false,"template":"","format":"standard","meta":{"footnotes":""},"categories":[6],"tags":[],"class_list":["post-19314","post","type-post","status-publish","format-standard","has-post-thumbnail","hentry","category-kinoindustriya","hvn-theme-has-thumbnail"],"_links":{"self":[{"href":"https:\/\/imgist.ru\/es\/wp-json\/wp\/v2\/posts\/19314","targetHints":{"allow":["GET"]}}],"collection":[{"href":"https:\/\/imgist.ru\/es\/wp-json\/wp\/v2\/posts"}],"about":[{"href":"https:\/\/imgist.ru\/es\/wp-json\/wp\/v2\/types\/post"}],"author":[{"embeddable":true,"href":"https:\/\/imgist.ru\/es\/wp-json\/wp\/v2\/users\/1"}],"replies":[{"embeddable":true,"href":"https:\/\/imgist.ru\/es\/wp-json\/wp\/v2\/comments?post=19314"}],"version-history":[{"count":6,"href":"https:\/\/imgist.ru\/es\/wp-json\/wp\/v2\/posts\/19314\/revisions"}],"predecessor-version":[{"id":140246,"href":"https:\/\/imgist.ru\/es\/wp-json\/wp\/v2\/posts\/19314\/revisions\/140246"}],"wp:featuredmedia":[{"embeddable":true,"href":"https:\/\/imgist.ru\/es\/wp-json\/wp\/v2\/media\/19315"}],"wp:attachment":[{"href":"https:\/\/imgist.ru\/es\/wp-json\/wp\/v2\/media?parent=19314"}],"wp:term":[{"taxonomy":"category","embeddable":true,"href":"https:\/\/imgist.ru\/es\/wp-json\/wp\/v2\/categories?post=19314"},{"taxonomy":"post_tag","embeddable":true,"href":"https:\/\/imgist.ru\/es\/wp-json\/wp\/v2\/tags?post=19314"}],"curies":[{"name":"wp","href":"https:\/\/api.w.org\/{rel}","templated":true}]}}