{"id":1965,"date":"2026-05-30T14:18:47","date_gmt":"2026-05-30T11:18:47","guid":{"rendered":"https:\/\/imgist.ru\/posmotrite-vse-serialy-70-h-i-80-h-godov-kotorye-perezapuskayutsya\/"},"modified":"2026-08-29T10:59:43","modified_gmt":"2026-08-29T07:59:43","slug":"no-te-pierdas-las-reposiciones-de-todas-las-series-de-television-de-los-anos-70-y-80","status":"publish","type":"post","link":"https:\/\/imgist.ru\/es\/posmotrite-vse-serialy-70-h-i-80-h-godov-kotorye-perezapuskayutsya\/","title":{"rendered":"Descubre todas las series de televisi\u00f3n de los a\u00f1os 70 y 80 que est\u00e1n siendo relanzadas."},"content":{"rendered":"<h3>LO QUE NECESITA SABER <\/h3>\n<ul>\n<li>\n<p> Se han encargado varias nuevas versiones de series muy queridas de los a\u00f1os 70 y 80. <\/p>\n<\/li>\n<li>\n<p> Estreno <em>Serie de televisi\u00f3n &quot;La casa de la pradera&quot;\u00ab<\/em> Netflix se estrena el 9 de julio de 2026 y ya ha sido renovada para una segunda temporada. <\/p>\n<\/li>\n<li>\n<p> Reanudar <em>serie &quot;Baywatch&quot; en el canal<\/em> Fox, protagonizada por Brooks Nader y Shay Mitchell, se emitir\u00e1 en la temporada 2026-2027.<\/p>\n<\/li>\n<\/ul>\n<p> \u00a1Cuando una puerta se cierra, otra se abre!<\/p>\n<p> Hay innumerables series de televisi\u00f3n queridas de las d\u00e9cadas de 1970 y 1980, y afortunadamente, muchas de ellas han resistido el paso del tiempo. A lo largo de los a\u00f1os, varias series de estas dos d\u00e9cadas extraordinarias han recibido remakes, incluyendo <em>\u00abLa familia Brady\u00bb<\/em> <em>,<\/em> <em>\u00ab&quot;Dallas&quot;\u00bb<\/em> <em>,<\/em> <em>\u00abIsla Fantas\u00eda\u00bb<\/em> \u0438 <em>\u00ab&quot;Dinast\u00eda&quot;\u00bb<\/em> , y muchos otros. <\/p>\n<p> Los fans de otras series de televisi\u00f3n no tienen por qu\u00e9 preocuparse, ya que hay varias otras series que est\u00e1n en proceso de ser relanzadas o que ya han recibido luz verde para continuar.<\/p>\n<p> Aqu\u00ed tienes todo lo que necesitas saber sobre las series de televisi\u00f3n de los a\u00f1os 70 y 80 que est\u00e1n siendo relanzadas.<\/p>\n<p> 01 de 07<\/p>\n<h2> <em>La casita en la pradera<\/em> <\/h2>\n<p> El elenco original de &#039;La casa de la pradera&#039;; El reinicio de &#039;La casa de la pradera&#039; Fuente: NBC v\u00eda Getty; Netflix<\/p>\n<p> Serie <em>\u00abLa casita en la pradera\u00bb<\/em> Se convirti\u00f3 en un cl\u00e1sico instant\u00e1neo tras su estreno en NBC en septiembre de 1974. El western hist\u00f3rico, que se emiti\u00f3 durante nueve temporadas hasta su final en 1983, estuvo protagonizado por Michael Landon, Karen Grassle, Melissa Gilbert, Melissa Sue Anderson y Lindsay y Sydney Greenbush. .<\/p>\n<p> En enero de 2025, Netflix anunci\u00f3 el regreso de la aclamada serie, con Rebecca Sonnenshine como showrunner. Al igual que la serie original, esta nueva versi\u00f3n se basa en los libros hom\u00f3nimos de Laura Ingalls Wilder y narra la historia de una familia que crece en el oeste americano durante el siglo XIX. <\/p>\n<p> Durante los meses siguientes, Netflix dio a conocer el reparto y anunci\u00f3 que Alice Halsey interpretar\u00eda a Laura Ingalls, junto con otros miembros clave del elenco, como Luke Bracey, Crosby Fitzgerald, Skywalker Hughes, Jocko Sims, Warren Christie, Ren Javenim Gotts, Migwun Fairbrother y Alyssa Wapantak.<\/p>\n<p> La serie reiniciada es &quot;en parte un drama familiar esperanzador, en parte una historia \u00e9pica de supervivencia y en parte una historia de origen del Oeste americano&quot; y es &quot;una nueva adaptaci\u00f3n de los ic\u00f3nicos libros semiautobiogr\u00e1ficos de Laura Ingalls Wilder sobre <em>casa peque\u00f1a en<\/em> pradera&quot;, seg\u00fan la descripci\u00f3n de la serie.<\/p>\n<p> Reinicio de la serie &quot;\u00ab <em>La casita en la pradera\u00bb<\/em> , La serie, renovada para una segunda temporada en marzo de 2026, se estrenar\u00e1 en Netflix el 9 de julio de 2026.<\/p>\n<p> 02 de 07<\/p>\n<h2> <em>El camino al para\u00edso<\/em> <\/h2>\n<p> Michael Landon y Victor French en &quot;Paradise Road&quot;. Foto: Ron Tom\/NBC v\u00eda Getty<\/p>\n<p> <em>La serie de televisi\u00f3n El camino al para\u00edso\u00ab<\/em> , La serie, que tambi\u00e9n contaba con la participaci\u00f3n de Landon, se emiti\u00f3 originalmente en NBC entre 1984 y 1989. En este drama fant\u00e1stico, Landon aparece como un \u00e1ngel enviado a la Tierra para ayudar a la gente, con un polic\u00eda retirado interpretado por Victor French como su asistente. . <\/p>\n<p> El proyecto era muy importante para Landon, ya que cre\u00f3, dirigi\u00f3 y escribi\u00f3 episodios pocos a\u00f1os antes de su muerte en 1991. La esposa del fallecido actor, Cindy Landon, est\u00e1 produciendo la nueva versi\u00f3n, que se anunci\u00f3 en mayo de 2026.<\/p>\n<p> \u00ab <em>La serie de televisi\u00f3n El camino al para\u00edso\u00ab<\/em> \u00bb[El programa] siempre fue m\u00e1s que un simple programa de televisi\u00f3n: se trataba de humanidad, compasi\u00f3n, esperanza y el poder de conmover a las personas a trav\u00e9s de las historias\u00ab, escribi\u00f3 Cindy en Instagram. \u00bbMichael puso todo su coraz\u00f3n en estas historias, y s\u00e9 que este nuevo cap\u00edtulo significar\u00eda mucho para \u00e9l. Estoy incre\u00edblemente agradecida a todos los que participaron en el programa por creer en su esencia y por tener la visi\u00f3n de revivirlo\u00bb.<\/p>\n<p> El reinicio de la serie, cuyo estreno est\u00e1 previsto para la temporada 2027-2028, tambi\u00e9n contar\u00e1 con la participaci\u00f3n del creador de la serie original. <em>\u00abLuces del viernes por la noche\u00bb<\/em> Jason Katims. .<\/p>\n<p> \u00abMe inspira el reto de abordar esta historia cl\u00e1sica desde una perspectiva contempor\u00e1nea. La idea de contar una historia humana y realista sobre un \u00e1ngel me resulta muy atractiva, y eso me entusiasma\u00bb, declar\u00f3 Katims en un comunicado. \u00abMe encanta salir de mi zona de confort para contar la historia de un hombre que intenta convertirse en un \u00e1ngel mejor de lo que fue como humano\u00bb. <\/p>\n<p> 03 de 07<\/p>\n<h2> <em>Baywatch<\/em> <\/h2>\n<p> El reparto original de &quot;Baywatch&quot;: Shay Mitchell y Noah Beck en &quot;Baywatch&quot;. Foto: Hulton Archive\/Getty; MEGA\/GH Images<\/p>\n<p> Tras su estreno en 1989, la serie <em>\u00abBaywatch\u00bb<\/em> R\u00e1pidamente gan\u00f3 popularidad entre el p\u00fablico y lanz\u00f3 las carreras de actores como David Hasselhoff, Carmen Electra y Pamela Anderson. .<\/p>\n<p> La serie, que se emiti\u00f3 durante 11 temporadas hasta 2001, segu\u00eda la vida de las glamurosas socorristas que velaban por la seguridad de las playas de Los \u00c1ngeles y Haw\u00e1i.<\/p>\n<p> Casi 25 a\u00f1os despu\u00e9s de la graduaci\u00f3n <em>Serie de televisi\u00f3n &quot;Baywatch&quot;\u00ab<\/em> Fox ha ordenado un reinicio, y seg\u00fan <em>The Hollywood Reporter<\/em> , Se han planeado oficialmente 12 episodios para la temporada 2026-2027.<\/p>\n<p> La nueva versi\u00f3n de la serie, que se est\u00e1 rodando en Venice Beach, est\u00e1 protagonizada por Brooks Nader, Livvie Dunn, Shay Mitchell, Noah Beck, Stephen Amell, Jessica Belkin, Hussie Harrison, Thaddeus LaGrone y David Chokachi. . <\/p>\n<p> \u00abCreo que todos los actores, tanto mujeres como hombres, tienen excelentes relaciones y un flujo de trabajo fant\u00e1stico. Las chicas y yo somos muy cercanas\u00bb, dijo Nader sobre la din\u00e1mica del grupo en los Fox Upfronts en mayo de 2026. \u00abShay, Hussie y yo somos como un peque\u00f1o tr\u00edo, y nos encanta estar juntas. As\u00ed que es f\u00e1cil llevarse bien con estas chicas. Conozco a Livvy desde hace mucho tiempo, desde <em>Sports Illustrated<\/em> . &quot;Jess tiene un talento incre\u00edble y es muy dulce. Es como una peque\u00f1a comunidad de mujeres.&quot;.<\/p>\n<p> 04 de 07<\/p>\n<h2> <em>Los casos de Rockford<\/em> <\/h2>\n<p> James Garner en Los casos de Rockford; David Boreanaz en agosto de 2025. Fuente: NBCU Photo Bank\/NBCUniversal v\u00eda Getty; Emma McIntyre\/Getty<\/p>\n<p> En enero de 2026, NBC encarg\u00f3 un episodio piloto del reinicio. <em>serie &quot;El caso Rockford&quot;\u00ab<\/em> , que estuvo protagonizada por James Garner desde 1974 hasta 1980. Garner salt\u00f3 a la fama interpretando a Jim Rockford, un exconvicto convertido en investigador privado, en Los \u00c1ngeles.<\/p>\n<p> Despu\u00e9s de que se cre\u00f3 el episodio piloto, el reinicio <em>Los casos de Rockford\u00ab<\/em> Seg\u00fan informes, el contrato se extendi\u00f3 oficialmente para la temporada 2026-2027. <em>Variedad<\/em> . Seg\u00fan los datos <em>Fecha l\u00edmite<\/em> , La nueva versi\u00f3n de la serie ser\u00e1 &quot;una interpretaci\u00f3n moderna de la serie cl\u00e1sica del mismo nombre&quot;. <\/p>\n<p> \u00abTras cumplir condena por un delito que no cometi\u00f3 y salir en libertad condicional, James Rockford retoma su vida como investigador privado, utilizando su encanto e ingenio para resolver casos en Los \u00c1ngeles. Pronto, su b\u00fasqueda de legitimidad lo pone en el punto de mira tanto de la polic\u00eda local como del crimen organizado\u00bb, reza la sinopsis oficial.<\/p>\n<p> David Boreanaz acept\u00f3 el papel principal, pero antes de hacerlo, llam\u00f3 a la hija del fallecido Garner, Gigi Garner. Ella escribi\u00f3 en X que aprobaba la candidatura de Boreanaz y expres\u00f3 su total apoyo al proyecto.<\/p>\n<p> 05 de 07<\/p>\n<h2> <em>Encantado<\/em> <\/h2>\n<p> El elenco de Charmed. Fuente: Moviestore\/Shutterstock<\/p>\n<p> \u00a1Se busca un nuevo experto en movimientos nasales! <\/p>\n<p> Serie <em>\u00abEncantado\u00bb<\/em> Ya inspir\u00f3 una pel\u00edcula derivada en 2005, y Fox est\u00e1 trabajando en un reinicio. En esta serie de fantas\u00eda, que se emiti\u00f3 en ABC de 1964 a 1972, Elizabeth Montgomery interpret\u00f3 a la ingeniosa bruja Samantha, que vive con su esposo humano Darrin (Dick York, posteriormente Dick Sargent).<\/p>\n<p> En febrero de 2024 <em>Edici\u00f3n de \u00faltima hora<\/em> Fox inform\u00f3 que se est\u00e1 desarrollando una versi\u00f3n moderna de la serie, de una hora de duraci\u00f3n. Si bien a\u00fan no se ha anunciado el reparto, la publicaci\u00f3n indic\u00f3 que Judalina Neira es la guionista y productora ejecutiva junto con Doug Robinson.<\/p>\n<p> El reinicio promete ser una conmovedora versi\u00f3n de la querida comedia, en la que Samantha y Darrin se enfrentan a &quot;conflictos culturales&quot; mientras &quot;navegan por las diferencias entre sus familias y el mundo que les rodea&quot;.<\/p>\n<p> Erin Murphy, quien interpret\u00f3 a Tabitha Stevens en la serie original, dijo estar &quot;entusiasmada&quot; con la posibilidad de una nueva versi\u00f3n y que le encantar\u00eda participar en el nuevo proyecto. <\/p>\n<p> \u00ab&quot;Si me invitaran a participar en el programa, \u00a1sin duda dir\u00eda que s\u00ed! Me encantar\u00eda formar parte del proyecto de alguna manera, y s\u00e9 que a los fans de la serie original les encantar\u00eda.&quot;\u00ab <em>Encantado\u00bb<\/em> &quot;Me habr\u00eda encantado este divertido gui\u00f1o al pasado&quot;, dijo en una entrevista con la revista New Idea en febrero de 2026.<\/p>\n<p> 6 de 7<\/p>\n<h2> <em>Otro mundo<\/em> <\/h2>\n<p> El elenco de &#039;Underworld&#039;: Malea Joy Moon en junio de 2024. Foto: Gary Null\/NBCU Photo Bank; Angela Weiss\/AFP v\u00eda Getty<\/p>\n<p> Netflix ha conseguido otra reposici\u00f3n de la serie &quot;\u00ab <em>Un mundo diferente<\/em> ), que se convirti\u00f3 en un spin-off <em>\u00abEl show de Cosby\u00bb<\/em> Se emiti\u00f3 por NBC durante seis temporadas, de 1987 a 1993. La serie original estaba protagonizada por Lisa Bonet como Denise Huxtable en una universidad hist\u00f3ricamente para estudiantes negros, pero la abandon\u00f3 tras la primera temporada. Las siguientes cinco temporadas se centraron en diferentes personajes, interpretados por Jasmine Guy y Kadeem Hardison. .<\/p>\n<p> En agosto de 2024, el servicio de streaming anunci\u00f3 una secuela con una trama similar a la original. El reinicio estar\u00e1 protagonizado por Maleah Joy Moon en el papel de Deborah Wayne, la hija menor de Dwayne Wayne y Whitley Gilbert, exalumnos del Hillman College. . <\/p>\n<p> Una vez que Deborah llegue al campus, deber\u00e1 desenvolverse en la vida estudiantil mientras forja su propio camino.<\/p>\n<p> Adem\u00e1s de Joy Moon, el reparto tambi\u00e9n incluye a Cliff &quot;Method Man&quot; Smith como el entrenador Coles y a Norman Nixon Jr. como el profesor Baptiste, as\u00ed como a las estrellas que regresan Karen Malina White como Charmaine Brown y Ajay Sanders como Gina Deveaux. Guy y Hardison tambi\u00e9n retomar\u00e1n sus papeles.<\/p>\n<p> Netflix anunci\u00f3 que el reinicio constar\u00e1 de 10 episodios de media hora. A\u00fan no se ha anunciado una fecha de estreno oficial, pero seg\u00fan <em>Fecha l\u00edmite<\/em> , Durante la presentaci\u00f3n de nuevos proyectos, el servicio de streaming anunci\u00f3 sus planes para estrenar la serie en oto\u00f1o de 2026.<\/p>\n<p> 07 de 07<\/p>\n<h2> <em>He-Man y los Amos del Universo<\/em> <\/h2>\n<p> He-Man en Masters of the Universe; Nicholas Galitzine en Masters of the Universe Fuente: Proporcionado por Netflix; Amazon MGM Studios<\/p>\n<p> Serie animada <em>\u00abHe-Man y los Amos del Universo\u00bb<\/em> Regresa a la pantalla despu\u00e9s de m\u00e1s de 40 a\u00f1os. La serie animada de Mattel se estren\u00f3 en 1983 y ha dado lugar a varias adaptaciones televisivas y cinematogr\u00e1ficas.<\/p>\n<p> En junio de 2026, esta entra\u00f1able historia ser\u00e1 adaptada al cine. <em>\u00abAmos del Universo\u00bb<\/em> Protagonizada por Nicholas Galitzine como He-Man y Jared Leto como su malvado n\u00e9mesis, Skeletor.<\/p>\n<p> El tr\u00e1iler, publicado en enero de 2026, insin\u00faa que la pel\u00edcula sigue al pr\u00edncipe Adam, quien vive como un hombre com\u00fan llamado Adam Glenn tras ser exiliado de su planeta natal, Eternia. En el camino, descubre la Espada Poderosa y se convierte en He-Man.<\/p>\n<p> \u00abPara salvar a su familia y a su mundo, Adam debe unir fuerzas con sus aliados m\u00e1s cercanos, Teela y Duncan\/El Hombre de la Armadura\u00bb, reza la descripci\u00f3n. \u00abY aceptar su verdadero destino como He-Man, el hombre m\u00e1s poderoso del universo\u00bb.<\/p>\n<p> El reparto tambi\u00e9n incluye a Camila Mendes como Teela, Idris Elba como Duncan\/El Hombre de Armadura, Alison Brie como Evil-Lyn, Morena Baccarin como la Hechicera del Castillo Grayskull, J\u00f3hannes Haukur J\u00f3hannesson como Malcolm\/Fisto y Kristin Wiig como Roboto.<\/p>\n<p> <em>Estreno de la pel\u00edcula &quot;Masters of the Universe&quot;\u00ab<\/em> Tendr\u00e1 lugar el 5 de junio de 2026.<\/p>\n<p> Lee el art\u00edculo original en People.<\/p>","protected":false},"excerpt":{"rendered":"<p>LO QUE DEBES SABER: Se han encargado varias nuevas versiones de series populares de los a\u00f1os 70 y 80. La nueva versi\u00f3n de \u00abLa casa de la pradera\u00bb de Netflix se estrenar\u00e1 el 9 de julio de 2026\u2026<\/p>","protected":false},"author":1,"featured_media":1966,"comment_status":"open","ping_status":"closed","sticky":false,"template":"","format":"standard","meta":{"footnotes":""},"categories":[6],"tags":[],"class_list":["post-1965","post","type-post","status-publish","format-standard","has-post-thumbnail","hentry","category-kinoindustriya","hvn-theme-has-thumbnail"],"_links":{"self":[{"href":"https:\/\/imgist.ru\/es\/wp-json\/wp\/v2\/posts\/1965","targetHints":{"allow":["GET"]}}],"collection":[{"href":"https:\/\/imgist.ru\/es\/wp-json\/wp\/v2\/posts"}],"about":[{"href":"https:\/\/imgist.ru\/es\/wp-json\/wp\/v2\/types\/post"}],"author":[{"embeddable":true,"href":"https:\/\/imgist.ru\/es\/wp-json\/wp\/v2\/users\/1"}],"replies":[{"embeddable":true,"href":"https:\/\/imgist.ru\/es\/wp-json\/wp\/v2\/comments?post=1965"}],"version-history":[{"count":7,"href":"https:\/\/imgist.ru\/es\/wp-json\/wp\/v2\/posts\/1965\/revisions"}],"predecessor-version":[{"id":144847,"href":"https:\/\/imgist.ru\/es\/wp-json\/wp\/v2\/posts\/1965\/revisions\/144847"}],"wp:featuredmedia":[{"embeddable":true,"href":"https:\/\/imgist.ru\/es\/wp-json\/wp\/v2\/media\/1966"}],"wp:attachment":[{"href":"https:\/\/imgist.ru\/es\/wp-json\/wp\/v2\/media?parent=1965"}],"wp:term":[{"taxonomy":"category","embeddable":true,"href":"https:\/\/imgist.ru\/es\/wp-json\/wp\/v2\/categories?post=1965"},{"taxonomy":"post_tag","embeddable":true,"href":"https:\/\/imgist.ru\/es\/wp-json\/wp\/v2\/tags?post=1965"}],"curies":[{"name":"wp","href":"https:\/\/api.w.org\/{rel}","templated":true}]}}