{"id":19693,"date":"2026-07-04T09:33:17","date_gmt":"2026-07-04T06:33:17","guid":{"rendered":"https:\/\/imgist.ru\/ekstremalnaya-zhara-samaya-opasnaya-pogodnaya-ugroza-v-ssha-i-uchenye-schitayut-chto-my-k-nej-ne-gotovy\/"},"modified":"2026-08-29T12:20:42","modified_gmt":"2026-08-29T09:20:42","slug":"el-calor-extremo-es-la-amenaza-meteorologica-mas-peligrosa-en-estados-unidos-y-los-cientificos-creen-que-no-estamos-preparados-para-afrontarlo","status":"publish","type":"post","link":"https:\/\/imgist.ru\/es\/ekstremalnaya-zhara-samaya-opasnaya-pogodnaya-ugroza-v-ssha-i-uchenye-schitayut-chto-my-k-nej-ne-gotovy\/","title":{"rendered":"El calor extremo es la amenaza meteorol\u00f3gica m\u00e1s peligrosa en Estados Unidos, y los cient\u00edficos afirman que no estamos preparados para afrontarlo."},"content":{"rendered":"<p>A medida que una enorme y prolongada ola de calor se asienta sobre gran parte de Estados Unidos, los expertos est\u00e1n preocupados porque estos episodios de calor extremo no se est\u00e1n tomando con la suficiente seriedad.<\/p>\n<p> De todos los fen\u00f3menos meteorol\u00f3gicos peligrosos en Estados Unidos, el calor extremo es el m\u00e1s letal, y aproximadamente la mitad de los estadounidenses estuvieron expuestos a \u00e9l durante el fin de semana festivo del 4 de julio.<\/p>\n<p> Las investigaciones demuestran que las c\u00fapulas de calor son cada vez m\u00e1s comunes en Norteam\u00e9rica y seguir\u00e1n extendi\u00e9ndose a medida que se intensifique el cambio clim\u00e1tico. Estas c\u00fapulas exponen a las personas a temperaturas elevadas cada vez m\u00e1s peligrosas y prolongadas, que resultan fatales para algunos y causan enfermedades a muchos otros.<\/p>\n<p> Entre 1999 y 2023, se registraron 21.518 muertes en Estados Unidos en las que el calor fue un factor contribuyente o la causa de la muerte.<\/p>\n<p> Las temperaturas r\u00e9cord registradas en 2021, similares a las que se est\u00e1n produciendo actualmente en la costa este, han provocado un fuerte aumento de las visitas a urgencias y de las hospitalizaciones no planificadas.<\/p>\n<figure><figcaption> miniatura de YouTube<\/figcaption><\/figure>\n<p> Los cient\u00edficos y los expertos en salud p\u00fablica est\u00e1n preocupados porque los gobiernos no est\u00e1n actuando con la suficiente rapidez para proteger a la poblaci\u00f3n de estos riesgos, lo que ejerce una presi\u00f3n adicional sobre un sistema de salud que ya est\u00e1 sobrecargado.<\/p>\n<p> Juanita Constible es una representante s\u00e9nior del Consejo para la Defensa de los Recursos Naturales (NRDC, por sus siglas en ingl\u00e9s) en los Estados Unidos.<\/p>\n<p> \u00ab&quot;Muchas comunidades simplemente no est\u00e1n preparadas para estas temperaturas, a pesar de que muchas han trabajado arduamente en los \u00faltimos a\u00f1os para estar mejor preparadas&quot;, declar\u00f3 a ScienceAlert.<\/p>\n<p> \u00ab&quot;Lamentablemente, esta ola de calor coincide con una crisis de asequibilidad de la vivienda, una mayor presi\u00f3n sobre los servicios p\u00fablicos debido a los centros de datos que consumen mucha energ\u00eda y agua, y una reducci\u00f3n del apoyo y la financiaci\u00f3n federal para la preparaci\u00f3n y respuesta ante emergencias.&quot;.<\/p>\n<p> Como escribi\u00f3 en una publicaci\u00f3n del blog de NRDC en marzo, esta peligrosa combinaci\u00f3n de circunstancias &quot;casi con toda seguridad aumentar\u00e1 el riesgo de enfermedades relacionadas con el calor, muertes y p\u00e9rdidas econ\u00f3micas&quot;.<\/p>\n<p> Un estudio publicado el a\u00f1o pasado en <em>revista Nature Communications,<\/em> plantearon preocupaciones alarmantes similares.<\/p>\n<p> Un estudio dirigido por la climat\u00f3loga Jennifer Marlon, de la Escuela de Medio Ambiente de Yale, y el cient\u00edfico de datos Nicholas Begotka, revel\u00f3 una importante discrepancia entre la percepci\u00f3n p\u00fablica del riesgo y la realidad.<\/p>\n<p> Esto fue especialmente cierto para los residentes de los Montes Apalaches, donde se prev\u00e9 que los impactos m\u00e1s severos del frente de calor actual se produzcan en los pr\u00f3ximos d\u00edas.<\/p>\n<p> \u00ab&quot;En gran parte del pa\u00eds, sobre todo en las regiones del norte y del este, la percepci\u00f3n p\u00fablica del riesgo sigue siendo baja a pesar del aumento de las temperaturas&quot;, explicaron los investigadores en su art\u00edculo.<\/p>\n<p> \u00ab&quot;La mayor correlaci\u00f3n observada en el sur sugiere que las experiencias personales de los residentes se ajustan mejor a su vulnerabilidad al calor, mientras que los patrones del noreste apuntan a discrepancias fundamentales entre las evaluaciones cient\u00edficas y la comprensi\u00f3n p\u00fablica.&quot;.<\/p>\n<p> Al parecer, la experiencia hist\u00f3rica de las comunidades con el calor extremo (o la falta de ella) influye, dejando a los estados que anteriormente ten\u00edan climas m\u00e1s fr\u00edos algo desprevenidos ante el repentino cambio clim\u00e1tico.<\/p>\n<figure><figcaption> Suscr\u00edbase al bolet\u00edn informativo gratuito de ScienceAlert, que verifica los datos.<\/figcaption><\/figure>\n<p> Las personas mayores, en particular, tienden a subestimar los riesgos del calor extremo, lo cual es especialmente preocupante dada su vulnerabilidad a las enfermedades y muertes relacionadas con el calor.<\/p>\n<p> Los adultos mayores tienden a sudar menos, a tomar medicamentos con m\u00e1s frecuencia y pueden tener dificultades para enfriar adecuadamente una habitaci\u00f3n si su movilidad es limitada.<\/p>\n<p> \u00ab&quot;Mucha gente todav\u00eda asocia el calor con la diversi\u00f3n del verano o con algo que hay que soportar, en lugar de con una amenaza potencialmente mortal&quot;, dijo Constible.<\/p>\n<p> <strong>Ver tambi\u00e9n: 6 maneras cient\u00edficamente comprobadas de enfriar edificios sin aire acondicionado<\/strong><\/p>\n<p> Le preocupa especialmente la suerte de las personas que se ven obligadas a seguir trabajando al aire libre en estas condiciones extremas.<\/p>\n<p> \u00ab&quot;Muchas empresas en Estados Unidos no se toman lo suficientemente en serio la seguridad de sus empleados durante el clima caluroso... No puedo decirles cu\u00e1ntas historias he escuchado de trabajadores a los que se les niegan medidas de seguridad b\u00e1sicas como agua y capacitaci\u00f3n para reconocer los s\u00edntomas relacionados con el calor&quot;, dijo a ScienceAlert.<\/p>\n<p> \u00ab&quot;La mayor\u00eda de los trabajadores en Estados Unidos no cuentan con protecci\u00f3n espec\u00edfica y obligatoria contra el calor... Sin embargo, la ley exige a la mayor\u00eda de los empleadores estadounidenses que proporcionen un &#039;ambiente de trabajo seguro y saludable&#039; para sus empleados, lo que significa que los trabajadores tienen derecho a presentar quejas formales sobre los riesgos relacionados con el calor.&quot;.<\/p>\n<p> Este art\u00edculo fue revisado por Michael Irving y editado por Fiona Macdonald. Si bien nos enorgullecemos de nuestro proceso, somos humanos. Si encuentra alg\u00fan error, por favor, h\u00e1ganoslo saber.<\/p>\n<p> Los art\u00edculos de ScienceAlert son escritos, verificados y editados por personas; nunca son generados por inteligencia artificial. No te pierdas ning\u00fan art\u00edculo; suscr\u00edbete aqu\u00ed.<\/p>\n<h3> Noticias relacionadas<\/h3>\n<ul>\n<li>\n<p> Una dieta espec\u00edfica redujo la enfermedad periodontal en un estudio de 6 meses.<\/p>\n<\/li>\n<li>\n<p> Por primera vez, se ha desarrollado un nuevo tratamiento contra el lupus que reduce significativamente los s\u00edntomas en ratones.<\/p>\n<\/li>\n<li>\n<p> Estudio con gemelos: Los suplementos econ\u00f3micos mejoran la memoria en tan solo 12 semanas.<\/p>\n<\/li>\n<\/ul>","protected":false},"excerpt":{"rendered":"<p>A medida que una enorme y persistente ola de calor se asienta sobre gran parte de Estados Unidos, los expertos est\u00e1n preocupados porque estos episodios de calor extremo no se est\u00e1n tomando con la suficiente seriedad. Desde\u2026<\/p>","protected":false},"author":1,"featured_media":19694,"comment_status":"open","ping_status":"closed","sticky":false,"template":"","format":"standard","meta":{"footnotes":""},"categories":[2],"tags":[],"class_list":["post-19693","post","type-post","status-publish","format-standard","has-post-thumbnail","hentry","category-news","hvn-theme-has-thumbnail"],"_links":{"self":[{"href":"https:\/\/imgist.ru\/es\/wp-json\/wp\/v2\/posts\/19693","targetHints":{"allow":["GET"]}}],"collection":[{"href":"https:\/\/imgist.ru\/es\/wp-json\/wp\/v2\/posts"}],"about":[{"href":"https:\/\/imgist.ru\/es\/wp-json\/wp\/v2\/types\/post"}],"author":[{"embeddable":true,"href":"https:\/\/imgist.ru\/es\/wp-json\/wp\/v2\/users\/1"}],"replies":[{"embeddable":true,"href":"https:\/\/imgist.ru\/es\/wp-json\/wp\/v2\/comments?post=19693"}],"version-history":[{"count":2,"href":"https:\/\/imgist.ru\/es\/wp-json\/wp\/v2\/posts\/19693\/revisions"}],"predecessor-version":[{"id":161342,"href":"https:\/\/imgist.ru\/es\/wp-json\/wp\/v2\/posts\/19693\/revisions\/161342"}],"wp:featuredmedia":[{"embeddable":true,"href":"https:\/\/imgist.ru\/es\/wp-json\/wp\/v2\/media\/19694"}],"wp:attachment":[{"href":"https:\/\/imgist.ru\/es\/wp-json\/wp\/v2\/media?parent=19693"}],"wp:term":[{"taxonomy":"category","embeddable":true,"href":"https:\/\/imgist.ru\/es\/wp-json\/wp\/v2\/categories?post=19693"},{"taxonomy":"post_tag","embeddable":true,"href":"https:\/\/imgist.ru\/es\/wp-json\/wp\/v2\/tags?post=19693"}],"curies":[{"name":"wp","href":"https:\/\/api.w.org\/{rel}","templated":true}]}}