{"id":19951,"date":"2026-07-28T22:07:44","date_gmt":"2026-07-28T19:07:44","guid":{"rendered":"https:\/\/imgist.ru\/sotrudnikam-dvorcza-budet-krajne-nekomfortno-esli-princz-garri-ostanovitsya-tam-vo-vremya-sleduyushhego-vizita-v-velikobritaniyu\/"},"modified":"2026-08-29T12:21:06","modified_gmt":"2026-08-29T09:21:06","slug":"el-personal-del-palacio-se-sentira-extremadamente-incomodo-si-el-principe-harry-se-aloja-alli-durante-su-proxima-visita-al-reino-unido","status":"publish","type":"post","link":"https:\/\/imgist.ru\/es\/sotrudnikam-dvorcza-budet-krajne-nekomfortno-esli-princz-garri-ostanovitsya-tam-vo-vremya-sleduyushhego-vizita-v-velikobritaniyu\/","title":{"rendered":"El personal del palacio se sentir\u00eda &quot;sumamente inc\u00f3modo&quot; si el pr\u00edncipe Harry se alojara all\u00ed durante su pr\u00f3xima visita al Reino Unido."},"content":{"rendered":"<p>Seg\u00fan se inform\u00f3, <strong>Pr\u00edncipe Harry<\/strong> No solo necesitas recuperar el favor de tu padre, <strong>Rey Carlos III<\/strong> , \u2014Debe demostrar su val\u00eda al personal del palacio.<\/p>\n<p> Previamente <strong>Rob Shooter<\/strong> inform\u00f3 de esto en su comunicado. <em>Travieso pero bueno<\/em> A partir del martes 14 de julio.<em> <\/em>Seg\u00fan se informa, el personal de la familia real no quer\u00eda que el duque de Sussex, de 41 a\u00f1os, se alojara en el palacio durante su visita al Reino Unido a principios de este mes.<\/p>\n<p> Seg\u00fan se informa <em>El peri\u00f3dico The Sun<\/em> El domingo 26 de julio, el autor del libro &quot;\u00ab <em>Ahorrar\u00bb<\/em> Est\u00e1 previsto que regrese a Inglaterra en septiembre para asistir a eventos relacionados con los premios WellChild, y es posible que Carlos, de 77 a\u00f1os, invite a Harry a alojarse en el palacio durante su visita.<\/p>\n<p> Sin embargo, en la edici\u00f3n del martes 28 de julio,<em> <\/em>Seg\u00fan inform\u00f3 una fuente en la publicaci\u00f3n <em>Travieso pero bueno<\/em> <em>,<\/em> \u00ab&quot;Nada ha cambiado&quot; en relaci\u00f3n con el personal del palacio.<\/p>\n<figure><figcaption>\n<p> WP#JRAK\/WENN\/Newscom\/La Mega Agencia<\/p>\n<\/figcaption><\/figure>\n<p> \u00abPuede que el rey quiera a Harry bajo su techo, pero muchos de los que trabajan all\u00ed no\u00bb, explic\u00f3 la fuente. \u00abSe sintieron profundamente traicionados por todo lo que sucedi\u00f3 despu\u00e9s\u00bb. <em>Repuesto<\/em> y la entrevista, y ese resentimiento sigue siendo muy real.&quot;.<\/p>\n<p> \u00abEl ambiente ser\u00e1 incre\u00edblemente inc\u00f3modo\u00bb, dijo una segunda fuente, refiri\u00e9ndose a la situaci\u00f3n si Harry termina qued\u00e1ndose all\u00ed. \u00abLa gente mantendr\u00e1 la profesionalidad porque es su trabajo, pero la profesionalidad no debe confundirse con el perd\u00f3n. Son dos cosas completamente distintas\u00bb.<\/p>\n<p> Una tercera fuente cercana a la situaci\u00f3n se\u00f1al\u00f3: &quot;La reconciliaci\u00f3n no se trata simplemente de restablecer la relaci\u00f3n entre padre e hijo&quot;.<\/p>\n<figure><figcaption>\n<p> JRAA\/ZDS\/WENN\/Newscom\/La Mega Agencia<\/p>\n<\/figcaption><\/figure>\n<p> \u00abHarry tambi\u00e9n tiene que recuperar la confianza de las personas que mantienen la monarqu\u00eda en funcionamiento a diario, y esa podr\u00eda ser la tarea m\u00e1s dif\u00edcil de todas\u00bb, a\u00f1adi\u00f3 la fuente. \u00abNo se sorprendan si un n\u00famero inusualmente alto de empleados se toma la baja por enfermedad la semana de su llegada\u00bb.<\/p>\n<p> Como se inform\u00f3 anteriormente <em>Publicaci\u00f3n del examinador<\/em> , El palacio ofreci\u00f3 proporcionar alojamiento real para la visita de Harry en julio, pero un portavoz dijo a la publicaci\u00f3n <em>P\u00e1gina seis<\/em> El lunes 6 de julio: \u00abTras haber sido aceptada oficialmente la oferta de empleo, esta fue retirada en el \u00faltimo momento\u00bb.<\/p>\n<p> Mientras tanto, el Palacio de Buckingham declar\u00f3 que Harry rechaz\u00f3 la invitaci\u00f3n el s\u00e1bado 4 de julio y que luego cambi\u00f3 de opini\u00f3n ese mismo d\u00eda, seg\u00fan la BBC. El palacio afirm\u00f3 que, para cuando Harry decidi\u00f3 asistir, ya era demasiado tarde para conseguir un lugar y personal suficiente, y que le informaron de ello esa misma noche.<\/p>\n<p> Lea m\u00e1s art\u00edculos en el National Examiner.<\/p>\n<ul>\n<li>\n<p> Jon Bon Jovi quiere seguir actuando &quot;hasta los 90 a\u00f1os&quot; a pesar de haber cancelado abruptamente su concierto de julio por motivos de salud.<\/p>\n<\/li>\n<li>\n<p> El ex pr\u00edncipe Andr\u00e9s se enfrenta a otro rev\u00e9s: se est\u00e1 redactando una ley que le privar\u00eda de su libertad y honor.<\/p>\n<\/li>\n<li>\n<p> El pr\u00edncipe Harry ser\u00e1 invitado a alojarse en el Palacio de Buckingham durante su pr\u00f3xima visita al Reino Unido.<\/p>\n<\/li>\n<\/ul>\n<p> Este art\u00edculo, &quot;El personal del palacio se sentir\u00e1 incre\u00edblemente inc\u00f3modo&quot; si el pr\u00edncipe Harry se aloja all\u00ed durante su pr\u00f3xima visita al Reino Unido, apareci\u00f3 por primera vez en <em>Examinador Nacional<\/em> . Suscr\u00edbete a <strong>Examinador Nacional<\/strong> \u0432 <strong>Yahoo<\/strong> , para no perderse las pr\u00f3ximas publicaciones.<\/p>","protected":false},"excerpt":{"rendered":"<p>Seg\u00fan se informa, el pr\u00edncipe Harry necesita hacer algo m\u00e1s que recuperar el favor de su padre, el rey Carlos III; debe demostrar su val\u00eda al personal del palacio. Anteriormente, Rob\u2026<\/p>","protected":false},"author":1,"featured_media":0,"comment_status":"open","ping_status":"closed","sticky":false,"template":"","format":"standard","meta":{"footnotes":""},"categories":[5],"tags":[],"class_list":["post-19951","post","type-post","status-publish","format-standard","hentry","category-selebriti"],"_links":{"self":[{"href":"https:\/\/imgist.ru\/es\/wp-json\/wp\/v2\/posts\/19951","targetHints":{"allow":["GET"]}}],"collection":[{"href":"https:\/\/imgist.ru\/es\/wp-json\/wp\/v2\/posts"}],"about":[{"href":"https:\/\/imgist.ru\/es\/wp-json\/wp\/v2\/types\/post"}],"author":[{"embeddable":true,"href":"https:\/\/imgist.ru\/es\/wp-json\/wp\/v2\/users\/1"}],"replies":[{"embeddable":true,"href":"https:\/\/imgist.ru\/es\/wp-json\/wp\/v2\/comments?post=19951"}],"version-history":[{"count":2,"href":"https:\/\/imgist.ru\/es\/wp-json\/wp\/v2\/posts\/19951\/revisions"}],"predecessor-version":[{"id":161488,"href":"https:\/\/imgist.ru\/es\/wp-json\/wp\/v2\/posts\/19951\/revisions\/161488"}],"wp:attachment":[{"href":"https:\/\/imgist.ru\/es\/wp-json\/wp\/v2\/media?parent=19951"}],"wp:term":[{"taxonomy":"category","embeddable":true,"href":"https:\/\/imgist.ru\/es\/wp-json\/wp\/v2\/categories?post=19951"},{"taxonomy":"post_tag","embeddable":true,"href":"https:\/\/imgist.ru\/es\/wp-json\/wp\/v2\/tags?post=19951"}],"curies":[{"name":"wp","href":"https:\/\/api.w.org\/{rel}","templated":true}]}}