{"id":2095,"date":"2026-05-30T17:24:03","date_gmt":"2026-05-30T14:24:03","guid":{"rendered":"https:\/\/imgist.ru\/rezhisser-filma-lihoradka-subbotnego-vechera-govorit-chto-kultovaya-diskoteka-byla-snyata-s-neveroyatnym-nizkim-byudzhetom-i-vyglyadela-uzhasno-pri-vklyuchennom-sv\/"},"modified":"2026-08-29T11:14:44","modified_gmt":"2026-08-29T08:14:44","slug":"el-director-de-fiebre-del-sabado-por-la-noche-afirma-que-la-discoteca-de-culto-se-rodo-con-un-presupuesto-increiblemente-bajo-y-que-se-veia-fatal-con-las-luces-encendidas","status":"publish","type":"post","link":"https:\/\/imgist.ru\/es\/rezhisser-filma-lihoradka-subbotnego-vechera-govorit-chto-kultovaya-diskoteka-byla-snyata-s-neveroyatnym-nizkim-byudzhetom-i-vyglyadela-uzhasno-pri-vklyuchennom-sv\/","title":{"rendered":"El director de Fiebre del s\u00e1bado por la noche afirma que la ic\u00f3nica discoteca se film\u00f3 con un presupuesto incre\u00edblemente bajo y que se ve\u00eda horrible con las luces encendidas."},"content":{"rendered":"<h3>LO QUE NECESITA SABER <\/h3>\n<ul>\n<li>\n<p> Cineasta <em>\u00abFiebre del s\u00e1bado por la noche\u00bb<\/em> John Badham admiti\u00f3 que la escena de la discoteca en la pel\u00edcula se ve\u00eda &quot;horrible&quot; a la luz del d\u00eda. <\/p>\n<\/li>\n<li>\n<p> \u00ab&quot;Pero cuando lleg\u00f3 la noche, fue como un sue\u00f1o fant\u00e1stico y er\u00f3tico&quot;, dijo refiri\u00e9ndose al club de culto. <\/p>\n<\/li>\n<li>\n<p> Badham afirma que la colorida pista de baile de la discoteca cost\u00f3 15.000 d\u00f3lares y que se inspir\u00f3 en dise\u00f1os que admiraba de joven.<\/p>\n<\/li>\n<\/ul>\n<p> Como explic\u00f3 el director John Badham, la ic\u00f3nica discoteca en la pel\u00edcula <em>\u00abFiebre del s\u00e1bado por la noche\u00bb<\/em> Dio vida a una vibrante vida nocturna, pero durante el d\u00eda era mucho menos glamurosa.<\/p>\n<p> En una entrevista con la publicaci\u00f3n <em>The Hollywood Reporter<\/em> Badham imagin\u00f3 el vibrante y peculiar club nocturno que se encuentra en el centro del cl\u00e1sico drama disco, el cual fue recreado meticulosamente para crear la atm\u00f3sfera distintiva y moderna por la que la pel\u00edcula es conocida. <em>.<\/em> <\/p>\n<p> Badham comparti\u00f3 que a pesar de toda su buena apariencia en pantalla, el disco de &quot;\u00ab <em>Fiebre del s\u00e1bado por la noche\u00bb<\/em> Dejaba mucho que desear a la luz del d\u00eda. <\/p>\n<p> John Travolta y Karen Lynn Gorney en Fiebre del s\u00e1bado por la noche. Fuente: Screen Archives\/Getty<\/p>\n<p> \u00abCuando encend\u00edas las luces, el lugar ten\u00eda un aspecto terrible\u00bb, declar\u00f3 a la publicaci\u00f3n. \u00abPero al caer la noche, era como un sue\u00f1o er\u00f3tico fant\u00e1stico\u00bb.<\/p>\n<p> Seg\u00fan Badham, las paredes del club \u2014una discoteca destartalada de Brooklyn llamada 2001: Odyssey\u2014 fueron pintadas de negro para la pel\u00edcula. Luego se a\u00f1adieron papel de aluminio y luces navide\u00f1as, creando as\u00ed una atm\u00f3sfera hipnotizante y psicod\u00e9lica.<\/p>\n<p> Badham se\u00f1al\u00f3 que todo el decorado era de bajo presupuesto, con la excepci\u00f3n del piso multicolor de la discoteca, que cost\u00f3 una fortuna: 15 000 d\u00f3lares. El piso, de hecho, estaba inspirado en uno que Badham vio en su juventud. &quot;Siempre me han encantado los colores que se ven debajo del piso&quot;, dijo Badham. <\/p>\n<p> \u00ab&quot;Todo el piso estaba conectado a un sistema de m\u00fasica, por lo que vibraba y cambiaba de color seg\u00fan la m\u00fasica que sonaba&quot;, dijo Badham.<\/p>\n<p> <em>La pel\u00edcula &quot;Fiebre del s\u00e1bado por la noche&quot;,<\/em> Estrenada en 1977, cuenta la historia de un italoamericano de 19 a\u00f1os que, a pesar de sus preocupaciones sobre la vida despu\u00e9s del instituto, &quot;intenta escapar de la dura realidad de su triste vida familiar conquistando la pista de baile de una discoteca local&quot;, seg\u00fan la sinopsis de la pel\u00edcula.<\/p>\n<p> <strong>No te pierdas ninguna noticia: suscr\u00edbete a<\/strong> <strong>Bolet\u00edn informativo diario gratuito PEOPLE<\/strong> <strong>, Para estar al d\u00eda de lo mejor que ofrece PEOPLE, desde jugosas noticias de famosos hasta conmovedoras historias humanas.<\/strong><\/p>\n<p> Esta pel\u00edcula cl\u00e1sica est\u00e1 protagonizada por John Travolta, Karen Lynn Gorney, Donna Pescow y Fran Drescher, entre otros.<\/p>\n<p> Lee el art\u00edculo original en People.<\/p>","protected":false},"excerpt":{"rendered":"<p>LO QUE DEBES SABER: El director de Fiebre del s\u00e1bado por la noche, John Badham, admiti\u00f3 que la escena de la discoteca en la pel\u00edcula se ve\u00eda &quot;terrible&quot; a la luz del d\u00eda. &quot;Pero cuando cay\u00f3 la noche, fue...&quot;<\/p>","protected":false},"author":1,"featured_media":2096,"comment_status":"open","ping_status":"closed","sticky":false,"template":"","format":"standard","meta":{"footnotes":""},"categories":[6],"tags":[],"class_list":["post-2095","post","type-post","status-publish","format-standard","has-post-thumbnail","hentry","category-kinoindustriya","hvn-theme-has-thumbnail"],"_links":{"self":[{"href":"https:\/\/imgist.ru\/es\/wp-json\/wp\/v2\/posts\/2095","targetHints":{"allow":["GET"]}}],"collection":[{"href":"https:\/\/imgist.ru\/es\/wp-json\/wp\/v2\/posts"}],"about":[{"href":"https:\/\/imgist.ru\/es\/wp-json\/wp\/v2\/types\/post"}],"author":[{"embeddable":true,"href":"https:\/\/imgist.ru\/es\/wp-json\/wp\/v2\/users\/1"}],"replies":[{"embeddable":true,"href":"https:\/\/imgist.ru\/es\/wp-json\/wp\/v2\/comments?post=2095"}],"version-history":[{"count":1,"href":"https:\/\/imgist.ru\/es\/wp-json\/wp\/v2\/posts\/2095\/revisions"}],"predecessor-version":[{"id":144996,"href":"https:\/\/imgist.ru\/es\/wp-json\/wp\/v2\/posts\/2095\/revisions\/144996"}],"wp:featuredmedia":[{"embeddable":true,"href":"https:\/\/imgist.ru\/es\/wp-json\/wp\/v2\/media\/2096"}],"wp:attachment":[{"href":"https:\/\/imgist.ru\/es\/wp-json\/wp\/v2\/media?parent=2095"}],"wp:term":[{"taxonomy":"category","embeddable":true,"href":"https:\/\/imgist.ru\/es\/wp-json\/wp\/v2\/categories?post=2095"},{"taxonomy":"post_tag","embeddable":true,"href":"https:\/\/imgist.ru\/es\/wp-json\/wp\/v2\/tags?post=2095"}],"curies":[{"name":"wp","href":"https:\/\/api.w.org\/{rel}","templated":true}]}}