{"id":2381,"date":"2026-05-30T20:30:32","date_gmt":"2026-05-30T17:30:32","guid":{"rendered":"https:\/\/imgist.ru\/94-letnij-klajv-devis-gospitalizirovan-s-infekcziej-verhnih-dyhatelnyh-putej-poslednie-novosti-o-sostoyanii-ego-zdorovya\/"},"modified":"2026-05-30T20:30:32","modified_gmt":"2026-05-30T17:30:32","slug":"clive-davis-de-94-anos-esta-hospitalizado-con-una-infeccion-de-las-vias-respiratorias-superiores-estas-son-las-ultimas-noticias-sobre-su-estado-de-salud","status":"publish","type":"post","link":"https:\/\/imgist.ru\/es\/94-letnij-klajv-devis-gospitalizirovan-s-infekcziej-verhnih-dyhatelnyh-putej-poslednie-novosti-o-sostoyanii-ego-zdorovya\/","title":{"rendered":"Clive Davis, de 94 a\u00f1os, ha sido hospitalizado con una infecci\u00f3n de las v\u00edas respiratorias superiores, y ha ofrecido la \u00faltima actualizaci\u00f3n sobre su estado de salud."},"content":{"rendered":"<p>Clive Davis, el hombre que marc\u00f3 el sonido de la m\u00fasica estadounidense durante m\u00e1s de seis d\u00e9cadas, se encuentra hospitalizado, seg\u00fan informa TMZ. .<\/p>\n<p> El magnate de la m\u00fasica, de 94 a\u00f1os, fue ingresado en un hospital de Nueva York el viernes por la noche tras desarrollar una infecci\u00f3n de las v\u00edas respiratorias superiores, seg\u00fan confirm\u00f3 su representante. Los m\u00e9dicos lo ingresaron para recibir tratamiento por precauci\u00f3n. Se espera que reciba el alta en las pr\u00f3ximas 24 horas.<\/p>\n<h2> Los legendarios logros profesionales de Clive Davis<\/h2>\n<p> Clive Davis cuenta con una impresionante lista de artistas: descubri\u00f3 a Whitney Houston, considerada por muchos la mejor vocalista de la historia del pop. Trabaj\u00f3 con Aretha Franklin, la indiscutible reina del soul. Impuls\u00f3 la carrera de Kelly Clarkson tras su victoria en American Idol y, a principios de los 90, cofund\u00f3 Bad Boy Records con Sean Combs, contribuyendo a crear uno de los sellos discogr\u00e1ficos m\u00e1s influyentes del hip-hop. <\/p>\n<p> Davis comenz\u00f3 su carrera en la industria musical a principios de la d\u00e9cada de 1960 y se convirti\u00f3 en presidente de Columbia Records en 1967, con tan solo 35 a\u00f1os. En 1974, fund\u00f3 Arista Records, donde reuni\u00f3 una de las listas de artistas m\u00e1s impresionantes en la historia de la industria.<\/p>\n<p> Su contribuci\u00f3n a las artes fue reconocida en el a\u00f1o 2000, cuando ingres\u00f3 al Sal\u00f3n de la Fama del Rock and Roll como artista no int\u00e9rprete. El teatro de 200 butacas del Museo Grammy en Los \u00c1ngeles lleva su nombre. Su gala anual de los Premios Grammy, que se celebra la noche anterior a la ceremonia, se ha convertido en uno de los eventos m\u00e1s codiciados de la industria del entretenimiento. En otras palabras, es una figura muy importante. <\/p>\n<p>&lt;img alt=&#039;\u041d\u042c\u042e-\u0419\u041e\u0420\u041a, \u041d\u042c\u042e-\u0419\u041e\u0420\u041a \u2014 19 \u041c\u0410\u042f: (\u0441\u043b\u0435\u0432\u0430 \u043d\u0430\u043f\u0440\u0430\u0432\u043e) \u041a\u043b\u0430\u0439\u0432 \u0414\u044d\u0432\u0438\u0441, \u0410\u043b\u0438\u0441\u0438\u044f \u041a\u0438\u0437, Chance The Rapper \u0438 Swizz Beatz \u043f\u0440\u0438\u0441\u0443\u0442\u0441\u0442\u0432\u0443\u044e\u0442 \u043d\u0430 \u0442\u043e\u0440\u0436\u0435\u0441\u0442\u0432\u0435\u043d\u043d\u043e\u043c \u0443\u0436\u0438\u043d\u0435 \u0438 \u0430\u0443\u043a\u0446\u0438\u043e\u043d\u0435 \u0424\u043e\u043d\u0434\u0430 \u0413\u043e\u0440\u0434\u043e\u043d\u0430 \u041f\u0430\u0440\u043a\u0441\u0430 2026 \u0433\u043e\u0434\u0430 \u0432 Cipriani 42nd Street 19 \u043c\u0430\u044f 2026 \u0433\u043e\u0434\u0430 \u0432 \u041d\u044c\u044e-\u0419\u043e\u0440\u043a\u0435. (\u0424\u043e\u0442\u043e \u041d\u043e\u0430\u043c\u0430 \u0413\u0430\u043b\u0430\u044f\/Getty Images \u0434\u043b\u044f \u0424\u043e\u043d\u0434\u0430 \u0413\u043e\u0440\u0434\u043e\u043d\u0430 \u041f\u0430\u0440\u043a\u0441\u0430)<\/p>\n<p>Noam Galai \/ Getty Images<\/p>\n<p>\u2018&#039; loading=\u00bblazy\u00bb width=\u00bb960\u2033 height=\u00bb540\u2033 decoding=\u00bbasync\u00bb data-nimg=\u00bb1\u2033 class=\u00bbrounded-lg\u00bb style=\u00bbcolor:transparent\u00bb src=\u00bbhttps:\/\/s.yimg.com\/ny\/api\/res\/1.2\/OvMDLR4Nrb28nZYKtfJGJQ\u2014\/YXBwaWQ9aGlnaGxhbmRlcjt3PTk2MDto PTU0MDtjZj13ZWJw\/https:\/\/media.zenfs.com\/en\/men_s_journal_718\/c8817328cf371db628341db4f0cbca5f&quot;&gt; NUEVA YORK, NUEVA YORK - 19 DE MAYO: (De izquierda a derecha) Clive Davis, Alicia Keys, Chance The Rapper y Swizz Beatz asisten al Gordon Parks Cena de gala y subasta de la Fundaci\u00f3n Gordon Parks 2026 en Cipriani 42nd Street el 19 de mayo de 2026 en la ciudad de Nueva York. (Foto de Noam Galai\/Getty Images para la Fundaci\u00f3n Gordon Parks)<\/p>\n<p> Noam Galai\/Getty Images<\/p>\n<h2> La historia m\u00e9dica de Clive Davis<\/h2>\n<p> La hospitalizaci\u00f3n del viernes no es el primer problema de salud que ha tenido Davis en los \u00faltimos a\u00f1os. En febrero de 2021, le diagnosticaron par\u00e1lisis de Bell, una afecci\u00f3n que causa par\u00e1lisis temporal de los m\u00fasculos faciales, y fue tratado con antibi\u00f3ticos y esteroides. En aquel entonces, su equipo m\u00e9dico declar\u00f3 que se encontraba de buen \u00e1nimo y que se esperaba su recuperaci\u00f3n en un plazo de seis a ocho semanas.<\/p>\n<p> A sus 94 a\u00f1os, Clive Davis sigue siendo una de las figuras m\u00e1s activas y respetadas de la industria musical.<\/p>\n<p> Este art\u00edculo se public\u00f3 originalmente en Men&#039;s Journal el 30 de mayo de 2026, en la secci\u00f3n de Noticias. A\u00f1ade Men&#039;s Journal a tu lista de fuentes preferidas haciendo clic aqu\u00ed.<\/p>","protected":false},"excerpt":{"rendered":"<p>Clive Davis, el hombre que marc\u00f3 el sonido de la m\u00fasica estadounidense durante m\u00e1s de seis d\u00e9cadas, se encuentra hospitalizado, seg\u00fan informa TMZ. El magnate de la m\u00fasica, de 94 a\u00f1os, estaba\u2026<\/p>","protected":false},"author":1,"featured_media":2382,"comment_status":"open","ping_status":"closed","sticky":false,"template":"","format":"standard","meta":{"footnotes":""},"categories":[7],"tags":[],"class_list":["post-2381","post","type-post","status-publish","format-standard","has-post-thumbnail","hentry","category-muzyka","hvn-theme-has-thumbnail"],"_links":{"self":[{"href":"https:\/\/imgist.ru\/es\/wp-json\/wp\/v2\/posts\/2381","targetHints":{"allow":["GET"]}}],"collection":[{"href":"https:\/\/imgist.ru\/es\/wp-json\/wp\/v2\/posts"}],"about":[{"href":"https:\/\/imgist.ru\/es\/wp-json\/wp\/v2\/types\/post"}],"author":[{"embeddable":true,"href":"https:\/\/imgist.ru\/es\/wp-json\/wp\/v2\/users\/1"}],"replies":[{"embeddable":true,"href":"https:\/\/imgist.ru\/es\/wp-json\/wp\/v2\/comments?post=2381"}],"version-history":[{"count":0,"href":"https:\/\/imgist.ru\/es\/wp-json\/wp\/v2\/posts\/2381\/revisions"}],"wp:featuredmedia":[{"embeddable":true,"href":"https:\/\/imgist.ru\/es\/wp-json\/wp\/v2\/media\/2382"}],"wp:attachment":[{"href":"https:\/\/imgist.ru\/es\/wp-json\/wp\/v2\/media?parent=2381"}],"wp:term":[{"taxonomy":"category","embeddable":true,"href":"https:\/\/imgist.ru\/es\/wp-json\/wp\/v2\/categories?post=2381"},{"taxonomy":"post_tag","embeddable":true,"href":"https:\/\/imgist.ru\/es\/wp-json\/wp\/v2\/tags?post=2381"}],"curies":[{"name":"wp","href":"https:\/\/api.w.org\/{rel}","templated":true}]}}